{"id":6515,"date":"2025-03-19T13:50:32","date_gmt":"2025-03-19T12:50:32","guid":{"rendered":"https:\/\/cafeprensa.com.ar\/?p=6515"},"modified":"2025-03-19T13:50:58","modified_gmt":"2025-03-19T12:50:58","slug":"congreso-del-pj-manifesto-su-rechazo-al-dnu-del-fmi","status":"publish","type":"post","link":"https:\/\/cafeprensa.com.ar\/index.php\/2025\/03\/19\/congreso-del-pj-manifesto-su-rechazo-al-dnu-del-fmi\/","title":{"rendered":"Congreso del PJ manifest\u00f3 su rechazo al DNU del FMI"},"content":{"rendered":"<header class=\"news-headline\">\n<p class=\"news-headline__title\">El <strong>Consejo Nacional del Partido Justicialista (PJ)<\/strong>\u00a0rechaz\u00f3 este martes el DNU 179\/25 donde el presidente Javier Milei se autoriza llevar a cabo un acuerdo con el Fondo Monetario Internacional (FMI) que est\u00e1 tratando en el\u00a0<a href=\"https:\/\/www.ambito.com\/politica\/en-medio-un-escandalo-se-puso-marcha-el-debate-comision-el-acuerdo-el-fmi-n6124840\" target=\"_blank\" rel=\"follow noopener\">Congreso<\/a> esta semana. Lo acusa de violar la ley y de presionar a los legisladores para no rechazar el decreto. \u00ab<strong>El Partido Justicialista Nacional rechaza en todos sus t\u00e9rminos el DNU 179\/25<\/strong>\u00a0y cualquier operaci\u00f3n de cr\u00e9dito con el Fondo Monetario Internacional que se realice violando el sistema normativo nacional y a espaldas del pueblo argentino\u00bb, afirma el comunicado del\u00a0<strong>PJ<\/strong>.<\/p>\n<\/header>\n<article class=\"article-body article-body--first-paragraph content-protected-false\" data-td-script-src=\"https:\/\/www.ambito.com\/td\/modulos\/encuestas\/js\/function-embeds-min-version-1742270959.js\"><img loading=\"lazy\" decoding=\"async\" class=\"alignnone wp-image-6516 size-full\" src=\"https:\/\/cafeprensa.com.ar\/wp-content\/uploads\/2025\/03\/pj-dnu-fmi-1jpeg.webp\" alt=\"\" width=\"655\" height=\"368\" srcset=\"https:\/\/cafeprensa.com.ar\/wp-content\/uploads\/2025\/03\/pj-dnu-fmi-1jpeg.webp 655w, https:\/\/cafeprensa.com.ar\/wp-content\/uploads\/2025\/03\/pj-dnu-fmi-1jpeg-300x169.webp 300w, https:\/\/cafeprensa.com.ar\/wp-content\/uploads\/2025\/03\/pj-dnu-fmi-1jpeg-390x220.webp 390w\" sizes=\"auto, (max-width: 655px) 100vw, 655px\" \/><\/p>\n<p><strong>El Consejo Nacional de PJ se reuni\u00f3 este martes de manera urgente en la sede nacional de la calle Matheu, convocado por su presidenta Cristina Fern\u00e1ndez de Kirchner.<\/strong>\u00a0En el comunicado acusan al Presidente de violar la<a href=\"https:\/\/www.ambito.com\/politica\/el-dnu-el-acuerdo-el-fmi-se-expone-una-guerra-juridica-su-validez-n6124052\" target=\"_blank\" rel=\"follow noopener\">\u00a0Ley 27.612 de \u201cFortalecimiento de la Sostenibilidad de la Deuda P\u00fablica\u201d<\/a>.<\/p>\n<\/article>\n<article class=\"article-body article-body--fourth-paragraph content-protected-false\">\n<div id=\"embed4953_wrap\" class=\"embed_cont type_freetext\" contenteditable=\"false\" data-provider=\"Twitter\">\n<div id=\"embed4953_content\" class=\"embed_content\">\n<div id=\"embed4953_embed\">\n<div class=\"twitter-tweet twitter-tweet-rendered\"><iframe id=\"twitter-widget-0\" class=\"\" title=\"X Post\" src=\"https:\/\/platform.twitter.com\/embed\/Tweet.html?creatorScreenName=Ambitocom&amp;dnt=false&amp;embedId=twitter-widget-0&amp;features=eyJ0ZndfdGltZWxpbmVfbGlzdCI6eyJidWNrZXQiOltdLCJ2ZXJzaW9uIjpudWxsfSwidGZ3X2ZvbGxvd2VyX2NvdW50X3N1bnNldCI6eyJidWNrZXQiOnRydWUsInZlcnNpb24iOm51bGx9LCJ0ZndfdHdlZXRfZWRpdF9iYWNrZW5kIjp7ImJ1Y2tldCI6Im9uIiwidmVyc2lvbiI6bnVsbH0sInRmd19yZWZzcmNfc2Vzc2lvbiI6eyJidWNrZXQiOiJvbiIsInZlcnNpb24iOm51bGx9LCJ0ZndfZm9zbnJfc29mdF9pbnRlcnZlbnRpb25zX2VuYWJsZWQiOnsiYnVja2V0Ijoib24iLCJ2ZXJzaW9uIjpudWxsfSwidGZ3X21peGVkX21lZGlhXzE1ODk3Ijp7ImJ1Y2tldCI6InRyZWF0bWVudCIsInZlcnNpb24iOm51bGx9LCJ0ZndfZXhwZXJpbWVudHNfY29va2llX2V4cGlyYXRpb24iOnsiYnVja2V0IjoxMjA5NjAwLCJ2ZXJzaW9uIjpudWxsfSwidGZ3X3Nob3dfYmlyZHdhdGNoX3Bpdm90c19lbmFibGVkIjp7ImJ1Y2tldCI6Im9uIiwidmVyc2lvbiI6bnVsbH0sInRmd19kdXBsaWNhdGVfc2NyaWJlc190b19zZXR0aW5ncyI6eyJidWNrZXQiOiJvbiIsInZlcnNpb24iOm51bGx9LCJ0ZndfdXNlX3Byb2ZpbGVfaW1hZ2Vfc2hhcGVfZW5hYmxlZCI6eyJidWNrZXQiOiJvbiIsInZlcnNpb24iOm51bGx9LCJ0ZndfdmlkZW9faGxzX2R5bmFtaWNfbWFuaWZlc3RzXzE1MDgyIjp7ImJ1Y2tldCI6InRydWVfYml0cmF0ZSIsInZlcnNpb24iOm51bGx9LCJ0ZndfbGVnYWN5X3RpbWVsaW5lX3N1bnNldCI6eyJidWNrZXQiOnRydWUsInZlcnNpb24iOm51bGx9LCJ0ZndfdHdlZXRfZWRpdF9mcm9udGVuZCI6eyJidWNrZXQiOiJvbiIsInZlcnNpb24iOm51bGx9fQ%3D%3D&amp;frame=false&amp;hideCard=false&amp;hideThread=false&amp;id=1902126821497270296&amp;lang=es&amp;origin=https%3A%2F%2Fwww.ambito.com%2Fpolitica%2Fcongreso-del-pj-manifesto-su-rechazo-al-dnu-del-fmi-se-da-espaldas-del-pueblo-argentino-n6124897&amp;sessionId=98516459e1ebc798c31c8a5a11600e492b95ba0f&amp;siteScreenName=Ambitocom&amp;theme=light&amp;widgetsVersion=2615f7e52b7e0%3A1702314776716&amp;width=550px\" frameborder=\"0\" scrolling=\"no\" allowfullscreen=\"allowfullscreen\" data-tweet-id=\"1902126821497270296\" data-mce-fragment=\"1\"><\/iframe><\/div>\n<\/div>\n<\/div>\n<\/div>\n<p>La llamada\u00a0<strong>\u00abLey Guzm\u00e1n\u00bb<\/strong>\u00a0tiene 5 art\u00edculos, pero en el segundo establece que\u00a0<strong>\u201cque todo programa de financiamiento u operaci\u00f3n de cr\u00e9dito p\u00fablico realizados con el Fondo Monetario Internacional (FMI), as\u00ed como tambi\u00e9n cualquier ampliaci\u00f3n de los montos de esos programas u operaciones, requerir\u00e1 de una ley del Honorable Congreso de la Naci\u00f3n que lo apruebe expresamente\u201d<\/strong>.<\/p>\n<\/article>\n<article class=\"article-body article-body--remaining-paragraph content-protected-false\"><strong>Tratamiento \u00abbajo presiones y apuradas\u00bb<\/strong>En el comunicado,\u00a0<strong>el PJ acusa al Gobierno de dar tratamiento \u00abbajo presiones y apuradas\u00bb un DNU\u00a0<\/strong>donde el el Presidente de la Naci\u00f3n se autoriza a s\u00ed mismo para avanzar unilateralmente hacia un nuevo acuerdo con el Fondo Monetario Internacional sin que se conozcan monto, tasa de inter\u00e9s fijada, fechas de vencimiento, ni ninguna de las condicionalidades pactadas\u00bb. Adem\u00e1s, advierte a los<strong>\u00a0diputados y senadores nacionales<\/strong>\u00a0que de aprobar este DNU \u00able estar\u00edan confiriendo a Javier Milei las &#8216;facultades extraordinarias&#8217; que son fulminadas con nulidad insanable y absoluta por el Art. 29 de la Constituci\u00f3n Nacional\u00bb.<\/p>\n<div id=\"8051831-Libre-1675338452_wrap\" class=\"embed_cont type_imagen\" contenteditable=\"false\">\n<div id=\"8051831-Libre-1675338452_content\" class=\"embed_content\"><img decoding=\"async\" id=\"8051831-Libre-1675338452_embed\" title=\"El Consejo Nacional de PJ se reuni&amp;oacute; este martes de manera urgente en la sede nacional de la calle Matheu, convocado por su presidenta Cristina Fern&amp;aacute;ndez de Kirchner.\" src=\"https:\/\/media.ambito.com\/p\/892e9e67ab790a9276301b80ea1cad36\/adjuntos\/239\/imagenes\/042\/272\/0042272691\/730x0\/smart\/pj-dnu-fmi-2jpeg.jpeg\" alt=\"El Consejo Nacional de PJ se reuni&amp;oacute; este martes de manera urgente en la sede nacional de la calle Matheu, convocado por su presidenta Cristina Fern&amp;aacute;ndez de Kirchner.\" width=\"730\" height=\"undefined\" data-td-src-property=\"https:\/\/media.ambito.com\/p\/892e9e67ab790a9276301b80ea1cad36\/adjuntos\/239\/imagenes\/042\/272\/0042272691\/730x0\/smart\/pj-dnu-fmi-2jpeg.jpeg\" \/><\/div>\n<div id=\"8051831-Libre-1675338452_epigrafe\" class=\"embed_epigrafe\">\n<p>El Consejo Nacional de PJ se reuni\u00f3 este martes de manera urgente en la sede nacional de la calle Matheu, convocado por su presidenta Cristina Fern\u00e1ndez de Kirchner.<\/p>\n<\/div>\n<\/div>\n<p><strong>FMI: acuerdo La Libertad Avanza-PRO por autoridades de bicameral de DNU<\/strong><\/p>\n<p><strong>La Libertad Avanza<\/strong>\u00a0y el\u00a0<strong>PRO<\/strong>\u00a0alcanzaron un principio de acuerdo para ratificar al senador riojano Juan Carlos Pagotto como titular de la comisi\u00f3n bicameral de seguimiento de tr\u00e1mite legislativo donde esta tarde se buscar\u00e1 emitir dictamen sobre el DNU de Javier Milei que\u00a0<a href=\"https:\/\/www.ambito.com\/politica\/javier-milei-firmo-el-dnu-que-habilita-el-acuerdo-el-fmi-n6121891\" target=\"_blank\" rel=\"follow noopener\">habilita un nuevo endeudamiento con el Fondo Monetario Internacional (FMI)<\/a>. La vice, seg\u00fan pudo saber \u00c1mbito, quedar\u00eda a cargo de Diego Santilli, uno de los diputados nacionales del macrismo m\u00e1s cercanos a las fuerzas del cielo quien este lunes fue recibido por el Presidente y su hermana Karina Milei en Casa Rosada. <strong>La eventual ratificaci\u00f3n de Pagotto al frente de esta comisi\u00f3n integrada por ocho diputados y ocho senadores nacionales no es improvisada. En el debate de esta tarde de la bicameral, los n\u00fameros est\u00e1n justos y hay dudas sobre el voto de Francisco Paoltroni, un exlibertario expulsado del bloque oficialista por su rechazo al pliego de Ariel Lijo y su trabajo en t\u00e1ndem con Victoria Villarruel.<\/strong> Si Paoltroni firma el dictamen de rechazo del DNU, los n\u00fameros podr\u00edan quedar empatados en ocho y\u00a0<strong>el presidente de la comisi\u00f3n ser\u00e1 el encargado de desempatar.<\/strong><\/p>\n<\/article>\n","protected":false},"excerpt":{"rendered":"<p>El Consejo Nacional del Partido Justicialista (PJ)\u00a0rechaz\u00f3 este martes el DNU 179\/25 donde el presidente Javier Milei se autoriza llevar a cabo un acuerdo con el Fondo Monetario Internacional (FMI) que est\u00e1 tratando en el\u00a0Congreso esta semana. Lo acusa de violar la ley y de presionar a los legisladores para no rechazar el decreto. \u00abEl &hellip;<\/p>\n","protected":false},"author":2,"featured_media":6517,"comment_status":"open","ping_status":"open","sticky":false,"template":"","format":"standard","meta":{"footnotes":""},"categories":[33,25],"tags":[102,122,249,121],"class_list":["post-6515","post","type-post","status-publish","format-standard","has-post-thumbnail","hentry","category-nacionales","category-politica","tag-congreso","tag-cristina","tag-diputados","tag-pj"],"_links":{"self":[{"href":"https:\/\/cafeprensa.com.ar\/index.php\/wp-json\/wp\/v2\/posts\/6515","targetHints":{"allow":["GET"]}}],"collection":[{"href":"https:\/\/cafeprensa.com.ar\/index.php\/wp-json\/wp\/v2\/posts"}],"about":[{"href":"https:\/\/cafeprensa.com.ar\/index.php\/wp-json\/wp\/v2\/types\/post"}],"author":[{"embeddable":true,"href":"https:\/\/cafeprensa.com.ar\/index.php\/wp-json\/wp\/v2\/users\/2"}],"replies":[{"embeddable":true,"href":"https:\/\/cafeprensa.com.ar\/index.php\/wp-json\/wp\/v2\/comments?post=6515"}],"version-history":[{"count":2,"href":"https:\/\/cafeprensa.com.ar\/index.php\/wp-json\/wp\/v2\/posts\/6515\/revisions"}],"predecessor-version":[{"id":6519,"href":"https:\/\/cafeprensa.com.ar\/index.php\/wp-json\/wp\/v2\/posts\/6515\/revisions\/6519"}],"wp:featuredmedia":[{"embeddable":true,"href":"https:\/\/cafeprensa.com.ar\/index.php\/wp-json\/wp\/v2\/media\/6517"}],"wp:attachment":[{"href":"https:\/\/cafeprensa.com.ar\/index.php\/wp-json\/wp\/v2\/media?parent=6515"}],"wp:term":[{"taxonomy":"category","embeddable":true,"href":"https:\/\/cafeprensa.com.ar\/index.php\/wp-json\/wp\/v2\/categories?post=6515"},{"taxonomy":"post_tag","embeddable":true,"href":"https:\/\/cafeprensa.com.ar\/index.php\/wp-json\/wp\/v2\/tags?post=6515"}],"curies":[{"name":"wp","href":"https:\/\/api.w.org\/{rel}","templated":true}]}}