{"id":6520,"date":"2025-03-19T14:00:52","date_gmt":"2025-03-19T13:00:52","guid":{"rendered":"https:\/\/cafeprensa.com.ar\/?p=6520"},"modified":"2025-03-19T14:00:52","modified_gmt":"2025-03-19T13:00:52","slug":"detuvieron-a-un-barra-de-all-boys-acusado-de-incendiar-el-patrullero-en-la-marcha-al-congreso","status":"publish","type":"post","link":"https:\/\/cafeprensa.com.ar\/index.php\/2025\/03\/19\/detuvieron-a-un-barra-de-all-boys-acusado-de-incendiar-el-patrullero-en-la-marcha-al-congreso\/","title":{"rendered":"Detuvieron a un barra de All Boys acusado de incendiar el patrullero en la marcha al Congreso"},"content":{"rendered":"<div class=\"content-article-title\">\n<div class=\"wrapper-layout center-content center_story max-width\">\n<div class=\"col-content\">\n<p class=\"article__title font__display\"><span style=\"font-size: 12pt;\">La polic\u00eda de la Ciudad lo sorprendio en su casa de Floresta y la Justicia lo identific\u00f3 como barrabrava de All Boys.<\/span><\/p>\n<\/div>\n<\/div>\n<\/div>\n<div class=\"common-layout wrapper-layout center-content center_story max-width story article\">\n<div class=\"col-content\"><main class=\"col-content\"><\/p>\n<div class=\"default-article-color article__body article__article\">\n<p class=\"paragraph font__body-regular\">Un barra de All Boys fue detenido como\u00a0<b>uno de los responsables del incendio del patrullero\u00a0<\/b>durante\u00a0<a href=\"https:\/\/tn.com.ar\/politica\/2025\/03\/19\/el-gobierno-ofrece-10-millones-de-recompensa-por-identificar-a-los-autores-de-los-disturbios-en-el-congreso\/\" target=\"_blank\" rel=\"noopener\">la marcha que se realiz\u00f3 el mi\u00e9rcoles 12 de marzo frente al Congreso de la Naci\u00f3n.<\/a>\u00a0Se llama\u00a0<b>Fernando David Yurquina<\/b>, aunque en las redes se presenta como Eric Morales, y la Polic\u00eda de la Ciudad de Buenos Aires lo se\u00f1al\u00f3 como barrabrava del Club Atl\u00e9tico All Boys.<\/p>\n<p><img loading=\"lazy\" decoding=\"async\" class=\"alignnone wp-image-6522 size-large\" src=\"https:\/\/cafeprensa.com.ar\/wp-content\/uploads\/2025\/03\/detenido-congresojpeg-944x1024.webp\" alt=\"\" width=\"944\" height=\"1024\" srcset=\"https:\/\/cafeprensa.com.ar\/wp-content\/uploads\/2025\/03\/detenido-congresojpeg-944x1024.webp 944w, https:\/\/cafeprensa.com.ar\/wp-content\/uploads\/2025\/03\/detenido-congresojpeg-276x300.webp 276w, https:\/\/cafeprensa.com.ar\/wp-content\/uploads\/2025\/03\/detenido-congresojpeg-768x833.webp 768w, https:\/\/cafeprensa.com.ar\/wp-content\/uploads\/2025\/03\/detenido-congresojpeg.webp 1200w\" sizes=\"auto, (max-width: 944px) 100vw, 944px\" \/><\/p>\n<p class=\"paragraph font__body-regular\">Yurquina fue identificado a trav\u00e9s de las im\u00e1genes y los videos que se difundieron en las redes y los portales de noticias. La jueza\u00a0<b>Karina Andrade\u00a0<\/b>solicit\u00f3 la orden de allanamiento y posterior detenci\u00f3n de Yurquina, quien fue aprehendido en el barrio porte\u00f1o de Floresta. En la casa de Yurquina tambi\u00e9n encontraron la ropa que utiliz\u00f3 el d\u00eda de la marcha, la cual sirvi\u00f3 para identificarlo. En su cuenta de Facebook, el detenido hab\u00eda escrito: \u201cYo calculo que\u00a0<b>me deben estar buscando por lo de la marcha<\/b>, que es reciente. Salgo en varios videos bardeando\u201d.<\/p>\n<p class=\"paragraph font__body-regular\">Yurquina no solo se ri\u00f3 en sus redes de lo sucedido sino que comparti\u00f3 fotos con otros hinchas de All Boys y hasta una selfie con un hincha de Nueva Chicago, sobre la que escribi\u00f3:\u00a0<b>\u201cNos aliamos con el amigo e hicimos desastre\u201d.<\/b><\/p>\n<figure class=\"\" data-testid=\"figure-testid\">\n<div class=\"aspect_ratio__container\"><picture class=\"responsive-image\"><source srcset=\"https:\/\/tn.com.ar\/resizer\/v2\/una-de-las-imagenes-aportadas-por-la-justicia-ubica-a-yurquina-en-el-lugar-foto-policia-de-la-ciudad-de-buenos-aires-G4FUQJE4DBCDFGAHGHPCFZGMZA.jpeg?auth=b222166dd447304d2c08c03abbe3ed27825e48f8859020f3d8124bc160798b57&amp;width=767\" type=\"image\/jpg\" media=\"(max-width: 728px)\" \/><source srcset=\"https:\/\/tn.com.ar\/resizer\/v2\/una-de-las-imagenes-aportadas-por-la-justicia-ubica-a-yurquina-en-el-lugar-foto-policia-de-la-ciudad-de-buenos-aires-G4FUQJE4DBCDFGAHGHPCFZGMZA.jpeg?auth=b222166dd447304d2c08c03abbe3ed27825e48f8859020f3d8124bc160798b57&amp;width=1023\" type=\"image\/jpg\" media=\"(max-width: 1023px)\" \/><source srcset=\"https:\/\/tn.com.ar\/resizer\/v2\/una-de-las-imagenes-aportadas-por-la-justicia-ubica-a-yurquina-en-el-lugar-foto-policia-de-la-ciudad-de-buenos-aires-G4FUQJE4DBCDFGAHGHPCFZGMZA.jpeg?auth=b222166dd447304d2c08c03abbe3ed27825e48f8859020f3d8124bc160798b57&amp;width=1440\" type=\"image\/jpg\" \/><img loading=\"lazy\" decoding=\"async\" class=\"image content-image image_placeholder\" src=\"https:\/\/tn.com.ar\/resizer\/v2\/una-de-las-imagenes-aportadas-por-la-justicia-ubica-a-yurquina-en-el-lugar-foto-policia-de-la-ciudad-de-buenos-aires-G4FUQJE4DBCDFGAHGHPCFZGMZA.jpeg?auth=b222166dd447304d2c08c03abbe3ed27825e48f8859020f3d8124bc160798b57&amp;width=767\" alt=\"Una de las im\u00e1genes aportadas por la Justicia ubica a Yurquina en el lugar (Foto: Polic\u00eda de la Ciudad de Buenos Aires).\" width=\"767\" height=\"1074\" data-testid=\"loading-testid\" \/><\/picture><\/div><figcaption class=\"caption_image\" data-testid=\"figcaption-testid\">\n<div class=\"image_caption \"><span style=\"font-size: 8pt;\"><strong>Una de las im\u00e1genes aportadas por la Justicia ubica a Yurquina en el lugar (Foto: Polic\u00eda de la Ciudad de Buenos Aires).<\/strong><\/span><\/div>\n<\/figcaption><\/figure>\n<\/div>\n<p><\/main><\/div>\n<\/div>\n","protected":false},"excerpt":{"rendered":"<p>La polic\u00eda de la Ciudad lo sorprendio en su casa de Floresta y la Justicia lo identific\u00f3 como barrabrava de All Boys. Un barra de All Boys fue detenido como\u00a0uno de los responsables del incendio del patrullero\u00a0durante\u00a0la marcha que se realiz\u00f3 el mi\u00e9rcoles 12 de marzo frente al Congreso de la Naci\u00f3n.\u00a0Se llama\u00a0Fernando David Yurquina, &hellip;<\/p>\n","protected":false},"author":2,"featured_media":6521,"comment_status":"open","ping_status":"open","sticky":false,"template":"","format":"standard","meta":{"footnotes":""},"categories":[54,33],"tags":[1601,102,1600,121],"class_list":["post-6520","post","type-post","status-publish","format-standard","has-post-thumbnail","hentry","category-interes-ganeral","category-nacionales","tag-barras-bravas","tag-congreso","tag-patrullero","tag-pj"],"_links":{"self":[{"href":"https:\/\/cafeprensa.com.ar\/index.php\/wp-json\/wp\/v2\/posts\/6520","targetHints":{"allow":["GET"]}}],"collection":[{"href":"https:\/\/cafeprensa.com.ar\/index.php\/wp-json\/wp\/v2\/posts"}],"about":[{"href":"https:\/\/cafeprensa.com.ar\/index.php\/wp-json\/wp\/v2\/types\/post"}],"author":[{"embeddable":true,"href":"https:\/\/cafeprensa.com.ar\/index.php\/wp-json\/wp\/v2\/users\/2"}],"replies":[{"embeddable":true,"href":"https:\/\/cafeprensa.com.ar\/index.php\/wp-json\/wp\/v2\/comments?post=6520"}],"version-history":[{"count":2,"href":"https:\/\/cafeprensa.com.ar\/index.php\/wp-json\/wp\/v2\/posts\/6520\/revisions"}],"predecessor-version":[{"id":6524,"href":"https:\/\/cafeprensa.com.ar\/index.php\/wp-json\/wp\/v2\/posts\/6520\/revisions\/6524"}],"wp:featuredmedia":[{"embeddable":true,"href":"https:\/\/cafeprensa.com.ar\/index.php\/wp-json\/wp\/v2\/media\/6521"}],"wp:attachment":[{"href":"https:\/\/cafeprensa.com.ar\/index.php\/wp-json\/wp\/v2\/media?parent=6520"}],"wp:term":[{"taxonomy":"category","embeddable":true,"href":"https:\/\/cafeprensa.com.ar\/index.php\/wp-json\/wp\/v2\/categories?post=6520"},{"taxonomy":"post_tag","embeddable":true,"href":"https:\/\/cafeprensa.com.ar\/index.php\/wp-json\/wp\/v2\/tags?post=6520"}],"curies":[{"name":"wp","href":"https:\/\/api.w.org\/{rel}","templated":true}]}}