{"id":6546,"date":"2025-03-20T11:30:25","date_gmt":"2025-03-20T10:30:25","guid":{"rendered":"https:\/\/cafeprensa.com.ar\/?p=6546"},"modified":"2025-03-20T11:30:35","modified_gmt":"2025-03-20T10:30:35","slug":"el-estado-tiene-la-obligacion-de-equilibrar","status":"publish","type":"post","link":"https:\/\/cafeprensa.com.ar\/index.php\/2025\/03\/20\/el-estado-tiene-la-obligacion-de-equilibrar\/","title":{"rendered":"\u00abEl Estado tiene la obligacion de equilibrar\u00bb"},"content":{"rendered":"<p class=\"description separatorlines\">La legisladora <strong>Silvia Elias de Perez<\/strong> expres\u00f3 su preocupaci\u00f3n por la situaci\u00f3n actual de Argentina, especialmente por los problemas sociales, econ\u00f3micos y pol\u00edticos que enfrenta el pa\u00eds. Entre los temas destacados la legisladora hizo referencia a la marcha de los jubilados, la represi\u00f3n de las manifestaciones y los ajustes econ\u00f3micos del gobierno, as\u00ed como las propuestas de <strong>Milei en \u00e1reas clave como la educaci\u00f3n y la ciencia.<\/strong><\/p>\n<div class=\"at-vc\">\n<div id=\"vsmcontent\" class=\"content vsmcontent\">\n<p data-start=\"491\" data-end=\"786\"><b>El\u00edas de P\u00e9rez<\/b> mostr\u00f3 su desacuerdo con la creciente represi\u00f3n de las protestas, calific\u00e1ndola como peligrosa y criticando la idea de usar la fuerza estatal de manera desmedida. Adem\u00e1s,destac\u00f3 la importancia de que el gobierno act\u00fae para asegurar la paz social, pero sin incitar a la violencia.\u00a0<strong><span class=\"highlight\">\u00abMe preocupa lo que vine y lo que esta pasando, el Estado tiene la obligacion de equilibrar, no hacer de la represion una bandera\u00bb<\/span>,<\/strong> expres\u00f3.<\/p>\n<p data-start=\"491\" data-end=\"786\"><img loading=\"lazy\" decoding=\"async\" class=\"alignnone wp-image-6548 size-full\" src=\"https:\/\/cafeprensa.com.ar\/wp-content\/uploads\/2025\/03\/600x400_silvia-elas-de-prez-1017530-142024.webp\" alt=\"\" width=\"600\" height=\"400\" srcset=\"https:\/\/cafeprensa.com.ar\/wp-content\/uploads\/2025\/03\/600x400_silvia-elas-de-prez-1017530-142024.webp 600w, https:\/\/cafeprensa.com.ar\/wp-content\/uploads\/2025\/03\/600x400_silvia-elas-de-prez-1017530-142024-300x200.webp 300w\" sizes=\"auto, (max-width: 600px) 100vw, 600px\" \/><\/p>\n<p data-start=\"788\" data-end=\"1151\">En cuanto a la<strong> gesti\u00f3n de Javier Milei<\/strong> la legisladora apoy\u00f3 algunas medidas econ\u00f3micas, como la reducci\u00f3n de la inflaci\u00f3n, pero se mostr\u00f3 firmemente en contra de los recortes en educaci\u00f3n, ciencia y la atenci\u00f3n a los jubilados. En este contexto, tambi\u00e9n expres\u00f3 su preocupaci\u00f3n por el uso de la fuerza estatal en temas de seguridad. Respecto a la situaci\u00f3n en Tucum\u00e1n,\u00a0<span class=\"highlight\"><strong>El\u00edas de P\u00e9rez<\/strong> respald\u00f3 al gobernador Jaldo frente a las amenazas recientes, subrayando que la lucha contra el narcotr\u00e1fico debe ser una prioridad sin fisuras.<\/span>\u00a0Tambi\u00e9n critic\u00f3 la intervenci\u00f3n del Comit\u00e9 Nacional en la Uni\u00f3n C\u00edvica Radical de Tucum\u00e1n y asegur\u00f3 que <strong>\u00aben su partido, es fundamental mantener la coherencia y el respeto por las promesas hechas a la sociedad\u00bb.<\/strong><\/p>\n<p data-start=\"1153\" data-end=\"1558\"><img loading=\"lazy\" decoding=\"async\" class=\"alignnone wp-image-6549 size-full\" src=\"https:\/\/cafeprensa.com.ar\/wp-content\/uploads\/2025\/03\/600x400_radical-legisladora-silvia-elias-perez-1015737-160349.webp\" alt=\"\" width=\"600\" height=\"400\" srcset=\"https:\/\/cafeprensa.com.ar\/wp-content\/uploads\/2025\/03\/600x400_radical-legisladora-silvia-elias-perez-1015737-160349.webp 600w, https:\/\/cafeprensa.com.ar\/wp-content\/uploads\/2025\/03\/600x400_radical-legisladora-silvia-elias-perez-1015737-160349-300x200.webp 300w\" sizes=\"auto, (max-width: 600px) 100vw, 600px\" \/><\/p>\n<p data-start=\"1560\" data-end=\"1885\">Finalmente, <strong>El\u00edas de P\u00e9rez destac\u00f3 su rol en la Comisi\u00f3n de Ciencia y Tecnolog\u00eda<\/strong> y su compromiso con el desarrollo de la ciencia y la innovaci\u00f3n en Tucum\u00e1n, adem\u00e1s de asegurar que sus planes legislativos incluyen la presentaci\u00f3n de un paquete de normas para combatir la corrupci\u00f3n y mejorar la transparencia.<strong> La legisladora dej\u00f3 claro que su enfoque sigue siendo trabajar por el bienestar de los tucumanos y continuar defendiendo los principios por los que fue elegida, a pesar de las controversias pol\u00edticas actuales<\/strong><\/p>\n<\/div>\n<\/div>\n","protected":false},"excerpt":{"rendered":"<p>La legisladora Silvia Elias de Perez expres\u00f3 su preocupaci\u00f3n por la situaci\u00f3n actual de Argentina, especialmente por los problemas sociales, econ\u00f3micos y pol\u00edticos que enfrenta el pa\u00eds. Entre los temas destacados la legisladora hizo referencia a la marcha de los jubilados, la represi\u00f3n de las manifestaciones y los ajustes econ\u00f3micos del gobierno, as\u00ed como las &hellip;<\/p>\n","protected":false},"author":2,"featured_media":6547,"comment_status":"open","ping_status":"open","sticky":false,"template":"","format":"standard","meta":{"footnotes":""},"categories":[34,25],"tags":[93,1605,110],"class_list":["post-6546","post","type-post","status-publish","format-standard","has-post-thumbnail","hentry","category-locales","category-politica","tag-legisladora","tag-silvia-elias","tag-ucr"],"_links":{"self":[{"href":"https:\/\/cafeprensa.com.ar\/index.php\/wp-json\/wp\/v2\/posts\/6546","targetHints":{"allow":["GET"]}}],"collection":[{"href":"https:\/\/cafeprensa.com.ar\/index.php\/wp-json\/wp\/v2\/posts"}],"about":[{"href":"https:\/\/cafeprensa.com.ar\/index.php\/wp-json\/wp\/v2\/types\/post"}],"author":[{"embeddable":true,"href":"https:\/\/cafeprensa.com.ar\/index.php\/wp-json\/wp\/v2\/users\/2"}],"replies":[{"embeddable":true,"href":"https:\/\/cafeprensa.com.ar\/index.php\/wp-json\/wp\/v2\/comments?post=6546"}],"version-history":[{"count":2,"href":"https:\/\/cafeprensa.com.ar\/index.php\/wp-json\/wp\/v2\/posts\/6546\/revisions"}],"predecessor-version":[{"id":6551,"href":"https:\/\/cafeprensa.com.ar\/index.php\/wp-json\/wp\/v2\/posts\/6546\/revisions\/6551"}],"wp:featuredmedia":[{"embeddable":true,"href":"https:\/\/cafeprensa.com.ar\/index.php\/wp-json\/wp\/v2\/media\/6547"}],"wp:attachment":[{"href":"https:\/\/cafeprensa.com.ar\/index.php\/wp-json\/wp\/v2\/media?parent=6546"}],"wp:term":[{"taxonomy":"category","embeddable":true,"href":"https:\/\/cafeprensa.com.ar\/index.php\/wp-json\/wp\/v2\/categories?post=6546"},{"taxonomy":"post_tag","embeddable":true,"href":"https:\/\/cafeprensa.com.ar\/index.php\/wp-json\/wp\/v2\/tags?post=6546"}],"curies":[{"name":"wp","href":"https:\/\/api.w.org\/{rel}","templated":true}]}}