{"id":6573,"date":"2025-03-21T00:52:56","date_gmt":"2025-03-20T23:52:56","guid":{"rendered":"https:\/\/cafeprensa.com.ar\/?p=6573"},"modified":"2025-03-21T00:52:56","modified_gmt":"2025-03-20T23:52:56","slug":"brasil-ratifico-la-condena-a-darthes-por-violacion","status":"publish","type":"post","link":"https:\/\/cafeprensa.com.ar\/index.php\/2025\/03\/21\/brasil-ratifico-la-condena-a-darthes-por-violacion\/","title":{"rendered":"Brasil ratific\u00f3 la condena a Darth\u00e9s por violaci\u00f3n"},"content":{"rendered":"<p class=\"title\">Deber\u00e1 cumplir seis a\u00f1os de prisi\u00f3n. Cinco de los seis jueces del tribunal fallaron a favor de Thelma Fardin. El actor seguir\u00e1 bajo un r\u00e9gimen semiabierto en Brasil.<\/p>\n<div class=\"at-vc\">\n<div id=\"vsmcontent\" class=\"content vsmcontent\">\n<p data-start=\"301\" data-end=\"628\">La Justicia de Brasil confirm\u00f3 la condena de seis a\u00f1os de prisi\u00f3n a <b>Juan Darth\u00e9s<\/b>\u00a0por violaci\u00f3n, tras la apelaci\u00f3n presentada por su defensa. El fallo fue respaldado por cinco de los seis jueces del tribunal, quienes se pronunciaron a favor de la actriz\u00a0<b>Thelma Fardin<\/b>, seg\u00fan inform\u00f3 la\u00a0<i>Agencia Noticias Argentinas.<\/i><\/p>\n<p data-start=\"301\" data-end=\"628\"><img loading=\"lazy\" decoding=\"async\" class=\"alignnone wp-image-6575 size-full\" src=\"https:\/\/cafeprensa.com.ar\/wp-content\/uploads\/2025\/03\/ratificaron-la-condena-a-juan-darthes-en-brasil-foto-captura-a24-instagram-thelmafardin-CMJWOBEQINHFDPJQT5TZ75424E.avif\" alt=\"\" width=\"767\" height=\"428\" srcset=\"https:\/\/cafeprensa.com.ar\/wp-content\/uploads\/2025\/03\/ratificaron-la-condena-a-juan-darthes-en-brasil-foto-captura-a24-instagram-thelmafardin-CMJWOBEQINHFDPJQT5TZ75424E.avif 767w, https:\/\/cafeprensa.com.ar\/wp-content\/uploads\/2025\/03\/ratificaron-la-condena-a-juan-darthes-en-brasil-foto-captura-a24-instagram-thelmafardin-CMJWOBEQINHFDPJQT5TZ75424E-300x167.avif 300w\" sizes=\"auto, (max-width: 767px) 100vw, 767px\" \/><\/p>\n<p data-start=\"630\" data-end=\"684\"><strong data-start=\"635\" data-end=\"682\">Detalles del fallo y la situaci\u00f3n del actor<\/strong><\/p>\n<p data-start=\"686\" data-end=\"944\">El\u00a0<b>Tribunal Regional Federal<\/b>\u00a0de\u00a0<b>San Pablo<\/b>\u00a0hab\u00eda dictado la sentencia en julio de 2024, imponi\u00e9ndole a Darth\u00e9s un r\u00e9gimen de prisi\u00f3n semiabierto. Esto significa que el actor puede salir a trabajar durante el d\u00eda, pero debe regresar a la c\u00e1rcel por la noche.<\/p>\n<p data-start=\"946\" data-end=\"1112\"><b>Fardin<\/b>\u00a0estuvo presente en la audiencia junto a su asesora,<b>\u00a0Carla Andrade Junqueira<\/b>. Se espera que la actriz haga declaraciones sobre el fallo en sus redes sociales.<\/p>\n<p data-start=\"1114\" data-end=\"1168\"><strong data-start=\"1119\" data-end=\"1166\">La denuncia de Fardin y el proceso judicial<\/strong><\/p>\n<p data-start=\"1170\" data-end=\"1380\">La denuncia de\u00a0<b>Thelma Fardin<\/b> se remonta a 2018, cuando acus\u00f3 a Darth\u00e9s de haberla violado en Nicaragua en 2009, durante una gira de la serie juvenil Patito Feo. En ese entonces, ella ten\u00eda 16 a\u00f1os y \u00e9l, 45. El actor, reconocido por su trabajo en <strong>telenovelas como\u00a0<i>Dulce amor<\/i>\u00a0<\/strong>y\u00a0<i>Los ricos no piden permiso<\/i>, siempre neg\u00f3 las acusaciones. Tras la denuncia, se refugi\u00f3 en Brasil, su pa\u00eds natal, donde enfrent\u00f3 el juicio bajo su legislaci\u00f3n.<\/p>\n<\/div>\n<\/div>\n","protected":false},"excerpt":{"rendered":"<p>Deber\u00e1 cumplir seis a\u00f1os de prisi\u00f3n. Cinco de los seis jueces del tribunal fallaron a favor de Thelma Fardin. El actor seguir\u00e1 bajo un r\u00e9gimen semiabierto en Brasil. La Justicia de Brasil confirm\u00f3 la condena de seis a\u00f1os de prisi\u00f3n a Juan Darth\u00e9s\u00a0por violaci\u00f3n, tras la apelaci\u00f3n presentada por su defensa. El fallo fue respaldado &hellip;<\/p>\n","protected":false},"author":2,"featured_media":6574,"comment_status":"open","ping_status":"open","sticky":false,"template":"","format":"standard","meta":{"footnotes":""},"categories":[35,47],"tags":[1609],"class_list":["post-6573","post","type-post","status-publish","format-standard","has-post-thumbnail","hentry","category-internacionales","category-justicia","tag-juan-darthes"],"_links":{"self":[{"href":"https:\/\/cafeprensa.com.ar\/index.php\/wp-json\/wp\/v2\/posts\/6573","targetHints":{"allow":["GET"]}}],"collection":[{"href":"https:\/\/cafeprensa.com.ar\/index.php\/wp-json\/wp\/v2\/posts"}],"about":[{"href":"https:\/\/cafeprensa.com.ar\/index.php\/wp-json\/wp\/v2\/types\/post"}],"author":[{"embeddable":true,"href":"https:\/\/cafeprensa.com.ar\/index.php\/wp-json\/wp\/v2\/users\/2"}],"replies":[{"embeddable":true,"href":"https:\/\/cafeprensa.com.ar\/index.php\/wp-json\/wp\/v2\/comments?post=6573"}],"version-history":[{"count":1,"href":"https:\/\/cafeprensa.com.ar\/index.php\/wp-json\/wp\/v2\/posts\/6573\/revisions"}],"predecessor-version":[{"id":6576,"href":"https:\/\/cafeprensa.com.ar\/index.php\/wp-json\/wp\/v2\/posts\/6573\/revisions\/6576"}],"wp:featuredmedia":[{"embeddable":true,"href":"https:\/\/cafeprensa.com.ar\/index.php\/wp-json\/wp\/v2\/media\/6574"}],"wp:attachment":[{"href":"https:\/\/cafeprensa.com.ar\/index.php\/wp-json\/wp\/v2\/media?parent=6573"}],"wp:term":[{"taxonomy":"category","embeddable":true,"href":"https:\/\/cafeprensa.com.ar\/index.php\/wp-json\/wp\/v2\/categories?post=6573"},{"taxonomy":"post_tag","embeddable":true,"href":"https:\/\/cafeprensa.com.ar\/index.php\/wp-json\/wp\/v2\/tags?post=6573"}],"curies":[{"name":"wp","href":"https:\/\/api.w.org\/{rel}","templated":true}]}}