{"id":6595,"date":"2025-03-21T12:25:03","date_gmt":"2025-03-21T11:25:03","guid":{"rendered":"https:\/\/cafeprensa.com.ar\/?p=6595"},"modified":"2025-03-21T12:25:03","modified_gmt":"2025-03-21T11:25:03","slug":"quienes-son-los-nuevos-duenos-de-edet","status":"publish","type":"post","link":"https:\/\/cafeprensa.com.ar\/index.php\/2025\/03\/21\/quienes-son-los-nuevos-duenos-de-edet\/","title":{"rendered":"Qui\u00e9nes son los nuevos due\u00f1os de EDET,"},"content":{"rendered":"<p class=\"page-header\">La empresa con las tarifas m\u00e1s caras de la Argentina. <b>Inversores particulares se unieron para crear el grupo Edison Energ\u00eda y comprar energ\u00e9ticas del Interior, decisi\u00f3n que argumentan que tomaron ante la salida de actores internacionales del mercado argentino.<\/b><\/p>\n<p class=\"page-header\"><img loading=\"lazy\" decoding=\"async\" class=\"alignnone wp-image-6597 size-full\" src=\"https:\/\/cafeprensa.com.ar\/wp-content\/uploads\/2025\/03\/926x0_72386_20240313163013.jpg\" alt=\"\" width=\"926\" height=\"402\" srcset=\"https:\/\/cafeprensa.com.ar\/wp-content\/uploads\/2025\/03\/926x0_72386_20240313163013.jpg 926w, https:\/\/cafeprensa.com.ar\/wp-content\/uploads\/2025\/03\/926x0_72386_20240313163013-300x130.jpg 300w, https:\/\/cafeprensa.com.ar\/wp-content\/uploads\/2025\/03\/926x0_72386_20240313163013-768x333.jpg 768w\" sizes=\"auto, (max-width: 926px) 100vw, 926px\" \/><br \/>\nAs\u00ed, esta semana, se quedaron con el control de la<strong> Empresa de Distribuci\u00f3n El\u00e9ctrica de Tucum\u00e1n (Edet), la Empresa Juje\u00f1a de Energ\u00eda (Ejesa), L\u00edneas de Transmisi\u00f3n del Litoral (Litsa)<\/strong> y la generadora hidroel\u00e9ctrica Cempsa en Mendoza. Aseguraron que mantendr\u00e1n la continuidad operativa y preservar\u00e1n las fuentes laborales.<\/p>\n<p>Detr\u00e1s de la apuesta est\u00e1n los hermanos Juan y Patricio Neuss. Son los hijos de la pareja que fue noticia en la pandemia por el crimen del empresario Jorge Neuss, que en 2020 asesin\u00f3 a su esposa, Silvia Saravia de Neuss, y luego se suicid\u00f3 en su casa del country Martindale. <strong>Los herederos y tercera generaci\u00f3n de un imperio que se diversific\u00f3 a lo largo de 120 a\u00f1os al rubro financiero, inmobiliario y energ\u00e9tico se unieron a Inverlat Investments, fondo que integran los socios Carlos Giovanelli, Dami\u00e1n Pozzoli, Guillermo Stanley y Federico Salvai.<\/strong><\/p>\n<p class=\"page-header\"><img loading=\"lazy\" decoding=\"async\" class=\"alignnone wp-image-6598 size-full\" src=\"https:\/\/cafeprensa.com.ar\/wp-content\/uploads\/2025\/03\/calor.jpg\" alt=\"\" width=\"750\" height=\"400\" srcset=\"https:\/\/cafeprensa.com.ar\/wp-content\/uploads\/2025\/03\/calor.jpg 750w, https:\/\/cafeprensa.com.ar\/wp-content\/uploads\/2025\/03\/calor-300x160.jpg 300w\" sizes=\"auto, (max-width: 750px) 100vw, 750px\" \/><br \/>\nEste \u00faltimo fue jefe de Gabinete de Mar\u00eda Eugenia Vidal en el final de su gobernaci\u00f3n de la provincia de Buenos Aires y los dem\u00e1s tienen trayectoria en el mundo financiero: pasaron por Citibank Argentina, Deutsche Bank, Banco Patagonia y AmCham, entre otras entidades.<br \/>\n<strong>Son los due\u00f1os de Havanna, Fenoglio, Desarrollos Gastron\u00f3micos SA (Degasa) \u2013que opera las master franquicias de KFC y Wendy\u2019s\u2013, la firma de indumentaria de surf Reef y la imprenta de seguridad ICSA, entre otras.<\/strong><\/p>\n<p>Tambi\u00e9n participan a t\u00edtulo individual Rub\u00e9n Cher\u00f1ajovsky, due\u00f1o del grupo pesquero y fabricante de electrodom\u00e9sticos Newsan; y Luis Galli, su CEO. En julio, el holding compr\u00f3 la filial de la multinacional de consumo masivo estadounidense Procter &amp; Gamble y se meti\u00f3 en esta industria. <strong>Edison Energ\u00eda adelant\u00f3 que realizar\u00e1 una inversi\u00f3n en infraestructura energ\u00e9tica, con un plan de m\u00e1s de US$ 300 millones en los pr\u00f3ximos cinco a\u00f1os orientado a la distribuci\u00f3n y el transporte el\u00e9ctrico.<\/strong><br \/>\nAl respecto, explic\u00f3 que la transacci\u00f3n busca <strong>\u201cfortalecer la presencia regional del grupo, optimizar la gesti\u00f3n operativa y garantizar un suministro el\u00e9ctrico eficiente y sustentable del servicio a usuarios en provincias clave como Jujuy, Tucum\u00e1n y Mendoza, apostando adem\u00e1s por la transici\u00f3n a energ\u00edas limpias\u201d.<\/strong><br \/>\n<img loading=\"lazy\" decoding=\"async\" class=\"alignnone wp-image-6596 size-full\" src=\"https:\/\/cafeprensa.com.ar\/wp-content\/uploads\/2025\/03\/720x405_97280_20211203171502.jpg\" alt=\"\" width=\"720\" height=\"405\" srcset=\"https:\/\/cafeprensa.com.ar\/wp-content\/uploads\/2025\/03\/720x405_97280_20211203171502.jpg 720w, https:\/\/cafeprensa.com.ar\/wp-content\/uploads\/2025\/03\/720x405_97280_20211203171502-300x169.jpg 300w, https:\/\/cafeprensa.com.ar\/wp-content\/uploads\/2025\/03\/720x405_97280_20211203171502-390x220.jpg 390w\" sizes=\"auto, (max-width: 720px) 100vw, 720px\" \/><br \/>\nTanto los Neuss como Inverlat tienen experiencia en el sector. Patricio Neuss est\u00e1 al frente de Edersa, distribuidora de energ\u00eda el\u00e9ctrica en<strong> R\u00edo Negro, a trav\u00e9s de IPE Energ\u00eda<\/strong>, dedicada a la construcci\u00f3n de obras electromec\u00e1nicas. La familia ingres\u00f3 al rubro cuando se hizo cargo del negocio que estaba en manos de Camuzzi y otros inversores. Tambi\u00e9n lidera Harz Energy, de generaci\u00f3n el\u00e9ctrica con parques solares en C\u00f3rdoba.<\/p>\n<div><strong>A su vez, Inverlat se expandi\u00f3 en el negocio petrolero a fin de a\u00f1o: su subsidiaria Aspro Servicios Petroleros \u2013que le compr\u00f3 el fondo en 2017 al grupo brasile\u00f1o Lupatech, que se fue del pa\u00eds en ese momento\u2013 adquiri\u00f3 el 100% de su principal competidor, Compressco Argentina, y reforz\u00f3 su presencia en Vaca Muerta.<\/strong><\/div>\n","protected":false},"excerpt":{"rendered":"<p>La empresa con las tarifas m\u00e1s caras de la Argentina. Inversores particulares se unieron para crear el grupo Edison Energ\u00eda y comprar energ\u00e9ticas del Interior, decisi\u00f3n que argumentan que tomaron ante la salida de actores internacionales del mercado argentino. As\u00ed, esta semana, se quedaron con el control de la Empresa de Distribuci\u00f3n El\u00e9ctrica de Tucum\u00e1n &hellip;<\/p>\n","protected":false},"author":2,"featured_media":6599,"comment_status":"open","ping_status":"open","sticky":false,"template":"","format":"standard","meta":{"footnotes":""},"categories":[28,34],"tags":[311,158],"class_list":["post-6595","post","type-post","status-publish","format-standard","has-post-thumbnail","hentry","category-economia","category-locales","tag-edet","tag-tarifas"],"_links":{"self":[{"href":"https:\/\/cafeprensa.com.ar\/index.php\/wp-json\/wp\/v2\/posts\/6595","targetHints":{"allow":["GET"]}}],"collection":[{"href":"https:\/\/cafeprensa.com.ar\/index.php\/wp-json\/wp\/v2\/posts"}],"about":[{"href":"https:\/\/cafeprensa.com.ar\/index.php\/wp-json\/wp\/v2\/types\/post"}],"author":[{"embeddable":true,"href":"https:\/\/cafeprensa.com.ar\/index.php\/wp-json\/wp\/v2\/users\/2"}],"replies":[{"embeddable":true,"href":"https:\/\/cafeprensa.com.ar\/index.php\/wp-json\/wp\/v2\/comments?post=6595"}],"version-history":[{"count":1,"href":"https:\/\/cafeprensa.com.ar\/index.php\/wp-json\/wp\/v2\/posts\/6595\/revisions"}],"predecessor-version":[{"id":6600,"href":"https:\/\/cafeprensa.com.ar\/index.php\/wp-json\/wp\/v2\/posts\/6595\/revisions\/6600"}],"wp:featuredmedia":[{"embeddable":true,"href":"https:\/\/cafeprensa.com.ar\/index.php\/wp-json\/wp\/v2\/media\/6599"}],"wp:attachment":[{"href":"https:\/\/cafeprensa.com.ar\/index.php\/wp-json\/wp\/v2\/media?parent=6595"}],"wp:term":[{"taxonomy":"category","embeddable":true,"href":"https:\/\/cafeprensa.com.ar\/index.php\/wp-json\/wp\/v2\/categories?post=6595"},{"taxonomy":"post_tag","embeddable":true,"href":"https:\/\/cafeprensa.com.ar\/index.php\/wp-json\/wp\/v2\/tags?post=6595"}],"curies":[{"name":"wp","href":"https:\/\/api.w.org\/{rel}","templated":true}]}}