{"id":6602,"date":"2025-03-21T13:32:16","date_gmt":"2025-03-21T12:32:16","guid":{"rendered":"https:\/\/cafeprensa.com.ar\/?p=6602"},"modified":"2025-03-21T13:32:58","modified_gmt":"2025-03-21T12:32:58","slug":"el-cafe-tucumano-da-un-nuevo-paso","status":"publish","type":"post","link":"https:\/\/cafeprensa.com.ar\/index.php\/2025\/03\/21\/el-cafe-tucumano-da-un-nuevo-paso\/","title":{"rendered":"El caf\u00e9 tucumano da un nuevo paso"},"content":{"rendered":"<div class=\"titulo bajada mt-2\">\n<p class=\"fw-bold text-muted\">Productores reciben plantines de tercera generaci\u00f3n. El IDEP y el sector privado impulsan la trazabilidad y adaptaci\u00f3n del caf\u00e9 en Tucum\u00e1n. El <strong>IDEP Tucum\u00e1n<\/strong> (Instituto de Desarrollo Productivo) contin\u00faa fortaleciendo la producci\u00f3n de caf\u00e9 en la provincia a trav\u00e9s de iniciativas que buscan consolidar este cultivo como una alternativa productiva viable. En este contexto, destaca la producci\u00f3n de \u00a0plantines de <strong>caf\u00e9 Bourbon de tercera generaci\u00f3n<\/strong> en viveros locales; un hito que destaca la trazabilidad y adaptabilidad de este cultivo en el contexto tucumano.<\/p>\n<\/div>\n<div class=\"row\">\n<div class=\"col-md-8\">\n<div class=\"content text-muted py-4\">\n<p><img loading=\"lazy\" decoding=\"async\" class=\"alignnone wp-image-6606 size-full\" src=\"https:\/\/cafeprensa.com.ar\/wp-content\/uploads\/2025\/03\/md-2.webp\" alt=\"\" width=\"992\" height=\"555\" srcset=\"https:\/\/cafeprensa.com.ar\/wp-content\/uploads\/2025\/03\/md-2.webp 992w, https:\/\/cafeprensa.com.ar\/wp-content\/uploads\/2025\/03\/md-2-300x168.webp 300w, https:\/\/cafeprensa.com.ar\/wp-content\/uploads\/2025\/03\/md-2-768x430.webp 768w\" sizes=\"auto, (max-width: 992px) 100vw, 992px\" \/><\/p>\n<p>La entrega de estos plantines a productores privados de la provincia, marca un avance clave en el desarrollo de la caficultura. Su tercera generaci\u00f3n evidencia que el caf\u00e9 se ha adaptado a las condiciones geogr\u00e1ficas y clim\u00e1ticas de Tucum\u00e1n, resistiendo temperaturas m\u00e1s fr\u00edas y mostrando un crecimiento vigoroso en el pedemonte. Adem\u00e1s, la producci\u00f3n local permite asegurar un origen certificado, con un seguimiento detallado desde la semilla hasta la cosecha.<\/p>\n<p><strong>Juan Casa\u00f1as<\/strong>, vicepresidente del IDEP, resalt\u00f3 la importancia de este logro y el trabajo articulado con el sector privado. \u00abProyectamos un futuro exitoso para este cultivo, por todo su desarrollo y el trabajo que venimos realizando junto al sector privado. Buscamos cerrar un acuerdo de colaboraci\u00f3n mutua con empresas nacionales que se muestran expectantes ante esta realidad\u00bb, afirm\u00f3.<\/p>\n<p><img loading=\"lazy\" decoding=\"async\" class=\"alignnone wp-image-6605 size-large\" src=\"https:\/\/cafeprensa.com.ar\/wp-content\/uploads\/2025\/03\/GLd3yVIXQAApYGk-1024x576.jpeg\" alt=\"\" width=\"1024\" height=\"576\" srcset=\"https:\/\/cafeprensa.com.ar\/wp-content\/uploads\/2025\/03\/GLd3yVIXQAApYGk-1024x576.jpeg 1024w, https:\/\/cafeprensa.com.ar\/wp-content\/uploads\/2025\/03\/GLd3yVIXQAApYGk-300x169.jpeg 300w, https:\/\/cafeprensa.com.ar\/wp-content\/uploads\/2025\/03\/GLd3yVIXQAApYGk-768x432.jpeg 768w, https:\/\/cafeprensa.com.ar\/wp-content\/uploads\/2025\/03\/GLd3yVIXQAApYGk-1536x864.jpeg 1536w, https:\/\/cafeprensa.com.ar\/wp-content\/uploads\/2025\/03\/GLd3yVIXQAApYGk-2048x1151.jpeg 2048w, https:\/\/cafeprensa.com.ar\/wp-content\/uploads\/2025\/03\/GLd3yVIXQAApYGk-390x220.jpeg 390w\" sizes=\"auto, (max-width: 1024px) 100vw, 1024px\" \/><\/p>\n<p>El crecimiento de la producci\u00f3n cafetera en Tucum\u00e1n no solo representa una diversificaci\u00f3n productiva clave para la provincia, sino que tambi\u00e9n abre nuevas oportunidades comerciales. Con la consolidaci\u00f3n de viveros especializados y el acompa\u00f1amiento t\u00e9cnico del IDEP, la provincia se perfila como un actor emergente en la industria del caf\u00e9 a nivel nacional.<\/p>\n<\/div>\n<\/div>\n<\/div>\n","protected":false},"excerpt":{"rendered":"<p>Productores reciben plantines de tercera generaci\u00f3n. El IDEP y el sector privado impulsan la trazabilidad y adaptaci\u00f3n del caf\u00e9 en Tucum\u00e1n. El IDEP Tucum\u00e1n (Instituto de Desarrollo Productivo) contin\u00faa fortaleciendo la producci\u00f3n de caf\u00e9 en la provincia a trav\u00e9s de iniciativas que buscan consolidar este cultivo como una alternativa productiva viable. En este contexto, destaca &hellip;<\/p>\n","protected":false},"author":2,"featured_media":6604,"comment_status":"open","ping_status":"open","sticky":false,"template":"","format":"standard","meta":{"footnotes":""},"categories":[54],"tags":[1135,1614,160],"class_list":["post-6602","post","type-post","status-publish","format-standard","has-post-thumbnail","hentry","category-interes-ganeral","tag-cafe","tag-casana","tag-tucuman"],"_links":{"self":[{"href":"https:\/\/cafeprensa.com.ar\/index.php\/wp-json\/wp\/v2\/posts\/6602","targetHints":{"allow":["GET"]}}],"collection":[{"href":"https:\/\/cafeprensa.com.ar\/index.php\/wp-json\/wp\/v2\/posts"}],"about":[{"href":"https:\/\/cafeprensa.com.ar\/index.php\/wp-json\/wp\/v2\/types\/post"}],"author":[{"embeddable":true,"href":"https:\/\/cafeprensa.com.ar\/index.php\/wp-json\/wp\/v2\/users\/2"}],"replies":[{"embeddable":true,"href":"https:\/\/cafeprensa.com.ar\/index.php\/wp-json\/wp\/v2\/comments?post=6602"}],"version-history":[{"count":2,"href":"https:\/\/cafeprensa.com.ar\/index.php\/wp-json\/wp\/v2\/posts\/6602\/revisions"}],"predecessor-version":[{"id":6608,"href":"https:\/\/cafeprensa.com.ar\/index.php\/wp-json\/wp\/v2\/posts\/6602\/revisions\/6608"}],"wp:featuredmedia":[{"embeddable":true,"href":"https:\/\/cafeprensa.com.ar\/index.php\/wp-json\/wp\/v2\/media\/6604"}],"wp:attachment":[{"href":"https:\/\/cafeprensa.com.ar\/index.php\/wp-json\/wp\/v2\/media?parent=6602"}],"wp:term":[{"taxonomy":"category","embeddable":true,"href":"https:\/\/cafeprensa.com.ar\/index.php\/wp-json\/wp\/v2\/categories?post=6602"},{"taxonomy":"post_tag","embeddable":true,"href":"https:\/\/cafeprensa.com.ar\/index.php\/wp-json\/wp\/v2\/tags?post=6602"}],"curies":[{"name":"wp","href":"https:\/\/api.w.org\/{rel}","templated":true}]}}