{"id":6609,"date":"2025-03-22T00:31:16","date_gmt":"2025-03-21T23:31:16","guid":{"rendered":"https:\/\/cafeprensa.com.ar\/?p=6609"},"modified":"2025-03-22T00:32:13","modified_gmt":"2025-03-21T23:32:13","slug":"el-vice-gobernador-inauguro-un-espacio-para-la-memoria","status":"publish","type":"post","link":"https:\/\/cafeprensa.com.ar\/index.php\/2025\/03\/22\/el-vice-gobernador-inauguro-un-espacio-para-la-memoria\/","title":{"rendered":"El vice gobernador inaugur\u00f2 un espacio para la memoria"},"content":{"rendered":"<header class=\"single-post-header clearfix\">\n<p class=\"post-title\">Ex Brigada de Investigaciones . All\u00ed funcionaba un centro de detenci\u00f3n y tortura. Ahora estar\u00e1 destinado a recordar y honrar a las v\u00edctimas de la dictadura militar.<\/p>\n<\/header>\n<article class=\"post-content\">En un acto de gran significado hist\u00f3rico, el vicegobernador Miguel Acevedo presidi\u00f3 la inauguraci\u00f3n del Espacio para la <strong>Memoria, Promoci\u00f3n y Defensa de los Derechos Humanos, ubicado en Avenida Sarmiento 591,<\/strong> donde funcionaba la ex Brigada de Investigaciones. En este edificio, que oper\u00f3 como centro clandestino de detenci\u00f3n y tortura durante la dictadura militar, se rendir\u00e1 homenaje a las v\u00edctimas y se promover\u00e1 la construcci\u00f3n de memoria colectiva. El edificio, ubicado en el predio de la <strong>Legislatura de Tucum\u00e1n<\/strong>, tuvo distintos usos a lo largo de su historia. Antes de convertirse en un centro clandestino, funcion\u00f3 como penal de mujeres y varones. Durante la dictadura, se transform\u00f3 en un punto neur\u00e1lgico de represi\u00f3n, donde las v\u00edctimas eran identificadas solo por un n\u00famero y sometidas a cruentas torturas.<\/p>\n<p>En la inauguraci\u00f3n estuvieron \u00a0presentes el secretario de Derechos Humanos y Justicia de la provincia, <strong>Mario Racedo; el vocal de la Corte Suprema de Justicia, Daniel Posse; y la vicerrectora de la Universidad Nacional de Tucum\u00e1n, Mercedes Leal. Tambi\u00e9n formaron parte del evento el diputado nacional Pablo Yedlin y el director del Conicet NOA Sur, Augusto Bellomio. Asimismo, estuvo presente el prosecretario legislativo, Alejandro Mart\u00ednez, junto a legisladores: Gabriel Yedlin (presidente de la comisi\u00f3n de Derechos Humanos), as\u00ed como Roque Arga\u00f1araz, Nancy Bulacio, Tulio Caponio, Carlos Gallia, Walter Herrera, Sara Lazarte, Jorge Leal, Hugo Ledesma, Roberto Moreno, Mario Leito, Adriana Najar, Alberto Olea, Agust\u00edn Romano Norri, Carolina Vargas Aignasse, Ger\u00f3nimo Vargas Aignasse, Paula Galv\u00e1n, Ernesto G\u00f3mez G\u00f3mez Rossi, Jos\u00e9 Cano y Silvia El\u00edas de P\u00e9rez.<\/strong><\/p>\n<p>\u00abSeguimos cuidando nuestros espacios y sitios de memoria. En este caso, la ex Brigada, donde hab\u00eda graves se\u00f1ales de que el edificio pod\u00eda colapsar. Felizmente, tuvimos una intervenci\u00f3n a tiempo; es patrimonio hist\u00f3rico y hay que trabajar con mucho cuidado\u00bb, sostuvo Acevedo. <strong>\u00abFue un trabajo arduo para mostrarle a todos los tucumanos y tucumanas que estos sitios de memoria no los instalamos ni los revalorizamos en contra de nadie, sino en funci\u00f3n de todos, para recordar lo que pas\u00f3 y que no se vuelva a repetir\u00bb,<\/strong> asever\u00f3.<\/p>\n<p>Por su parte, el legislador Yedlin destac\u00f3: <strong>\u00abEstamos muy agradecidos con el Vicegobernador, no solo por la preservaci\u00f3n del espacio o por poner una placa hoy, sino realmente por haber puesto en la agenda de la Legislatura como uno de los temas regulares los derechos humanos en Tucum\u00e1n\u00bb.<\/strong><\/p>\n<p>\u00abHay muchos temas alrededor de esta agenda que tiene como objetivo, poder expresarle a todos los tucumanos que queremos vivir en paz, que queremos poder tener disidencias y poder decirlas, que queremos vivir en democracia y que creemos en muchos de los valores que la dictadura militar vino a acabar, sobre todo en lo que tiene que ver con la construcci\u00f3n y el pensamiento colectivo, la salida no es individual. Queremos construir no desde el odio, sino a trav\u00e9s de la convicci\u00f3n\u00bb, afirm\u00f3.<\/p>\n<p>Finalmente, Mario Racedo expres\u00f3:<strong> \u00abHoy el mensaje que est\u00e1 dando la Legislatura es un mensaje a futuro para las nuevas generaciones y para el presente. Es un mensaje que expone el compromiso \u00e9tico que tiene la clase dirigente en relaci\u00f3n a lo que fue el terrorismo, a la condena al terrorismo de Estado y a lo que nunca m\u00e1s se debe repetir en la historia argentina. Creo que es un mensaje de solidaridad, es un mensaje de tolerancia\u00bb.<\/strong><\/p>\n<\/article>\n","protected":false},"excerpt":{"rendered":"<p>Ex Brigada de Investigaciones . All\u00ed funcionaba un centro de detenci\u00f3n y tortura. Ahora estar\u00e1 destinado a recordar y honrar a las v\u00edctimas de la dictadura militar. En un acto de gran significado hist\u00f3rico, el vicegobernador Miguel Acevedo presidi\u00f3 la inauguraci\u00f3n del Espacio para la Memoria, Promoci\u00f3n y Defensa de los Derechos Humanos, ubicado en &hellip;<\/p>\n","protected":false},"author":2,"featured_media":6610,"comment_status":"open","ping_status":"open","sticky":false,"template":"","format":"standard","meta":{"footnotes":""},"categories":[1611,34],"tags":[496,451],"class_list":["post-6609","post","type-post","status-publish","format-standard","has-post-thumbnail","hentry","category-legislatura-de-tucuman","category-locales","tag-honorable-legislatura","tag-miguel-acevedo"],"_links":{"self":[{"href":"https:\/\/cafeprensa.com.ar\/index.php\/wp-json\/wp\/v2\/posts\/6609","targetHints":{"allow":["GET"]}}],"collection":[{"href":"https:\/\/cafeprensa.com.ar\/index.php\/wp-json\/wp\/v2\/posts"}],"about":[{"href":"https:\/\/cafeprensa.com.ar\/index.php\/wp-json\/wp\/v2\/types\/post"}],"author":[{"embeddable":true,"href":"https:\/\/cafeprensa.com.ar\/index.php\/wp-json\/wp\/v2\/users\/2"}],"replies":[{"embeddable":true,"href":"https:\/\/cafeprensa.com.ar\/index.php\/wp-json\/wp\/v2\/comments?post=6609"}],"version-history":[{"count":2,"href":"https:\/\/cafeprensa.com.ar\/index.php\/wp-json\/wp\/v2\/posts\/6609\/revisions"}],"predecessor-version":[{"id":6612,"href":"https:\/\/cafeprensa.com.ar\/index.php\/wp-json\/wp\/v2\/posts\/6609\/revisions\/6612"}],"wp:featuredmedia":[{"embeddable":true,"href":"https:\/\/cafeprensa.com.ar\/index.php\/wp-json\/wp\/v2\/media\/6610"}],"wp:attachment":[{"href":"https:\/\/cafeprensa.com.ar\/index.php\/wp-json\/wp\/v2\/media?parent=6609"}],"wp:term":[{"taxonomy":"category","embeddable":true,"href":"https:\/\/cafeprensa.com.ar\/index.php\/wp-json\/wp\/v2\/categories?post=6609"},{"taxonomy":"post_tag","embeddable":true,"href":"https:\/\/cafeprensa.com.ar\/index.php\/wp-json\/wp\/v2\/tags?post=6609"}],"curies":[{"name":"wp","href":"https:\/\/api.w.org\/{rel}","templated":true}]}}