{"id":6627,"date":"2025-03-25T12:40:01","date_gmt":"2025-03-25T11:40:01","guid":{"rendered":"https:\/\/cafeprensa.com.ar\/?p=6627"},"modified":"2025-03-25T12:43:33","modified_gmt":"2025-03-25T11:43:33","slug":"ayyy-osvaldo-sos-como-el-delfin-nada-nada-y-nada","status":"publish","type":"post","link":"https:\/\/cafeprensa.com.ar\/index.php\/2025\/03\/25\/ayyy-osvaldo-sos-como-el-delfin-nada-nada-y-nada\/","title":{"rendered":"AYYY OSVALDO, SOS COMO EL DELFIN: NADA NADA Y NADA."},"content":{"rendered":"<div dir=\"auto\">El dirigente Enrique Romero volvi\u00f3 hablar del Gobernador de Tucucuman Osvaldo Jaldo.<\/div>\n<div dir=\"auto\">En los 3 a\u00f1os que llevas como Gobernador, <strong>NADA de obras p\u00fablicas,<\/strong> <strong>salvo la c\u00e1rcel<\/strong>\u00a0 que presentas como la gran obra de infraestructura, sin que la hayas terminado.<\/div>\n<div dir=\"auto\"><img loading=\"lazy\" decoding=\"async\" class=\"alignnone wp-image-6629 size-full\" src=\"https:\/\/cafeprensa.com.ar\/wp-content\/uploads\/2025\/03\/osvaldo-jaldo-y-juan-manzur-festejan-su-triunfo-WRY62MJRO5GYNJAGVNWYO2FIYY.avif\" alt=\"\" width=\"420\" height=\"280\" srcset=\"https:\/\/cafeprensa.com.ar\/wp-content\/uploads\/2025\/03\/osvaldo-jaldo-y-juan-manzur-festejan-su-triunfo-WRY62MJRO5GYNJAGVNWYO2FIYY.avif 420w, https:\/\/cafeprensa.com.ar\/wp-content\/uploads\/2025\/03\/osvaldo-jaldo-y-juan-manzur-festejan-su-triunfo-WRY62MJRO5GYNJAGVNWYO2FIYY-300x200.avif 300w\" sizes=\"auto, (max-width: 420px) 100vw, 420px\" \/><\/div>\n<div dir=\"auto\"><strong>NADA sobre el Centro C\u00edvico<\/strong>, por cuyo proyecto se pag\u00f3 2.4 millones de d\u00f3lares y 250 millones en desmalezamiento. <strong>NADA sobre la ruta a las Termas<\/strong>.<\/div>\n<div dir=\"auto\"><strong>NADA\u00a0 sobre los 600 mil pobres del Gran San Miguel<\/strong>.\u00a0 <strong>NADA sobre la radicaci\u00f3n de industrias y generaci\u00f3n de empleos.<\/strong> <strong>NADA sobre diques, ni salidas al Pac\u00edfico y al Atl\u00e1ntico.\u00a0 NADA DE NADA.<\/strong><\/div>\n<div dir=\"auto\">Pero te preocup\u00e1s por convocar a los disidentes a internas, <strong>CUANDO EL DISIDENTE SOS VOS<\/strong>; sos el que cerr\u00f3 las puertas y ventanas del P.J, para que nadie se exprese sobre la represi\u00f3n a los jubilados, el criminal recorte a la salud y la educaci\u00f3n p\u00fablica; la fuga de grandes empresas del pa\u00eds, las 13 toneladas de oro, y la aprobaci\u00f3n a contraer una nueva deuda de <strong>20 mil millones de dolares con FMI.<\/strong><\/div>\n<div dir=\"auto\">Sos vos el que confundi\u00f3 <strong>PARTIDO CON GOBIERNO<\/strong>, para que nadie ancle en el sano juicio del razonamiento y exprese la rebeld\u00eda de la verdad y la rebeli\u00f3n contra la injusticia.<\/div>\n<div dir=\"auto\"><img loading=\"lazy\" decoding=\"async\" class=\"alignnone wp-image-6630 size-full\" src=\"https:\/\/cafeprensa.com.ar\/wp-content\/uploads\/2025\/03\/600x400_1070614_202502102344320000001.webp\" alt=\"\" width=\"600\" height=\"400\" srcset=\"https:\/\/cafeprensa.com.ar\/wp-content\/uploads\/2025\/03\/600x400_1070614_202502102344320000001.webp 600w, https:\/\/cafeprensa.com.ar\/wp-content\/uploads\/2025\/03\/600x400_1070614_202502102344320000001-300x200.webp 300w\" sizes=\"auto, (max-width: 600px) 100vw, 600px\" \/><\/div>\n<div dir=\"auto\"><strong>Vos seguis preocupado por darle Diputados a Milei, que nosotros ni nos fuimos ni nos quedamos: RESISTIMOS. <\/strong>Este PJ no nos representa ni nos contiene, es un cuerpo sin alma, que dejo de ser un<strong> Movimiento Social<\/strong> con contenido pol\u00edtico, para ser NADA.<\/div>\n<div dir=\"auto\">En tiempo y forma armaremos un frente <strong>Pol\u00edtico, Social y Sindical,<\/strong> para plantear la lucha por la id\u00e9a y la conducta.<\/div>\n<div dir=\"auto\"><img loading=\"lazy\" decoding=\"async\" class=\"alignnone size-medium wp-image-6631\" src=\"https:\/\/cafeprensa.com.ar\/wp-content\/uploads\/2025\/03\/internas-pj-jaldo-aseguro-frente-renovador-nunca-fue-peronista-1049621-124832-300x200.jpg\" alt=\"\" width=\"300\" height=\"200\" srcset=\"https:\/\/cafeprensa.com.ar\/wp-content\/uploads\/2025\/03\/internas-pj-jaldo-aseguro-frente-renovador-nunca-fue-peronista-1049621-124832-300x200.jpg 300w, https:\/\/cafeprensa.com.ar\/wp-content\/uploads\/2025\/03\/internas-pj-jaldo-aseguro-frente-renovador-nunca-fue-peronista-1049621-124832-768x511.jpg 768w, https:\/\/cafeprensa.com.ar\/wp-content\/uploads\/2025\/03\/internas-pj-jaldo-aseguro-frente-renovador-nunca-fue-peronista-1049621-124832.jpg 970w\" sizes=\"auto, (max-width: 300px) 100vw, 300px\" \/><\/div>\n<div dir=\"auto\"><strong>VOS DECIDISTE USAR PELUCA, NOSOTROS EL BASTON DE MARISCAL.<\/strong><\/div>\n<div dir=\"auto\"><strong>VOS DECIDISTE SER COMISARIO, NOSOTROS SOLO COMPA\u00d1EROS.<\/strong><\/div>\n","protected":false},"excerpt":{"rendered":"<p>El dirigente Enrique Romero volvi\u00f3 hablar del Gobernador de Tucucuman Osvaldo Jaldo. En los 3 a\u00f1os que llevas como Gobernador, NADA de obras p\u00fablicas, salvo la c\u00e1rcel\u00a0 que presentas como la gran obra de infraestructura, sin que la hayas terminado. NADA sobre el Centro C\u00edvico, por cuyo proyecto se pag\u00f3 2.4 millones de d\u00f3lares y &hellip;<\/p>\n","protected":false},"author":2,"featured_media":6628,"comment_status":"open","ping_status":"open","sticky":false,"template":"","format":"standard","meta":{"footnotes":""},"categories":[34,25],"tags":[1193,61,1617,121,480],"class_list":["post-6627","post","type-post","status-publish","format-standard","has-post-thumbnail","hentry","category-locales","category-politica","tag-casa-de-gobierno","tag-gobierno","tag-jado","tag-pj","tag-romero"],"_links":{"self":[{"href":"https:\/\/cafeprensa.com.ar\/index.php\/wp-json\/wp\/v2\/posts\/6627","targetHints":{"allow":["GET"]}}],"collection":[{"href":"https:\/\/cafeprensa.com.ar\/index.php\/wp-json\/wp\/v2\/posts"}],"about":[{"href":"https:\/\/cafeprensa.com.ar\/index.php\/wp-json\/wp\/v2\/types\/post"}],"author":[{"embeddable":true,"href":"https:\/\/cafeprensa.com.ar\/index.php\/wp-json\/wp\/v2\/users\/2"}],"replies":[{"embeddable":true,"href":"https:\/\/cafeprensa.com.ar\/index.php\/wp-json\/wp\/v2\/comments?post=6627"}],"version-history":[{"count":3,"href":"https:\/\/cafeprensa.com.ar\/index.php\/wp-json\/wp\/v2\/posts\/6627\/revisions"}],"predecessor-version":[{"id":6634,"href":"https:\/\/cafeprensa.com.ar\/index.php\/wp-json\/wp\/v2\/posts\/6627\/revisions\/6634"}],"wp:featuredmedia":[{"embeddable":true,"href":"https:\/\/cafeprensa.com.ar\/index.php\/wp-json\/wp\/v2\/media\/6628"}],"wp:attachment":[{"href":"https:\/\/cafeprensa.com.ar\/index.php\/wp-json\/wp\/v2\/media?parent=6627"}],"wp:term":[{"taxonomy":"category","embeddable":true,"href":"https:\/\/cafeprensa.com.ar\/index.php\/wp-json\/wp\/v2\/categories?post=6627"},{"taxonomy":"post_tag","embeddable":true,"href":"https:\/\/cafeprensa.com.ar\/index.php\/wp-json\/wp\/v2\/tags?post=6627"}],"curies":[{"name":"wp","href":"https:\/\/api.w.org\/{rel}","templated":true}]}}