{"id":6644,"date":"2025-03-25T15:52:47","date_gmt":"2025-03-25T14:52:47","guid":{"rendered":"https:\/\/cafeprensa.com.ar\/?p=6644"},"modified":"2025-03-25T15:52:47","modified_gmt":"2025-03-25T14:52:47","slug":"bussi-le-robo-todo","status":"publish","type":"post","link":"https:\/\/cafeprensa.com.ar\/index.php\/2025\/03\/25\/bussi-le-robo-todo\/","title":{"rendered":"Bussi le rob\u00f3 todo"},"content":{"rendered":"<header class=\"article-header-wrapper\">\n<div class=\"article-header\">\n<p id=\"el-siniestro-general-acdel-vilas-el-&quot;aniquilador&quot;-de-la-guerrilla-de-tucuman-al-que-bussi-le-robo-todo\" class=\"display-block article-headline text_align_left\">El siniestro general Acdel Vilas, el <strong>\u00abaniquilador\u00bb<\/strong> de la guerrilla de Tucum\u00e1n al que Bussi le rob\u00f3 todo. El 5 de febrero de hace 44 a\u00f1os Isabel Per\u00f3n firmaba el decreto que facultaba al Ej\u00e9rcito la ejecuci\u00f3n de operaciones militares para \u00abneutralizar y\/o aniquilar el accionar de los elementos subversivos\u00bb en el monte tucumano.<\/p>\n<p class=\"display-block article-headline text_align_left\">Vilas comand\u00f3 el Operativo Independencia, pero<strong> \u00abla gloria\u00bb<\/strong> -dec\u00eda- se la quit\u00f3 el general Antonio Bussi. El odio entre los militares y la reveladora entrevista jam\u00e1s publicada con el genocida que so\u00f1aba con convertirse en un nuevo Per\u00f3n.<\/p>\n<\/div>\n<\/header>\n<article class=\"article\">\n<div class=\"body-article \">\n<div class=\"visual__image image-full-width\"><picture><source srcset=\"https:\/\/www.infobae.com\/resizer\/v2\/https%3A%2F%2Fs3.amazonaws.com%2Farc-wordpress-client-uploads%2Finfobae-wp%2Fwp-content%2Fuploads%2F2019%2F01%2F26192107%2FGeneral-Acdel-Vilas-Tucuman-Bussi-dictadura-militar-1.jpg?auth=9996a2954739a53ff7e222d3c49752d98f793f87c7a3c94810ee4657881afed0&amp;smart=true&amp;width=1200&amp;height=675&amp;quality=85\" media=\"(min-width: 1200px)\" \/><source srcset=\"https:\/\/www.infobae.com\/resizer\/v2\/https%3A%2F%2Fs3.amazonaws.com%2Farc-wordpress-client-uploads%2Finfobae-wp%2Fwp-content%2Fuploads%2F2019%2F01%2F26192107%2FGeneral-Acdel-Vilas-Tucuman-Bussi-dictadura-militar-1.jpg?auth=9996a2954739a53ff7e222d3c49752d98f793f87c7a3c94810ee4657881afed0&amp;smart=true&amp;width=992&amp;height=558&amp;quality=85\" media=\"(min-width: 1000px)\" \/><source srcset=\"https:\/\/www.infobae.com\/resizer\/v2\/https%3A%2F%2Fs3.amazonaws.com%2Farc-wordpress-client-uploads%2Finfobae-wp%2Fwp-content%2Fuploads%2F2019%2F01%2F26192107%2FGeneral-Acdel-Vilas-Tucuman-Bussi-dictadura-militar-1.jpg?auth=9996a2954739a53ff7e222d3c49752d98f793f87c7a3c94810ee4657881afed0&amp;smart=true&amp;width=768&amp;height=432&amp;quality=85\" media=\"(min-width: 768px)\" \/><source srcset=\"https:\/\/www.infobae.com\/resizer\/v2\/https%3A%2F%2Fs3.amazonaws.com%2Farc-wordpress-client-uploads%2Finfobae-wp%2Fwp-content%2Fuploads%2F2019%2F01%2F26192107%2FGeneral-Acdel-Vilas-Tucuman-Bussi-dictadura-militar-1.jpg?auth=9996a2954739a53ff7e222d3c49752d98f793f87c7a3c94810ee4657881afed0&amp;smart=true&amp;width=577&amp;height=325&amp;quality=85\" media=\"(min-width: 580px)\" \/><source srcset=\"https:\/\/www.infobae.com\/resizer\/v2\/https%3A%2F%2Fs3.amazonaws.com%2Farc-wordpress-client-uploads%2Finfobae-wp%2Fwp-content%2Fuploads%2F2019%2F01%2F26192107%2FGeneral-Acdel-Vilas-Tucuman-Bussi-dictadura-militar-1.jpg?auth=9996a2954739a53ff7e222d3c49752d98f793f87c7a3c94810ee4657881afed0&amp;smart=true&amp;width=420&amp;height=236&amp;quality=85\" media=\"(min-width: 350px)\" \/><source srcset=\"https:\/\/www.infobae.com\/resizer\/v2\/https%3A%2F%2Fs3.amazonaws.com%2Farc-wordpress-client-uploads%2Finfobae-wp%2Fwp-content%2Fuploads%2F2019%2F01%2F26192107%2FGeneral-Acdel-Vilas-Tucuman-Bussi-dictadura-militar-1.jpg?auth=9996a2954739a53ff7e222d3c49752d98f793f87c7a3c94810ee4657881afed0&amp;smart=true&amp;width=350&amp;height=197&amp;quality=85\" media=\"(min-width: 80px)\" \/><img loading=\"lazy\" decoding=\"async\" class=\"global-image\" src=\"https:\/\/www.infobae.com\/resizer\/v2\/https%3A%2F%2Fs3.amazonaws.com%2Farc-wordpress-client-uploads%2Finfobae-wp%2Fwp-content%2Fuploads%2F2019%2F01%2F26192107%2FGeneral-Acdel-Vilas-Tucuman-Bussi-dictadura-militar-1.jpg?auth=9996a2954739a53ff7e222d3c49752d98f793f87c7a3c94810ee4657881afed0&amp;smart=true&amp;width=350&amp;height=197&amp;quality=85\" alt=\"Acdel Vilas y Antonio Bussi,\" width=\"1920\" height=\"1080\" \/><\/picture>Acdel Vilas y Antonio Bussi, responsables del Operativo Independencia, junto al entonces jefe de la V Brigada (La Gaceta)<\/div>\n<p class=\"paragraph\" data-mrf-recirculation=\"Links inline\">\u2012Dios lo quiso.<\/p>\n<p class=\"paragraph\" data-mrf-recirculation=\"Links inline\">Eso dec\u00eda, con solemnidad sobreactuada, cuando recordaba las particulares circunstancias que lo llevaron a\u00a0<strong>liderar en 1975, con un m\u00e9todo brutal nunca antes empleado en Argentina, el combate a la guerrilla del ERP en el monte tucumano<\/strong>. La misma guerrilla que se atrevi\u00f3 a desafiar al poder el d\u00eda que coparon el pueblo de Acheral, y se difundieron fotograf\u00edas izando su propia bandera, con formaci\u00f3n militar.<\/p>\n<p class=\"paragraph\" data-mrf-recirculation=\"Links inline\">En 1983, con la apertura democr\u00e1tica por delante, a\u00a0<strong>Acdel Vilas se le ocurri\u00f3 dedicarse a la pol\u00edtica<\/strong>. Se reivindicaba peronista y, para lanzar su precandidatura a presidente, arm\u00f3 un acto en la Federaci\u00f3n Argentina de Box. All\u00ed junt\u00f3 unos doscientos pobres que, juraba, atend\u00eda en sus oficinas del centro entreg\u00e1ndoles alguna ayudita para tirar hasta fin de mes. Fueron con bombos, alguna bandera o carteles con su nombre, acompa\u00f1ados de familiares y amigos como para hacer n\u00famero y corear con fervor un cantito futbolero que lo elevaba al Olimpo.<\/p>\n<p class=\"paragraph\" data-mrf-recirculation=\"Links inline\"><strong>\u2012\u00a1S\u00ed se\u00f1ores, yo soy de Vilas, yo soy de Vilas, de coraz\u00f3n, porque este a\u00f1o, de la Argentina, de la Argentina, sali\u00f3 el nuevo Per\u00f3n!<\/strong><\/p>\n<p class=\"paragraph\" data-mrf-recirculation=\"Links inline\">Frente a ellos sonri\u00f3, levant\u00f3 los brazos para sentirse por un rato Per\u00f3n y\u00a0<strong>so\u00f1ar con la gloria<\/strong>. Eso que cre\u00eda merecer como nadie y \u2012lo aseguraba con \u00e9nfasis\u2012,\u00a0<strong>le hab\u00eda robado su colega de armas Antonio Domingo Bussi<\/strong>, que se qued\u00f3 con su cargo militar y luego fue nombrado gobernador de facto, el 24 de marzo de 1976.<\/p>\n<p class=\"paragraph\" data-mrf-recirculation=\"Links inline\"><strong>\u2012Bussi nunca se manch\u00f3 los borcegu\u00edes con barro<\/strong>. Alguna vez fue enviado como observador a Vietnam, pero\u00a0<strong>estuvo m\u00e1s lejos del frente que Elvis Presley<\/strong>, que fue a sacarse fotos con los soldados.\u00a0<strong>Era un bur\u00f3crata que se qued\u00f3 con todos los honores de algo que hice yo, arriesgando mi vida<\/strong>. Y no solo eso. Con el Fondo Patri\u00f3tico se qued\u00f3 con muchas m\u00e1s cosas, le puedo asegurar. Averig\u00fce, averig\u00fce\u2026 \u2012repet\u00eda con un rencor indisimulable en una charla informal para una revista que ya no existe; un reportaje fallido que nunca vio la luz, hasta ahora.<\/p>\n<p class=\"paragraph\" data-mrf-recirculation=\"Links inline\">Acdel Vilas era coronel y reci\u00e9n en diciembre de 1974 recibi\u00f3 las jinetas de general de Brigada. Ten\u00eda un destino tranquilo, detr\u00e1s de un escritorio, como Director de Ense\u00f1anza Superior de Institutos Militares. Hasta el 5 de enero de 1975, cuando su vida cambi\u00f3 para siempre.<\/p>\n<p class=\"paragraph\" data-mrf-recirculation=\"Links inline\">Ese d\u00eda el avi\u00f3n Twin Auter, que sobrevolaba el teatro de Operaciones del inminente\u00a0<strong>Operativo Independencia<\/strong>\u00a0a vuelo rasante con el general\u00a0<strong>Enrique Salgado<\/strong>, jefe del III Cuerpo del Ej\u00e9rcito, y el general\u00a0<strong>Ricardo Mu\u00f1oz<\/strong>, comandante de la V Brigada a bordo, se estrell\u00f3 contra la ladera del \u00d1u\u00f1orco chico. No hubo sobrevivientes.<\/p>\n<p class=\"paragraph\" data-mrf-recirculation=\"Links inline\">\u2012Yo estaba en mi destino y de pronto me informan de esta desgracia. En cuento me enter\u00e9, no quiero mentirle, imagin\u00e9 que pod\u00edan nombrarme a m\u00ed en la V Brigada en lugar de Mu\u00f1oz, porque de los generales nuevos, yo era el \u00fanico sin mando de tropa. Por eso digo:\u00a0<strong>lo m\u00edo lo quiso Dios<\/strong>.<\/p>\n<p class=\"paragraph\" data-mrf-recirculation=\"Links inline\"><strong>\u2012Lo que en aquel tiempo se dec\u00eda, era que el ERP hab\u00eda derribado ese avi\u00f3n.<\/strong><\/p>\n<p class=\"paragraph\" data-mrf-recirculation=\"Links inline\">\u2012No es cierto. Fue un accidente, provocado por las nubes bajas y alg\u00fan error t\u00e9cnico de la nave o del piloto.\u00a0<strong>El ERP nunca tuvo armas antia\u00e9reas, ese mito era parte de la propaganda propia, que la prensa y muchos pol\u00edticos asumieron como cierto, no s\u00e9 si por inocencia o por otras razones inconfesables.<\/strong><\/p>\n<div class=\"visual__image image-full-width\"><picture><source srcset=\"https:\/\/www.infobae.com\/resizer\/v2\/https%3A%2F%2Fs3.amazonaws.com%2Farc-wordpress-client-uploads%2Finfobae-wp%2Fwp-content%2Fuploads%2F2019%2F01%2F26192050%2FGeneral-Acdel-Vilas-Tucuman-Bussi-dictadura-militar-3.jpg?auth=ba1ca61adadcc9b09e17dc3b981d8f29e6735f5aca96de217ccab1d174f3ff6b&amp;smart=true&amp;width=1200&amp;height=1600&amp;quality=85\" media=\"(min-width: 1200px)\" \/><source srcset=\"https:\/\/www.infobae.com\/resizer\/v2\/https%3A%2F%2Fs3.amazonaws.com%2Farc-wordpress-client-uploads%2Finfobae-wp%2Fwp-content%2Fuploads%2F2019%2F01%2F26192050%2FGeneral-Acdel-Vilas-Tucuman-Bussi-dictadura-militar-3.jpg?auth=ba1ca61adadcc9b09e17dc3b981d8f29e6735f5aca96de217ccab1d174f3ff6b&amp;smart=true&amp;width=992&amp;height=1323&amp;quality=85\" media=\"(min-width: 1000px)\" \/><source srcset=\"https:\/\/www.infobae.com\/resizer\/v2\/https%3A%2F%2Fs3.amazonaws.com%2Farc-wordpress-client-uploads%2Finfobae-wp%2Fwp-content%2Fuploads%2F2019%2F01%2F26192050%2FGeneral-Acdel-Vilas-Tucuman-Bussi-dictadura-militar-3.jpg?auth=ba1ca61adadcc9b09e17dc3b981d8f29e6735f5aca96de217ccab1d174f3ff6b&amp;smart=true&amp;width=768&amp;height=1024&amp;quality=85\" media=\"(min-width: 768px)\" \/><source srcset=\"https:\/\/www.infobae.com\/resizer\/v2\/https%3A%2F%2Fs3.amazonaws.com%2Farc-wordpress-client-uploads%2Finfobae-wp%2Fwp-content%2Fuploads%2F2019%2F01%2F26192050%2FGeneral-Acdel-Vilas-Tucuman-Bussi-dictadura-militar-3.jpg?auth=ba1ca61adadcc9b09e17dc3b981d8f29e6735f5aca96de217ccab1d174f3ff6b&amp;smart=true&amp;width=577&amp;height=769&amp;quality=85\" media=\"(min-width: 580px)\" \/><source srcset=\"https:\/\/www.infobae.com\/resizer\/v2\/https%3A%2F%2Fs3.amazonaws.com%2Farc-wordpress-client-uploads%2Finfobae-wp%2Fwp-content%2Fuploads%2F2019%2F01%2F26192050%2FGeneral-Acdel-Vilas-Tucuman-Bussi-dictadura-militar-3.jpg?auth=ba1ca61adadcc9b09e17dc3b981d8f29e6735f5aca96de217ccab1d174f3ff6b&amp;smart=true&amp;width=420&amp;height=560&amp;quality=85\" media=\"(min-width: 350px)\" \/><source srcset=\"https:\/\/www.infobae.com\/resizer\/v2\/https%3A%2F%2Fs3.amazonaws.com%2Farc-wordpress-client-uploads%2Finfobae-wp%2Fwp-content%2Fuploads%2F2019%2F01%2F26192050%2FGeneral-Acdel-Vilas-Tucuman-Bussi-dictadura-militar-3.jpg?auth=ba1ca61adadcc9b09e17dc3b981d8f29e6735f5aca96de217ccab1d174f3ff6b&amp;smart=true&amp;width=350&amp;height=467&amp;quality=85\" media=\"(min-width: 80px)\" \/><img loading=\"lazy\" decoding=\"async\" class=\"global-image\" src=\"https:\/\/www.infobae.com\/resizer\/v2\/https%3A%2F%2Fs3.amazonaws.com%2Farc-wordpress-client-uploads%2Finfobae-wp%2Fwp-content%2Fuploads%2F2019%2F01%2F26192050%2FGeneral-Acdel-Vilas-Tucuman-Bussi-dictadura-militar-3.jpg?auth=ba1ca61adadcc9b09e17dc3b981d8f29e6735f5aca96de217ccab1d174f3ff6b&amp;smart=true&amp;width=350&amp;height=467&amp;quality=85\" alt=\"\u201cNosotros evitamos una Argentina comunista.\" width=\"1920\" height=\"2650\" \/><\/picture><strong>\u201cNosotros evitamos una Argentina comunista. Otra hubiese sido la historia si el Ej\u00e9rcito hubiese exigido, para extirpar ese c\u00e1ncer marxista, que se declarase a Tucum\u00e1n como una Zona de Emergencia\u201d<\/strong>, dec\u00eda Vilas<\/div>\n<p class=\"paragraph\" data-mrf-recirculation=\"Links inline\">Los m\u00e9todos que utiliz\u00f3 el Vilas para combatir a la guerrilla nunca hab\u00edan sido utilizados en el pa\u00eds hasta el Operativo Independencia, aunque en realidad el duro general no invent\u00f3 nada nuevo. Solo se limit\u00f3 a aplicar las ense\u00f1anzas de los te\u00f3ricos de la contrainsurgencia que la escuela francesa hab\u00eda desarrollado y aplicado en las guerras de Indochina y Argelia, a manos del sanguinario cuerpo de paracaidistas y la OAS, la Organizaci\u00f3n de l&#8217;Arm\u00e9e secret.<\/p>\n<p class=\"paragraph\" data-mrf-recirculation=\"Links inline\">Vilas recitaba de memoria ese discurso: <strong>\u00abEl Ej\u00e9rcito se adaptaba mal a una guerra que las escuelas militares se negaban a ense\u00f1arle. Insist\u00eda en montar operativos cl\u00e1sicos contra un adversario fluido, inatrapable. As\u00ed se produc\u00eda un desgaste enorme, innecesario. Hab\u00eda que adaptarse a esa nueva clase de combate revolucionario con un esp\u00edritu nuevo, con convicci\u00f3n, despojados de todo prejuicio\u00bb.<\/strong><\/p>\n<p class=\"paragraph\" data-mrf-recirculation=\"Links inline\"><strong>\u2012\u00bfY c\u00f3mo aplic\u00f3 usted esa teor\u00eda, en la pr\u00e1ctica?<\/strong><\/p>\n<p class=\"paragraph\" data-mrf-recirculation=\"Links inline\">\u2012Mire, es muy sencillo de entender. Nosotros sab\u00edamos que, por ejemplo, en una capilla, se escond\u00edan elementos subversivos. Nos hac\u00edamos presentes para solicitarle al sacerdote un permiso para revisar el lugar, pero en general los curas nos dec\u00edan: \u00abGeneral, no puede pasar, esta es la casa de Dios\u00bb. Bueno, nosotros insist\u00edamos, pero ante una respuesta de ese tipo, era in\u00fatil. Entonces\u00a0<strong>volv\u00edamos de noche. Con tropa de uniforme de combate pero sin identificaci\u00f3n, con pasamonta\u00f1as para ocultar los rostros. Entonces pate\u00e1bamos la puerta, entr\u00e1bamos y nos llev\u00e1bamos a los subversivos. Listo. Fin de la cuesti\u00f3n<\/strong>.<\/p>\n<p class=\"paragraph\" data-mrf-recirculation=\"Links inline\"><strong>\u2012No parece muy legal, general. El decreto ped\u00eda aniquilar el accionar subversivo, pero siempre dentro los l\u00edmites de la ley, \u00bfno le parece?<\/strong><\/p>\n<p class=\"paragraph\" data-mrf-recirculation=\"Links inline\">\u2012Es f\u00e1cil hablar ahora, con elecciones a la vista (se refer\u00eda a las de 1983). Pero si las hay, est\u00e9 seguro de que eso es posible porque\u00a0<strong>nosotros evitamos una Argentina comunista<\/strong>. Otra hubiese sido la historia si el Ej\u00e9rcito hubiese exigido, para extirpar ese c\u00e1ncer marxista, que se declarase a Tucum\u00e1n como una Zona de Emergencia. Pero no, insist\u00edan en dar vueltas con ese bendito tema del \u00abprofesionalismo integrado\u00bb. Una estupidez. El gobierno tem\u00eda perder el control de la Fuerza, cuando en realidad ya no lo ten\u00eda. Lo m\u00edo fue profesional. Y muy efectivo.<\/p>\n<p class=\"paragraph\" data-mrf-recirculation=\"Links inline\"><strong>\u2012\u00bfQu\u00e9 hac\u00edan con los prisioneros? \u00bfLos hubo, en realidad?<\/strong><\/p>\n<p class=\"paragraph\" data-mrf-recirculation=\"Links inline\">\u2012Mire, combatir contra un enemigo que se escabulle y se invisibiliza es muy complicado. Tampoco pod\u00edamos repetir el tratamiento que la justicia le daba a los delincuentes comunes, que terminaban saliendo de prisi\u00f3n. Aplicar ese mismo sistema con los subversivos era suicidarse. Era como curar una pulmon\u00eda con aspirinas.\u00a0<strong>En ese momento la cosa era a matar o morir, usted sabr\u00e1 comprenderme\u2026<\/strong><\/p>\n<p class=\"paragraph\" data-mrf-recirculation=\"Links inline\"><strong>\u2012Lo que entiendo es que ustedes no tomaban prisioneros, digamos.<\/strong><\/p>\n<p class=\"paragraph\" data-mrf-recirculation=\"Links inline\">\u2012En el monte el combate fue cruento. Hab\u00eda que prepararse para una guerra sucia, solapada, de desgaste, prolongada, que se gana solo con mucha decisi\u00f3n y c\u00e1lculo.<\/p>\n<p class=\"paragraph\" data-mrf-recirculation=\"Links inline\"><strong>\u2012Veo. En su momento usted habl\u00f3 de la guerrilla como un grupo de resentidos sin valores ni Dios. \u00bfC\u00f3mo era el ERP en combate? \u00bfEra gente preparada para la guerra? \u00bfEra idealistas ingenuos? \u00bfC\u00f3mo los califica profesionalmente, como enemigo?<\/strong><\/p>\n<p class=\"paragraph\" data-mrf-recirculation=\"Links inline\">\u2012Los califico muy bien. Mire,\u00a0<strong>el ERP ten\u00eda poca preparaci\u00f3n militar<\/strong>, no era gente entrenada como para sobrevivir en esas condiciones, y m\u00e1s enfrentado a Ej\u00e9rcito profesional.\u00a0<strong>Pero eran muy valientes, muy corajudos. De verdad peleaban hasta morir. Yo los admir\u00e9 en ese sentido, cr\u00e9ame.<\/strong><\/p>\n<p class=\"paragraph\" data-mrf-recirculation=\"Links inline\"><strong>\u2012\u00bfLos Montoneros eran diferentes?<\/strong><\/p>\n<p class=\"paragraph\" data-mrf-recirculation=\"Links inline\">\u2012\u00a1Totalmente!\u00a0<strong>Los Montoneros pon\u00edan bombas, elud\u00edan el combate. Eran cobardes.<\/strong>\u00a0Los guerrilleros de\u00a0<strong>Santucho<\/strong>\u00a0ten\u00edan una moral muy diferente. No s\u00e9 c\u00f3mo imaginaron que pod\u00edan ganar esa guerra, pero que lo intentaron, lo intentaron, se lo aseguro.<\/p>\n<div class=\"visual__image image-full-width\"><picture><source srcset=\"https:\/\/www.infobae.com\/resizer\/v2\/https%3A%2F%2Fs3.amazonaws.com%2Farc-wordpress-client-uploads%2Finfobae-wp%2Fwp-content%2Fuploads%2F2019%2F01%2F26192115%2FGeneral-Acdel-Vilas-Tucuman-Bussi-dictadura-militar.jpg?auth=c2bbf95d7d13c15c4f1137842ab9b7e5179bf12e43733da2ed047a86f387b386&amp;smart=true&amp;width=1200&amp;height=900&amp;quality=85\" media=\"(min-width: 1200px)\" \/><source srcset=\"https:\/\/www.infobae.com\/resizer\/v2\/https%3A%2F%2Fs3.amazonaws.com%2Farc-wordpress-client-uploads%2Finfobae-wp%2Fwp-content%2Fuploads%2F2019%2F01%2F26192115%2FGeneral-Acdel-Vilas-Tucuman-Bussi-dictadura-militar.jpg?auth=c2bbf95d7d13c15c4f1137842ab9b7e5179bf12e43733da2ed047a86f387b386&amp;smart=true&amp;width=992&amp;height=744&amp;quality=85\" media=\"(min-width: 1000px)\" \/><source srcset=\"https:\/\/www.infobae.com\/resizer\/v2\/https%3A%2F%2Fs3.amazonaws.com%2Farc-wordpress-client-uploads%2Finfobae-wp%2Fwp-content%2Fuploads%2F2019%2F01%2F26192115%2FGeneral-Acdel-Vilas-Tucuman-Bussi-dictadura-militar.jpg?auth=c2bbf95d7d13c15c4f1137842ab9b7e5179bf12e43733da2ed047a86f387b386&amp;smart=true&amp;width=768&amp;height=576&amp;quality=85\" media=\"(min-width: 768px)\" \/><source srcset=\"https:\/\/www.infobae.com\/resizer\/v2\/https%3A%2F%2Fs3.amazonaws.com%2Farc-wordpress-client-uploads%2Finfobae-wp%2Fwp-content%2Fuploads%2F2019%2F01%2F26192115%2FGeneral-Acdel-Vilas-Tucuman-Bussi-dictadura-militar.jpg?auth=c2bbf95d7d13c15c4f1137842ab9b7e5179bf12e43733da2ed047a86f387b386&amp;smart=true&amp;width=577&amp;height=433&amp;quality=85\" media=\"(min-width: 580px)\" \/><source srcset=\"https:\/\/www.infobae.com\/resizer\/v2\/https%3A%2F%2Fs3.amazonaws.com%2Farc-wordpress-client-uploads%2Finfobae-wp%2Fwp-content%2Fuploads%2F2019%2F01%2F26192115%2FGeneral-Acdel-Vilas-Tucuman-Bussi-dictadura-militar.jpg?auth=c2bbf95d7d13c15c4f1137842ab9b7e5179bf12e43733da2ed047a86f387b386&amp;smart=true&amp;width=420&amp;height=315&amp;quality=85\" media=\"(min-width: 350px)\" \/><source srcset=\"https:\/\/www.infobae.com\/resizer\/v2\/https%3A%2F%2Fs3.amazonaws.com%2Farc-wordpress-client-uploads%2Finfobae-wp%2Fwp-content%2Fuploads%2F2019%2F01%2F26192115%2FGeneral-Acdel-Vilas-Tucuman-Bussi-dictadura-militar.jpg?auth=c2bbf95d7d13c15c4f1137842ab9b7e5179bf12e43733da2ed047a86f387b386&amp;smart=true&amp;width=350&amp;height=263&amp;quality=85\" media=\"(min-width: 80px)\" \/><img loading=\"lazy\" decoding=\"async\" class=\"global-image\" src=\"https:\/\/www.infobae.com\/resizer\/v2\/https%3A%2F%2Fs3.amazonaws.com%2Farc-wordpress-client-uploads%2Finfobae-wp%2Fwp-content%2Fuploads%2F2019%2F01%2F26192115%2FGeneral-Acdel-Vilas-Tucuman-Bussi-dictadura-militar.jpg?auth=c2bbf95d7d13c15c4f1137842ab9b7e5179bf12e43733da2ed047a86f387b386&amp;smart=true&amp;width=350&amp;height=263&amp;quality=85\" alt=\"\u201cEl ERP ten\u00eda poca preparaci\u00f3n\" width=\"1920\" height=\"1422\" \/><\/picture><strong>\u201cEl ERP ten\u00eda poca preparaci\u00f3n militar pero luchaban hasta el final; los Montoneros pon\u00edan bombas, eran cobardes\u201d<\/strong>, dec\u00eda el militar<\/div>\n<p class=\"paragraph\" data-mrf-recirculation=\"Links inline\">Vilas, en su oficina, hab\u00eda reservado un lugar para su museo personal. Ah\u00ed exhib\u00eda una serie de elementos que \u00e9l hab\u00eda tra\u00eddo del monte tucumano. Papeles, cuadernos, alguna bandera manchada con barro o sangre, pistolones, granadas caseras, lo que parec\u00edan ollas pero eran minas cazabobos al estilo vietnamita, ametralladoras de fabricaci\u00f3n casera rev\u00f3lveres. Mostraba sus trofeos de guerra con orgullo. El elogio al enemigo, claro, pretend\u00eda destacar el valor de su trabajo.<\/p>\n<p class=\"paragraph\" data-mrf-recirculation=\"Links inline\"><strong>\u2012Se habl\u00f3 mucho de la cantidad de combatientes en el monte. \u00bfCu\u00e1ntos eran, de verdad?<\/strong><\/p>\n<p class=\"paragraph\" data-mrf-recirculation=\"Links inline\">\u2012Mire, si sumamos a los apoyos log\u00edsticos en el llano, pod\u00edan llegar a 500, tal vez 600. Con unos 300 combatientes en el monte, en su mejor momento, antes de mi llegada a Tucum\u00e1n.<\/p>\n<p class=\"paragraph\" data-mrf-recirculation=\"Links inline\"><strong>\u2012\u00bfQu\u00e9 hizo primero? \u00bfLes present\u00f3 batalla haciendo valer el n\u00famero y la preparaci\u00f3n de su tropa?<\/strong><\/p>\n<p class=\"paragraph\" data-mrf-recirculation=\"Links inline\">\u2012No. \u00c9se fue el error del general Men\u00e9ndez y comisario Villar, que en 1974 cayeron en la trampa del vac\u00edo t\u00e1ctico de la guerrilla. Lo que hab\u00eda que hacer era lo contrario. Primero, aniquilar su base de apoyo y log\u00edstica en los pueblos. Ah\u00ed nos concentramos y dio resultado. La clave era no desgastarse en combates in\u00fatiles, sino asfixiarlos cortando su fuente de abastecimiento y de informaci\u00f3n. Sab\u00edamos que si arras\u00e1bamos con todo eso, el trabajo en el monte iba a resultar m\u00e1s sencillo. As\u00ed lo plane\u00e9, y as\u00ed sali\u00f3.<\/p>\n<p class=\"paragraph\" data-mrf-recirculation=\"Links inline\"><strong>\u2012\u00bfEn cu\u00e1nto tiempo estuvo definida la lucha?<\/strong><\/p>\n<p class=\"paragraph\" data-mrf-recirculation=\"Links inline\">\u2012Mire,\u00a0<strong>en diciembre de 1975 solo quedaban pocos elementos subversivos en el monte; sueltos, mal armados y hambrientos<\/strong>. Fue relativamente r\u00e1pido. Pero muy cruento, como se imaginar\u00e1.<\/p>\n<p class=\"paragraph\" data-mrf-recirculation=\"Links inline\"><strong>\u2012\u00bfUsted dice que antes del golpe de Estado, cuando llega Bussi a Tucum\u00e1n, la cosa estaba pr\u00e1cticamente definida?<\/strong><\/p>\n<p class=\"paragraph\" data-mrf-recirculation=\"Links inline\">\u2012Absolutamente. El mismo Bussi, sinceramente o tal vez obligado por las circunstancias me dijo: \u00ab\u00a1General, usted casi que no me dej\u00f3 nada por hacer!\u00bb.<\/p>\n<p class=\"paragraph\" data-mrf-recirculation=\"Links inline\"><strong>\u2012Pero el Operativo Independencia continu\u00f3\u2026<\/strong><\/p>\n<p class=\"paragraph\" data-mrf-recirculation=\"Links inline\">\u2012Bueno s\u00ed, ah\u00ed hubo un Fondo Patri\u00f3tico,\u00a0<strong>mucho dinero dando vueltas.<\/strong>\u00a0Mire, es cierto que hab\u00eda que continuar con la persecuci\u00f3n de los subversivos en las ciudades, las f\u00e1bricas y las universidades, pero\u00a0<strong>la verdad es que el combate contra la guerrilla se defini\u00f3 en un a\u00f1o, el a\u00f1o que yo estuve al mando.<\/strong>\u00a0Ahora bien, \u00bfno quiere hablar de pol\u00edtica y olvidarse un poco del pasado?<\/p>\n<div class=\"visual__image image-full-width\"><picture><source srcset=\"https:\/\/www.infobae.com\/resizer\/v2\/https%3A%2F%2Fs3.amazonaws.com%2Farc-wordpress-client-uploads%2Finfobae-wp%2Fwp-content%2Fuploads%2F2019%2F01%2F26192059%2FGeneral-Acdel-Vilas-Tucuman-Bussi-dictadura-militar-2.jpg?auth=f6ff6f066c26af6ccabb668d7bceb750407657773f429cf26146bc69b0a6eb23&amp;smart=true&amp;width=1200&amp;height=900&amp;quality=85\" media=\"(min-width: 1200px)\" \/><source srcset=\"https:\/\/www.infobae.com\/resizer\/v2\/https%3A%2F%2Fs3.amazonaws.com%2Farc-wordpress-client-uploads%2Finfobae-wp%2Fwp-content%2Fuploads%2F2019%2F01%2F26192059%2FGeneral-Acdel-Vilas-Tucuman-Bussi-dictadura-militar-2.jpg?auth=f6ff6f066c26af6ccabb668d7bceb750407657773f429cf26146bc69b0a6eb23&amp;smart=true&amp;width=992&amp;height=744&amp;quality=85\" media=\"(min-width: 1000px)\" \/><source srcset=\"https:\/\/www.infobae.com\/resizer\/v2\/https%3A%2F%2Fs3.amazonaws.com%2Farc-wordpress-client-uploads%2Finfobae-wp%2Fwp-content%2Fuploads%2F2019%2F01%2F26192059%2FGeneral-Acdel-Vilas-Tucuman-Bussi-dictadura-militar-2.jpg?auth=f6ff6f066c26af6ccabb668d7bceb750407657773f429cf26146bc69b0a6eb23&amp;smart=true&amp;width=768&amp;height=576&amp;quality=85\" media=\"(min-width: 768px)\" \/><source srcset=\"https:\/\/www.infobae.com\/resizer\/v2\/https%3A%2F%2Fs3.amazonaws.com%2Farc-wordpress-client-uploads%2Finfobae-wp%2Fwp-content%2Fuploads%2F2019%2F01%2F26192059%2FGeneral-Acdel-Vilas-Tucuman-Bussi-dictadura-militar-2.jpg?auth=f6ff6f066c26af6ccabb668d7bceb750407657773f429cf26146bc69b0a6eb23&amp;smart=true&amp;width=577&amp;height=433&amp;quality=85\" media=\"(min-width: 580px)\" \/><source srcset=\"https:\/\/www.infobae.com\/resizer\/v2\/https%3A%2F%2Fs3.amazonaws.com%2Farc-wordpress-client-uploads%2Finfobae-wp%2Fwp-content%2Fuploads%2F2019%2F01%2F26192059%2FGeneral-Acdel-Vilas-Tucuman-Bussi-dictadura-militar-2.jpg?auth=f6ff6f066c26af6ccabb668d7bceb750407657773f429cf26146bc69b0a6eb23&amp;smart=true&amp;width=420&amp;height=315&amp;quality=85\" media=\"(min-width: 350px)\" \/><source srcset=\"https:\/\/www.infobae.com\/resizer\/v2\/https%3A%2F%2Fs3.amazonaws.com%2Farc-wordpress-client-uploads%2Finfobae-wp%2Fwp-content%2Fuploads%2F2019%2F01%2F26192059%2FGeneral-Acdel-Vilas-Tucuman-Bussi-dictadura-militar-2.jpg?auth=f6ff6f066c26af6ccabb668d7bceb750407657773f429cf26146bc69b0a6eb23&amp;smart=true&amp;width=350&amp;height=263&amp;quality=85\" media=\"(min-width: 80px)\" \/><img loading=\"lazy\" decoding=\"async\" class=\"global-image\" src=\"https:\/\/www.infobae.com\/resizer\/v2\/https%3A%2F%2Fs3.amazonaws.com%2Farc-wordpress-client-uploads%2Finfobae-wp%2Fwp-content%2Fuploads%2F2019%2F01%2F26192059%2FGeneral-Acdel-Vilas-Tucuman-Bussi-dictadura-militar-2.jpg?auth=f6ff6f066c26af6ccabb668d7bceb750407657773f429cf26146bc69b0a6eb23&amp;smart=true&amp;width=350&amp;height=263&amp;quality=85\" alt=\"Acdel Vilas junto a Antonio\" width=\"1920\" height=\"1441\" \/><\/picture>Acdel Vilas junto a Antonio Domingo Bussi<\/div>\n<p class=\"paragraph\" data-mrf-recirculation=\"Links inline\">El entusiasmo de Acdel Vilas por convertirse en pol\u00edtico en 1983 era sorprendente, pero no hab\u00eda manera de obviar lo \u00fanico que lo hac\u00eda visible:\u00a0<strong>su accionar en el oscuro Operativo Independencia<\/strong>. Un hecho maldito de la historia argentina, nacido a partir de un decreto firmado por una presidente democr\u00e1ticamente electa, pero que nadie, nunca, quiso recordar. Ni siquiera el bando supuestamente \u00abganador\u00bb.<\/p>\n<p class=\"paragraph\" data-mrf-recirculation=\"Links inline\">La Comisi\u00f3n Bicameral de la Legislatura de Tucum\u00e1n que investig\u00f3 la violaci\u00f3n de derechos humanos entre 1974 y 1983, registr\u00f3 que,<strong>\u00a0durante 1975, se produjeron 123 secuestros de personas. De esas 123, 77 fueron desaparecidas, 14 asesinadas y 32, liberadas.<\/strong>\u00a0Ese fue, justamente, el a\u00f1o que Vilas estuvo al mando de la tropa, en Tucum\u00e1n.<\/p>\n<p class=\"paragraph\" data-mrf-recirculation=\"Links inline\">El 18 de diciembre de 1975, con el golpe ya decidido y organiz\u00e1ndose en las sombras,\u00a0<strong>Bussi reemplaz\u00f3 a Vilas en la V Brigada<\/strong>. Vilas fue destinado a Bah\u00eda Blanca como segundo comandante del V Cuerpo. All\u00ed volvi\u00f3 a ser noticia a partir de una furiosa cruzada anticomunista que incluy\u00f3 la ex\u00f3tica acusaci\u00f3n de\u00a0<strong>\u00abmarxista leninista\u00bb a Gustavo Malek<\/strong>, que fuera ministro de Educaci\u00f3n del general\u00a0<strong>Agust\u00edn<\/strong>\u00a0<strong>Lanusse<\/strong>\u00a0durante su presidencia de facto.<\/p>\n<div class=\"visual__image image-full-width\"><picture><source srcset=\"https:\/\/www.infobae.com\/resizer\/v2\/https%3A%2F%2Fs3.amazonaws.com%2Farc-wordpress-client-uploads%2Finfobae-wp%2Fwp-content%2Fuploads%2F2019%2F01%2F27205413%2FAcdel-Vilas-y-Domingo-Bussi.jpg?auth=5e04cf350e9331fedb0f5580f21dd7330a94897b932d12bf302a4b872de9baeb&amp;smart=true&amp;width=1200&amp;height=675&amp;quality=85\" media=\"(min-width: 1200px)\" \/><source srcset=\"https:\/\/www.infobae.com\/resizer\/v2\/https%3A%2F%2Fs3.amazonaws.com%2Farc-wordpress-client-uploads%2Finfobae-wp%2Fwp-content%2Fuploads%2F2019%2F01%2F27205413%2FAcdel-Vilas-y-Domingo-Bussi.jpg?auth=5e04cf350e9331fedb0f5580f21dd7330a94897b932d12bf302a4b872de9baeb&amp;smart=true&amp;width=992&amp;height=558&amp;quality=85\" media=\"(min-width: 1000px)\" \/><source srcset=\"https:\/\/www.infobae.com\/resizer\/v2\/https%3A%2F%2Fs3.amazonaws.com%2Farc-wordpress-client-uploads%2Finfobae-wp%2Fwp-content%2Fuploads%2F2019%2F01%2F27205413%2FAcdel-Vilas-y-Domingo-Bussi.jpg?auth=5e04cf350e9331fedb0f5580f21dd7330a94897b932d12bf302a4b872de9baeb&amp;smart=true&amp;width=768&amp;height=432&amp;quality=85\" media=\"(min-width: 768px)\" \/><source srcset=\"https:\/\/www.infobae.com\/resizer\/v2\/https%3A%2F%2Fs3.amazonaws.com%2Farc-wordpress-client-uploads%2Finfobae-wp%2Fwp-content%2Fuploads%2F2019%2F01%2F27205413%2FAcdel-Vilas-y-Domingo-Bussi.jpg?auth=5e04cf350e9331fedb0f5580f21dd7330a94897b932d12bf302a4b872de9baeb&amp;smart=true&amp;width=577&amp;height=325&amp;quality=85\" media=\"(min-width: 580px)\" \/><source srcset=\"https:\/\/www.infobae.com\/resizer\/v2\/https%3A%2F%2Fs3.amazonaws.com%2Farc-wordpress-client-uploads%2Finfobae-wp%2Fwp-content%2Fuploads%2F2019%2F01%2F27205413%2FAcdel-Vilas-y-Domingo-Bussi.jpg?auth=5e04cf350e9331fedb0f5580f21dd7330a94897b932d12bf302a4b872de9baeb&amp;smart=true&amp;width=420&amp;height=236&amp;quality=85\" media=\"(min-width: 350px)\" \/><source srcset=\"https:\/\/www.infobae.com\/resizer\/v2\/https%3A%2F%2Fs3.amazonaws.com%2Farc-wordpress-client-uploads%2Finfobae-wp%2Fwp-content%2Fuploads%2F2019%2F01%2F27205413%2FAcdel-Vilas-y-Domingo-Bussi.jpg?auth=5e04cf350e9331fedb0f5580f21dd7330a94897b932d12bf302a4b872de9baeb&amp;smart=true&amp;width=350&amp;height=197&amp;quality=85\" media=\"(min-width: 80px)\" \/><img loading=\"lazy\" decoding=\"async\" class=\"global-image\" src=\"https:\/\/www.infobae.com\/resizer\/v2\/https%3A%2F%2Fs3.amazonaws.com%2Farc-wordpress-client-uploads%2Finfobae-wp%2Fwp-content%2Fuploads%2F2019%2F01%2F27205413%2FAcdel-Vilas-y-Domingo-Bussi.jpg?auth=5e04cf350e9331fedb0f5580f21dd7330a94897b932d12bf302a4b872de9baeb&amp;smart=true&amp;width=350&amp;height=197&amp;quality=85\" alt=\"Acdel Vilas y Bussi, el\" width=\"652\" height=\"366\" \/><\/picture><\/div>\n<div class=\"visual__image image-full-width\"><strong>Acdel Vilas y Bussi, el militar que comand\u00f3 el Operativo Independencia sent\u00eda que el gobernador de facto de Tucum\u00e1n le hab\u00eda quitado \u201ctoda la gloria\u201d<\/strong><\/div>\n<p class=\"paragraph\" data-mrf-recirculation=\"Links inline\">Curiosamente, ya recuperada la democracia,\u00a0<strong>el general Vilas fue procesado y detenido por reiteradas violaciones a los derechos humanos\u00a0<\/strong>cometidos\u2026 en Bah\u00eda Blanca. No en Tucum\u00e1n. Otra gran paradoja argentina.<\/p>\n<p class=\"paragraph\" data-mrf-recirculation=\"Links inline\"><strong>\u2012\u00bfPor qu\u00e9 cree que el ej\u00e9rcito eligi\u00f3 a Bussi y no a usted para ser gobernador y s\u00edmbolo del Operativo Independencia? \u00bfNo siente que sus camaradas lo dejaron de lado?<\/strong><\/p>\n<p class=\"paragraph\" data-mrf-recirculation=\"Links inline\">\u2012Eso hicieron. Pero no es tan raro.\u00a0<strong>Yo no jugaba al polo o iba a cazar elefantes al \u00c1frica con Mart\u00ednez de Hoz, como Harguindeguy<\/strong>. M\u00e1s de una vez fui sancionado por criticar p\u00fablicamente el plan econ\u00f3mico de Mart\u00ednez de Hoz.\u00a0<strong>Yo soy un nacionalista, y ellos, toda esa gente de Videla y Viola, eran liberales, \u00bfme entiende?<\/strong>\u00a0Como los molest\u00e9 demasiado, en lugar de ascenderme a general de Brigada, como deb\u00eda ser, me pasaron a retiro en 1977. Pero eso es el pasado. Ahora tengo el proyecto de ser presidente. Hablemos del futuro, por favor.<\/p>\n<p class=\"paragraph\" data-mrf-recirculation=\"Links inline\">Ese futuro no lleg\u00f3 nunca.\u00a0<strong>El general que arras\u00f3 a fuego y sangre el monte tucumano no lleg\u00f3 a presidente, ni a diputado, ni a nada<\/strong>. Ni siquiera consigui\u00f3 un sello de goma que sirviera como partido para zafar de los juicios, como s\u00ed hizo su odiado Bussi en 1987, con Bandera Blanca en Tucum\u00e1n. Despu\u00e9s de la asunci\u00f3n de\u00a0<strong>Ra\u00fal Alfons\u00edn<\/strong>, fue juzgado, y pas\u00f3 el resto de sus d\u00edas entre abogados, el repudio y la c\u00e1rcel.<\/p>\n<p class=\"paragraph\" data-mrf-recirculation=\"Links inline\"><strong>Acdel Vilas dej\u00f3 de existir a los 85 a\u00f1os, el 23 de julio de 2010, el a\u00f1o del Bicentenario de la Revoluci\u00f3n de Mayo. <\/strong>Muri\u00f3 de viejo y en su casa, en el m\u00e1s absoluto de los olvidos.<\/p>\n<p data-mrf-recirculation=\"Links inline\"><span style=\"font-size: 8pt;\"><strong>FUENTE, INFOBAE https:\/\/www.infobae.com\/historia-argentina\/2019\/01\/28\/el-siniestro-general-acdel-vilas-el-aniquilador-de-la-guerrilla-de-tucuman-al-que-bussi-le-robo-todo\/<\/strong><\/span><\/p>\n<\/div>\n<\/article>\n","protected":false},"excerpt":{"rendered":"<p>El siniestro general Acdel Vilas, el \u00abaniquilador\u00bb de la guerrilla de Tucum\u00e1n al que Bussi le rob\u00f3 todo. El 5 de febrero de hace 44 a\u00f1os Isabel Per\u00f3n firmaba el decreto que facultaba al Ej\u00e9rcito la ejecuci\u00f3n de operaciones militares para \u00abneutralizar y\/o aniquilar el accionar de los elementos subversivos\u00bb en el monte tucumano. Vilas &hellip;<\/p>\n","protected":false},"author":2,"featured_media":6645,"comment_status":"open","ping_status":"open","sticky":false,"template":"","format":"standard","meta":{"footnotes":""},"categories":[54,33],"tags":[1622,1621,140,160],"class_list":["post-6644","post","type-post","status-publish","format-standard","has-post-thumbnail","hentry","category-interes-ganeral","category-nacionales","tag-24-de-marzo","tag-acdel-vilas","tag-bussi","tag-tucuman"],"_links":{"self":[{"href":"https:\/\/cafeprensa.com.ar\/index.php\/wp-json\/wp\/v2\/posts\/6644","targetHints":{"allow":["GET"]}}],"collection":[{"href":"https:\/\/cafeprensa.com.ar\/index.php\/wp-json\/wp\/v2\/posts"}],"about":[{"href":"https:\/\/cafeprensa.com.ar\/index.php\/wp-json\/wp\/v2\/types\/post"}],"author":[{"embeddable":true,"href":"https:\/\/cafeprensa.com.ar\/index.php\/wp-json\/wp\/v2\/users\/2"}],"replies":[{"embeddable":true,"href":"https:\/\/cafeprensa.com.ar\/index.php\/wp-json\/wp\/v2\/comments?post=6644"}],"version-history":[{"count":1,"href":"https:\/\/cafeprensa.com.ar\/index.php\/wp-json\/wp\/v2\/posts\/6644\/revisions"}],"predecessor-version":[{"id":6646,"href":"https:\/\/cafeprensa.com.ar\/index.php\/wp-json\/wp\/v2\/posts\/6644\/revisions\/6646"}],"wp:featuredmedia":[{"embeddable":true,"href":"https:\/\/cafeprensa.com.ar\/index.php\/wp-json\/wp\/v2\/media\/6645"}],"wp:attachment":[{"href":"https:\/\/cafeprensa.com.ar\/index.php\/wp-json\/wp\/v2\/media?parent=6644"}],"wp:term":[{"taxonomy":"category","embeddable":true,"href":"https:\/\/cafeprensa.com.ar\/index.php\/wp-json\/wp\/v2\/categories?post=6644"},{"taxonomy":"post_tag","embeddable":true,"href":"https:\/\/cafeprensa.com.ar\/index.php\/wp-json\/wp\/v2\/tags?post=6644"}],"curies":[{"name":"wp","href":"https:\/\/api.w.org\/{rel}","templated":true}]}}