{"id":6691,"date":"2025-03-26T13:11:06","date_gmt":"2025-03-26T12:11:06","guid":{"rendered":"https:\/\/cafeprensa.com.ar\/?p=6691"},"modified":"2025-03-26T13:11:06","modified_gmt":"2025-03-26T12:11:06","slug":"el-gobierno-oficializo-la-desregulacion-del-turismo-en-parques-nacionales","status":"publish","type":"post","link":"https:\/\/cafeprensa.com.ar\/index.php\/2025\/03\/26\/el-gobierno-oficializo-la-desregulacion-del-turismo-en-parques-nacionales\/","title":{"rendered":"El Gobierno oficializ\u00f3 la desregulaci\u00f3n del turismo en parques nacionales"},"content":{"rendered":"<div class=\"lay --apertura\">\n<div class=\"row\">\n<div class=\"col-12\">\n<p class=\"com-title --font-primary --sixxl --font-extra\"><span style=\"font-size: 12pt;\">La medida fue publicada en el Bolet\u00edn Oficial de este mi\u00e9rcoles y compartida por el ministro Federico Sturzenegger.<\/span><\/p>\n<p class=\"com-title --font-primary --sixxl --font-extra\">El Gobierno oficializ\u00f3 la<strong>\u00a0desregulaci\u00f3n del turismo dentro de los 39 parques nacionales\u00a0<\/strong>que existen en el pa\u00eds. A trav\u00e9s de las Resoluciones\u00a0<a class=\"com-link\" title=\"61\/2025\" href=\"https:\/\/www.boletinoficial.gob.ar\/detalleAviso\/primera\/322948\/20250326\" target=\"_blank\" rel=\"nofollow noopener\" data-mrf-recirculation=\"n_link_parrafo\" data-mrf-link=\"https:\/\/www.boletinoficial.gob.ar\/detalleAviso\/primera\/322948\/20250326\">61\/2025<\/a>\u00a0y\u00a0<a class=\"com-link\" title=\"62\/2025\" href=\"https:\/\/www.boletinoficial.gob.ar\/detalleAviso\/primera\/322949\/20250326\" target=\"_blank\" rel=\"nofollow noopener\" data-mrf-recirculation=\"n_link_parrafo\" data-mrf-link=\"https:\/\/www.boletinoficial.gob.ar\/detalleAviso\/primera\/322949\/20250326\">62\/2025<\/a>\u00a0que fueron publicadas en el\u00a0<strong>Bolet\u00edn Oficial\u00a0<\/strong>de este mi\u00e9rcoles, la administraci\u00f3n mile\u00edsta celebr\u00f3 la\u00a0<strong>eliminaci\u00f3n de \u201crequisitos excesivos\u201d<\/strong>\u00a0y la simplificaci\u00f3n de los registros con el fin de \u201creducir las gestiones administrativas complejas y fomentar una mayor transparencia\u201d.<\/p>\n<p><img loading=\"lazy\" decoding=\"async\" class=\"alignnone wp-image-6692 size-large\" src=\"https:\/\/cafeprensa.com.ar\/wp-content\/uploads\/2025\/03\/multimedia.normal.800cc8003c560e11.506172717565206e6163696f6e616c204c6f73204172726179616e65735f6e6f726d616c2e6a7067-1024x619.jpg\" alt=\"\" width=\"1024\" height=\"619\" srcset=\"https:\/\/cafeprensa.com.ar\/wp-content\/uploads\/2025\/03\/multimedia.normal.800cc8003c560e11.506172717565206e6163696f6e616c204c6f73204172726179616e65735f6e6f726d616c2e6a7067-1024x619.jpg 1024w, https:\/\/cafeprensa.com.ar\/wp-content\/uploads\/2025\/03\/multimedia.normal.800cc8003c560e11.506172717565206e6163696f6e616c204c6f73204172726179616e65735f6e6f726d616c2e6a7067-300x181.jpg 300w, https:\/\/cafeprensa.com.ar\/wp-content\/uploads\/2025\/03\/multimedia.normal.800cc8003c560e11.506172717565206e6163696f6e616c204c6f73204172726179616e65735f6e6f726d616c2e6a7067-768x464.jpg 768w, https:\/\/cafeprensa.com.ar\/wp-content\/uploads\/2025\/03\/multimedia.normal.800cc8003c560e11.506172717565206e6163696f6e616c204c6f73204172726179616e65735f6e6f726d616c2e6a7067.jpg 1503w\" sizes=\"auto, (max-width: 1024px) 100vw, 1024px\" \/><\/p>\n<\/div>\n<\/div>\n<\/div>\n<div class=\"lay-sidebar\">\n<div class=\"sidebar__main\">\n<section class=\"cuerpo__nota\">\n<div class=\"row\">\n<div class=\"col-deskxl-10 offset-deskxl-1 col-desksm-11\">\n<div class=\"row\">\n<div class=\"col-12\">\n<p class=\"com-paragraph   --s\">A su vez, el documento oficial realza que el objetivo principal de la administraci\u00f3n de\u00a0<strong>Parques Nacionales<\/strong> es el de \u201cdise\u00f1ar, conducir y controlar la ejecuci\u00f3n de las pol\u00edticas necesarias para conservar y manejar los Parques Nacionales, Monumentos Naturales y Reservas Nacionales existentes y las que eventualmente se incorporen, con el objeto de asegurar el mantenimiento de su integridad\u201d.<\/p>\n<p><img loading=\"lazy\" decoding=\"async\" class=\"alignnone wp-image-6693 size-large\" src=\"https:\/\/cafeprensa.com.ar\/wp-content\/uploads\/2025\/03\/multimedia.normal.b4444966a274ae56.Z2xhY2lhcl9ub3JtYWwud2VicA-1024x521.webp\" alt=\"\" width=\"1024\" height=\"521\" srcset=\"https:\/\/cafeprensa.com.ar\/wp-content\/uploads\/2025\/03\/multimedia.normal.b4444966a274ae56.Z2xhY2lhcl9ub3JtYWwud2VicA-1024x521.webp 1024w, https:\/\/cafeprensa.com.ar\/wp-content\/uploads\/2025\/03\/multimedia.normal.b4444966a274ae56.Z2xhY2lhcl9ub3JtYWwud2VicA-300x153.webp 300w, https:\/\/cafeprensa.com.ar\/wp-content\/uploads\/2025\/03\/multimedia.normal.b4444966a274ae56.Z2xhY2lhcl9ub3JtYWwud2VicA-768x391.webp 768w, https:\/\/cafeprensa.com.ar\/wp-content\/uploads\/2025\/03\/multimedia.normal.b4444966a274ae56.Z2xhY2lhcl9ub3JtYWwud2VicA.webp 1200w\" sizes=\"auto, (max-width: 1024px) 100vw, 1024px\" \/><\/p>\n<p class=\"com-paragraph   --s\">El ministro de Desregulaci\u00f3n y Transformaci\u00f3n del Estado,\u00a0<strong>Federico Sturzenegger<\/strong>, comparti\u00f3 la noticia en su cuenta de la red social\u00a0<em>X<\/em>\u00a0y destac\u00f3 el beneficio que significar\u00e1 para quienes visiten los puntos tur\u00edsticos m\u00e1s importantes de la Argentina y para las empresas que prestan servicios all\u00ed. \u201cMientras que\u00a0<strong>antes la oferta estaba limitada y monopolizada en algunos prestadores, ahora cualquier prestador podr\u00e1 ofrecer excursiones y actividades\u00a0<\/strong>sin necesidad de superar inmensos escollos ni tener que contratar a ciertas personas\u201d, marc\u00f3.<\/p>\n<div class=\"com-embed --twitter\">\n<div class=\"twitter-tweet twitter-tweet-rendered\"><iframe id=\"twitter-widget-0\" class=\"\" title=\"X Post\" src=\"https:\/\/platform.twitter.com\/embed\/Tweet.html?creatorScreenName=LANACION&amp;dnt=false&amp;embedId=twitter-widget-0&amp;features=eyJ0ZndfdGltZWxpbmVfbGlzdCI6eyJidWNrZXQiOltdLCJ2ZXJzaW9uIjpudWxsfSwidGZ3X2ZvbGxvd2VyX2NvdW50X3N1bnNldCI6eyJidWNrZXQiOnRydWUsInZlcnNpb24iOm51bGx9LCJ0ZndfdHdlZXRfZWRpdF9iYWNrZW5kIjp7ImJ1Y2tldCI6Im9uIiwidmVyc2lvbiI6bnVsbH0sInRmd19yZWZzcmNfc2Vzc2lvbiI6eyJidWNrZXQiOiJvbiIsInZlcnNpb24iOm51bGx9LCJ0ZndfZm9zbnJfc29mdF9pbnRlcnZlbnRpb25zX2VuYWJsZWQiOnsiYnVja2V0Ijoib24iLCJ2ZXJzaW9uIjpudWxsfSwidGZ3X21peGVkX21lZGlhXzE1ODk3Ijp7ImJ1Y2tldCI6InRyZWF0bWVudCIsInZlcnNpb24iOm51bGx9LCJ0ZndfZXhwZXJpbWVudHNfY29va2llX2V4cGlyYXRpb24iOnsiYnVja2V0IjoxMjA5NjAwLCJ2ZXJzaW9uIjpudWxsfSwidGZ3X3Nob3dfYmlyZHdhdGNoX3Bpdm90c19lbmFibGVkIjp7ImJ1Y2tldCI6Im9uIiwidmVyc2lvbiI6bnVsbH0sInRmd19kdXBsaWNhdGVfc2NyaWJlc190b19zZXR0aW5ncyI6eyJidWNrZXQiOiJvbiIsInZlcnNpb24iOm51bGx9LCJ0ZndfdXNlX3Byb2ZpbGVfaW1hZ2Vfc2hhcGVfZW5hYmxlZCI6eyJidWNrZXQiOiJvbiIsInZlcnNpb24iOm51bGx9LCJ0ZndfdmlkZW9faGxzX2R5bmFtaWNfbWFuaWZlc3RzXzE1MDgyIjp7ImJ1Y2tldCI6InRydWVfYml0cmF0ZSIsInZlcnNpb24iOm51bGx9LCJ0ZndfbGVnYWN5X3RpbWVsaW5lX3N1bnNldCI6eyJidWNrZXQiOnRydWUsInZlcnNpb24iOm51bGx9LCJ0ZndfdHdlZXRfZWRpdF9mcm9udGVuZCI6eyJidWNrZXQiOiJvbiIsInZlcnNpb24iOm51bGx9fQ%3D%3D&amp;frame=false&amp;hideCard=false&amp;hideThread=false&amp;id=1904844218712883323&amp;lang=es&amp;origin=https%3A%2F%2Fwww.lanacion.com.ar%2Feconomia%2Fel-gobierno-oficializo-la-desregulacion-del-turismo-en-parques-nacionales-nid26032025%2F&amp;sessionId=cb36ac7e9d915508c7e55eb8e6bc0b6e57154f13&amp;siteScreenName=LANACION&amp;theme=light&amp;widgetsVersion=2615f7e52b7e0%3A1702314776716&amp;width=550px\" frameborder=\"0\" scrolling=\"no\" allowfullscreen=\"allowfullscreen\" data-tweet-id=\"1904844218712883323\" data-mce-fragment=\"1\"><\/iframe><\/div>\n<\/div>\n<p class=\"com-paragraph   --s\">\u201cQue una persona disfrute de un Parque Nacional no tiene pr\u00e1cticamente\u00a0<strong>ning\u00fan costo para la sociedad<\/strong>. Por eso, lo l\u00f3gico ser\u00eda que el precio de acceder a \u00e9l sea cero o casi cero. Justamente bajo esa premisa se crearon los Parques Nacionales P\u00daBLICOS: para que todos podamos usarlos y disfrutarlos\u201d, resalt\u00f3 el ministro y subray\u00f3: \u201cEn la Argentina la regulaci\u00f3n ha generado locuras, pero pocas igualan lo que produjo en nuestros Parques Nacionales:<strong>\u00a0transformar un bien p\u00fablico en un monopolio privado<\/strong>. El caso del minitrekking sobre el\u00a0<strong>Glaciar Perito Moreno<\/strong>\u00a0es el ejemplo m\u00e1s claro de este modelo absurdo, donde\u00a0<strong>una sola empresa con exclusividad, sin competencia, cobra hoy\u00a0casi US$400 por una caminata de 4 horas\u201d.<\/strong><\/p>\n<p><img loading=\"lazy\" decoding=\"async\" class=\"alignnone wp-image-6695 size-large\" src=\"https:\/\/cafeprensa.com.ar\/wp-content\/uploads\/2025\/03\/1a846008-a7b8-453e-86db-ee8629b98dea-1024x713.jpg\" alt=\"\" width=\"1024\" height=\"713\" srcset=\"https:\/\/cafeprensa.com.ar\/wp-content\/uploads\/2025\/03\/1a846008-a7b8-453e-86db-ee8629b98dea-1024x713.jpg 1024w, https:\/\/cafeprensa.com.ar\/wp-content\/uploads\/2025\/03\/1a846008-a7b8-453e-86db-ee8629b98dea-300x209.jpg 300w, https:\/\/cafeprensa.com.ar\/wp-content\/uploads\/2025\/03\/1a846008-a7b8-453e-86db-ee8629b98dea-768x535.jpg 768w, https:\/\/cafeprensa.com.ar\/wp-content\/uploads\/2025\/03\/1a846008-a7b8-453e-86db-ee8629b98dea-1536x1069.jpg 1536w, https:\/\/cafeprensa.com.ar\/wp-content\/uploads\/2025\/03\/1a846008-a7b8-453e-86db-ee8629b98dea.jpg 1800w\" sizes=\"auto, (max-width: 1024px) 100vw, 1024px\" \/><\/p>\n<p class=\"com-paragraph   --s\">De esta forma, Sturzenegger critic\u00f3 que una familia de cinco personas deba pagar un valor de 2000 d\u00f3lares \u201cpara una excursi\u00f3n que\u00a0<strong>no debiera salir m\u00e1s de 50 o 60 d\u00f3lares por persona<\/strong>\u201d. \u201cUn verdadero atentado a la racionalidad y una\u00a0<strong>cat\u00e1strofe\u00a0<\/strong>para el turismo en el pa\u00eds\u201d, calific\u00f3 y celebr\u00f3: \u201cLas resoluciones 61\/25 y 62\/25 instauran un nuevo modelo que impulsa una\u00a0<strong>oferta amplia, competitiva y diversa acorde a distintas preferencias y niveles de calidad<\/strong>. En definitiva, nos devuelve la libertad de poder elegir c\u00f3mo, con qui\u00e9n y a qu\u00e9 precio disfrutar nuestros parques\u201d.<\/p>\n<div class=\"com-embed --twitter\">\n<div class=\"twitter-tweet twitter-tweet-rendered\"><iframe id=\"twitter-widget-1\" class=\"\" title=\"X Post\" src=\"https:\/\/platform.twitter.com\/embed\/Tweet.html?creatorScreenName=LANACION&amp;dnt=false&amp;embedId=twitter-widget-1&amp;features=eyJ0ZndfdGltZWxpbmVfbGlzdCI6eyJidWNrZXQiOltdLCJ2ZXJzaW9uIjpudWxsfSwidGZ3X2ZvbGxvd2VyX2NvdW50X3N1bnNldCI6eyJidWNrZXQiOnRydWUsInZlcnNpb24iOm51bGx9LCJ0ZndfdHdlZXRfZWRpdF9iYWNrZW5kIjp7ImJ1Y2tldCI6Im9uIiwidmVyc2lvbiI6bnVsbH0sInRmd19yZWZzcmNfc2Vzc2lvbiI6eyJidWNrZXQiOiJvbiIsInZlcnNpb24iOm51bGx9LCJ0ZndfZm9zbnJfc29mdF9pbnRlcnZlbnRpb25zX2VuYWJsZWQiOnsiYnVja2V0Ijoib24iLCJ2ZXJzaW9uIjpudWxsfSwidGZ3X21peGVkX21lZGlhXzE1ODk3Ijp7ImJ1Y2tldCI6InRyZWF0bWVudCIsInZlcnNpb24iOm51bGx9LCJ0ZndfZXhwZXJpbWVudHNfY29va2llX2V4cGlyYXRpb24iOnsiYnVja2V0IjoxMjA5NjAwLCJ2ZXJzaW9uIjpudWxsfSwidGZ3X3Nob3dfYmlyZHdhdGNoX3Bpdm90c19lbmFibGVkIjp7ImJ1Y2tldCI6Im9uIiwidmVyc2lvbiI6bnVsbH0sInRmd19kdXBsaWNhdGVfc2NyaWJlc190b19zZXR0aW5ncyI6eyJidWNrZXQiOiJvbiIsInZlcnNpb24iOm51bGx9LCJ0ZndfdXNlX3Byb2ZpbGVfaW1hZ2Vfc2hhcGVfZW5hYmxlZCI6eyJidWNrZXQiOiJvbiIsInZlcnNpb24iOm51bGx9LCJ0ZndfdmlkZW9faGxzX2R5bmFtaWNfbWFuaWZlc3RzXzE1MDgyIjp7ImJ1Y2tldCI6InRydWVfYml0cmF0ZSIsInZlcnNpb24iOm51bGx9LCJ0ZndfbGVnYWN5X3RpbWVsaW5lX3N1bnNldCI6eyJidWNrZXQiOnRydWUsInZlcnNpb24iOm51bGx9LCJ0ZndfdHdlZXRfZWRpdF9mcm9udGVuZCI6eyJidWNrZXQiOiJvbiIsInZlcnNpb24iOm51bGx9fQ%3D%3D&amp;frame=false&amp;hideCard=false&amp;hideThread=false&amp;id=1904836998927437881&amp;lang=es&amp;origin=https%3A%2F%2Fwww.lanacion.com.ar%2Feconomia%2Fel-gobierno-oficializo-la-desregulacion-del-turismo-en-parques-nacionales-nid26032025%2F&amp;sessionId=cb36ac7e9d915508c7e55eb8e6bc0b6e57154f13&amp;siteScreenName=LANACION&amp;theme=light&amp;widgetsVersion=2615f7e52b7e0%3A1702314776716&amp;width=550px\" frameborder=\"0\" scrolling=\"no\" allowfullscreen=\"allowfullscreen\" data-tweet-id=\"1904836998927437881\" data-mce-fragment=\"1\"><\/iframe><\/div>\n<\/div>\n<p class=\"com-paragraph   --s\">El documento -que lleva la firma de\u00a0<strong>Cristian Larsen<\/strong>, titular de Parques Nacionales, y del resto del directorio de la administraci\u00f3n- establece una serie de cambios que comenzar\u00e1n a regir a partir del momento de su publicaci\u00f3n. En primer lugar, quienes quieran ofrecer actividades dentro de los establecimientos podr\u00e1n solicitar la autorizaci\u00f3n de forma digital y con\u00a0<strong>menos requisitos<\/strong>. <strong>\u201cSe autoriza la instalaci\u00f3n de estructura ef\u00edmera con requisitos m\u00ednimos (cuando antes, por m\u00e1s peque\u00f1a que fuera la obra, se ped\u00edan m\u00e1s tr\u00e1mites que los que exige la Ciudad para construir un edificio)\u201d,<\/strong> detall\u00f3 el ministro de Desregulaci\u00f3n.<\/p>\n<div class=\"com-embed --twitter\">\n<div class=\"twitter-tweet twitter-tweet-rendered\"><iframe id=\"twitter-widget-2\" class=\"\" title=\"X Post\" src=\"https:\/\/platform.twitter.com\/embed\/Tweet.html?creatorScreenName=LANACION&amp;dnt=false&amp;embedId=twitter-widget-2&amp;features=eyJ0ZndfdGltZWxpbmVfbGlzdCI6eyJidWNrZXQiOltdLCJ2ZXJzaW9uIjpudWxsfSwidGZ3X2ZvbGxvd2VyX2NvdW50X3N1bnNldCI6eyJidWNrZXQiOnRydWUsInZlcnNpb24iOm51bGx9LCJ0ZndfdHdlZXRfZWRpdF9iYWNrZW5kIjp7ImJ1Y2tldCI6Im9uIiwidmVyc2lvbiI6bnVsbH0sInRmd19yZWZzcmNfc2Vzc2lvbiI6eyJidWNrZXQiOiJvbiIsInZlcnNpb24iOm51bGx9LCJ0ZndfZm9zbnJfc29mdF9pbnRlcnZlbnRpb25zX2VuYWJsZWQiOnsiYnVja2V0Ijoib24iLCJ2ZXJzaW9uIjpudWxsfSwidGZ3X21peGVkX21lZGlhXzE1ODk3Ijp7ImJ1Y2tldCI6InRyZWF0bWVudCIsInZlcnNpb24iOm51bGx9LCJ0ZndfZXhwZXJpbWVudHNfY29va2llX2V4cGlyYXRpb24iOnsiYnVja2V0IjoxMjA5NjAwLCJ2ZXJzaW9uIjpudWxsfSwidGZ3X3Nob3dfYmlyZHdhdGNoX3Bpdm90c19lbmFibGVkIjp7ImJ1Y2tldCI6Im9uIiwidmVyc2lvbiI6bnVsbH0sInRmd19kdXBsaWNhdGVfc2NyaWJlc190b19zZXR0aW5ncyI6eyJidWNrZXQiOiJvbiIsInZlcnNpb24iOm51bGx9LCJ0ZndfdXNlX3Byb2ZpbGVfaW1hZ2Vfc2hhcGVfZW5hYmxlZCI6eyJidWNrZXQiOiJvbiIsInZlcnNpb24iOm51bGx9LCJ0ZndfdmlkZW9faGxzX2R5bmFtaWNfbWFuaWZlc3RzXzE1MDgyIjp7ImJ1Y2tldCI6InRydWVfYml0cmF0ZSIsInZlcnNpb24iOm51bGx9LCJ0ZndfbGVnYWN5X3RpbWVsaW5lX3N1bnNldCI6eyJidWNrZXQiOnRydWUsInZlcnNpb24iOm51bGx9LCJ0ZndfdHdlZXRfZWRpdF9mcm9udGVuZCI6eyJidWNrZXQiOiJvbiIsInZlcnNpb24iOm51bGx9fQ%3D%3D&amp;frame=false&amp;hideCard=false&amp;hideThread=false&amp;id=1904837160080978281&amp;lang=es&amp;origin=https%3A%2F%2Fwww.lanacion.com.ar%2Feconomia%2Fel-gobierno-oficializo-la-desregulacion-del-turismo-en-parques-nacionales-nid26032025%2F&amp;sessionId=cb36ac7e9d915508c7e55eb8e6bc0b6e57154f13&amp;siteScreenName=LANACION&amp;theme=light&amp;widgetsVersion=2615f7e52b7e0%3A1702314776716&amp;width=550px\" frameborder=\"0\" scrolling=\"no\" allowfullscreen=\"allowfullscreen\" data-tweet-id=\"1904837160080978281\" data-mce-fragment=\"1\"><\/iframe><\/div>\n<\/div>\n<p class=\"com-paragraph   --s\">Otro de los puntos m\u00e1s importantes tiene que ver con la\u00a0<strong>eliminaci\u00f3n de la obligatoriedad de que las empresas tengan gu\u00edas habilitados para realizar los recorridos<\/strong>. Hasta el momento, la intervenci\u00f3n exig\u00eda que est\u00e9n presentes en parques de dif\u00edcil acceso que requirieran excursiones y demandaran cuidados complejos. \u201cUna exigencia tan absurda como pedir que quien visita un museo deba hacerlo obligatoriamente con gu\u00eda\u201d, explic\u00f3 Sturzenegger, que tambi\u00e9n detall\u00f3 que a partir de ahora solo ser\u00e1n requeridos \u201cen actividades de riesgo\u201d.<\/p>\n<p class=\"com-paragraph   --s\">\u201cEl esquema anterior no solo exig\u00eda su presencia obligatoria en toda actividad, sino que adem\u00e1s impon\u00eda una<strong>\u00a0evaluaci\u00f3n completamente absurda para habilitarlos<\/strong>. Incluso quienes hab\u00edan cursado durante tres a\u00f1os una carrera oficial y obtenido el t\u00edtulo de Gu\u00eda de Turismo deb\u00edan rendir un examen f\u00edsico y te\u00f3rico para poder ejercer. M\u00e1s a\u00fan, deb\u00edan revalidarlo todos los a\u00f1os y aun as\u00ed si lo sacaban para un parque no pod\u00edan usarlo en otro. En el nuevo modelo, toda esa parafernalia se elimina:\u00a0<strong>bastar\u00e1 con presentar el t\u00edtulo habilitante y demostrar ciertos conocimientos sobre las particularidades del parque\u00a0<\/strong>donde se brinde el servicio\u201d, indic\u00f3.<\/p>\n<p><img loading=\"lazy\" decoding=\"async\" class=\"alignnone wp-image-6696 size-large\" src=\"https:\/\/cafeprensa.com.ar\/wp-content\/uploads\/2025\/03\/Iguazu_Catarata-1024x569.jpg\" alt=\"\" width=\"1024\" height=\"569\" srcset=\"https:\/\/cafeprensa.com.ar\/wp-content\/uploads\/2025\/03\/Iguazu_Catarata-1024x569.jpg 1024w, https:\/\/cafeprensa.com.ar\/wp-content\/uploads\/2025\/03\/Iguazu_Catarata-300x167.jpg 300w, https:\/\/cafeprensa.com.ar\/wp-content\/uploads\/2025\/03\/Iguazu_Catarata-768x427.jpg 768w, https:\/\/cafeprensa.com.ar\/wp-content\/uploads\/2025\/03\/Iguazu_Catarata.jpg 1152w\" sizes=\"auto, (max-width: 1024px) 100vw, 1024px\" \/><\/p>\n<p class=\"com-paragraph   --s\">Finalmente, entre las actividades que se desregularon gracias a la resoluci\u00f3n se encuentra el trabajo de los fot\u00f3grafos, las excursiones con caballos y con balsas, y el registro de veh\u00edculos. \u201c<strong>Esta reforma no implica renunciar al control de las actividades ni abandonar los principios de conservaci\u00f3n ambiental<\/strong>. El poder de supervisi\u00f3n permanece intacto en manos de la Administraci\u00f3n de Parques. Lo que hicimos fue eliminar las barreras que imped\u00edan al sector tur\u00edstico moverse con libertad, competir, innovar y ofrecer experiencias para todos los p\u00fablicos\u201d, cerr\u00f3.<\/p>\n<\/div>\n<\/div>\n<\/div>\n<\/div>\n<\/section>\n<\/div>\n<\/div>\n","protected":false},"excerpt":{"rendered":"<p>La medida fue publicada en el Bolet\u00edn Oficial de este mi\u00e9rcoles y compartida por el ministro Federico Sturzenegger. El Gobierno oficializ\u00f3 la\u00a0desregulaci\u00f3n del turismo dentro de los 39 parques nacionales\u00a0que existen en el pa\u00eds. A trav\u00e9s de las Resoluciones\u00a061\/2025\u00a0y\u00a062\/2025\u00a0que fueron publicadas en el\u00a0Bolet\u00edn Oficial\u00a0de este mi\u00e9rcoles, la administraci\u00f3n mile\u00edsta celebr\u00f3 la\u00a0eliminaci\u00f3n de \u201crequisitos excesivos\u201d\u00a0y la &hellip;<\/p>\n","protected":false},"author":2,"featured_media":6694,"comment_status":"open","ping_status":"open","sticky":false,"template":"","format":"standard","meta":{"footnotes":""},"categories":[33,170],"tags":[44,1207],"class_list":["post-6691","post","type-post","status-publish","format-standard","has-post-thumbnail","hentry","category-nacionales","category-turismo","tag-gobierno-nacional","tag-parques-nacionales"],"_links":{"self":[{"href":"https:\/\/cafeprensa.com.ar\/index.php\/wp-json\/wp\/v2\/posts\/6691","targetHints":{"allow":["GET"]}}],"collection":[{"href":"https:\/\/cafeprensa.com.ar\/index.php\/wp-json\/wp\/v2\/posts"}],"about":[{"href":"https:\/\/cafeprensa.com.ar\/index.php\/wp-json\/wp\/v2\/types\/post"}],"author":[{"embeddable":true,"href":"https:\/\/cafeprensa.com.ar\/index.php\/wp-json\/wp\/v2\/users\/2"}],"replies":[{"embeddable":true,"href":"https:\/\/cafeprensa.com.ar\/index.php\/wp-json\/wp\/v2\/comments?post=6691"}],"version-history":[{"count":1,"href":"https:\/\/cafeprensa.com.ar\/index.php\/wp-json\/wp\/v2\/posts\/6691\/revisions"}],"predecessor-version":[{"id":6697,"href":"https:\/\/cafeprensa.com.ar\/index.php\/wp-json\/wp\/v2\/posts\/6691\/revisions\/6697"}],"wp:featuredmedia":[{"embeddable":true,"href":"https:\/\/cafeprensa.com.ar\/index.php\/wp-json\/wp\/v2\/media\/6694"}],"wp:attachment":[{"href":"https:\/\/cafeprensa.com.ar\/index.php\/wp-json\/wp\/v2\/media?parent=6691"}],"wp:term":[{"taxonomy":"category","embeddable":true,"href":"https:\/\/cafeprensa.com.ar\/index.php\/wp-json\/wp\/v2\/categories?post=6691"},{"taxonomy":"post_tag","embeddable":true,"href":"https:\/\/cafeprensa.com.ar\/index.php\/wp-json\/wp\/v2\/tags?post=6691"}],"curies":[{"name":"wp","href":"https:\/\/api.w.org\/{rel}","templated":true}]}}