{"id":6714,"date":"2025-03-27T12:02:09","date_gmt":"2025-03-27T11:02:09","guid":{"rendered":"https:\/\/cafeprensa.com.ar\/?p=6714"},"modified":"2025-03-27T12:02:09","modified_gmt":"2025-03-27T11:02:09","slug":"avanza-un-proyecto-para-declarar-la-emergencia-en-discapacidad","status":"publish","type":"post","link":"https:\/\/cafeprensa.com.ar\/index.php\/2025\/03\/27\/avanza-un-proyecto-para-declarar-la-emergencia-en-discapacidad\/","title":{"rendered":"Avanza un proyecto para declarar la emergencia en discapacidad"},"content":{"rendered":"<div class=\"post-content\">\n<p>El dictamen se firm\u00f3 en la Comisi\u00f3n de Salud de Diputados y la oposici\u00f3n adelant\u00f3 que pedir\u00e1 el emplazamiento de <strong>Presupuesto y Hacienda,<\/strong> a donde tambi\u00e9n tiene giro. Repudio al cierre del Instituto Nacional del C\u00e1ncer.<\/p>\n<\/div>\n<div class=\"contenido-post\">\n<p>Con la ausencia de <strong>La Libertad Avanza y sus aliados del Pro y la UCR,<\/strong> la oposici\u00f3n en la Comisi\u00f3n de Acci\u00f3n Social y Salud P\u00fablica de Diputados avanz\u00f3 con el dictamen de un proyecto de ley que propone declarar la emergencia en discapacidad en todo el <strong>territorio nacional hasta el 31 de diciembre de 2027<\/strong>.<\/p>\n<p>La iniciativa, que reuni\u00f3 un total de 21 firmas y hab\u00eda obtenido previamente despacho en la Comisi\u00f3n de Discapacidad, deber\u00e1 pasar ahora por Presupuesto y Hacienda, comandada por el oficialista\u00a0<strong>Jos\u00e9 Luis Espert<\/strong>. Ante la resistencia de LLA, varios legisladores anticiparon la intenci\u00f3n de votar un emplazamiento a Presupuesto en el recinto en la pr\u00f3xima sesi\u00f3n que haya.<\/p>\n<p>El proyecto busca establecer diversas medidas de protecci\u00f3n y promoci\u00f3n de derechos; garantizar el financiamiento adecuado de las pensiones no contributivas; fortalecer los prestadores b\u00e1sicos; garantizar el presupuesto de la Agencia Nacional de Discapacidad y sostener el cupo laboral para personas con discapacidad, entre otros puntos. Adem\u00e1s, la propuesta introduce modificaciones a distintas leyes para armonizarlas con las disposiciones de la Convenci\u00f3n sobre los Derechos de las Personas con Discapacidad.<\/p>\n<p>Impulsor del proyecto y presidente de la Comisi\u00f3n de Discapacidad, el diputado de Uni\u00f3n por la Patria\u00a0<strong>Daniel Arroyo<\/strong>, sostuvo que \u201cemergencia significa darle prioridad presupuestaria a la atenci\u00f3n a la problem\u00e1tica de la discapacidad\u201d y \u201clleva a obligar al Estado Nacional a darle prioridad a un esquema puntual\u201d.<\/p>\n<p><strong>\u201cSe est\u00e1n dando muy pocas prestaciones para las personas con discapacidad. Tenemos dificultad con el transporte. Hoy se les paga a los transportistas menos de la mitad del valor del litro de nafta, con lo cual alguien que tiene que hacer un tratamiento cinco d\u00edas a la semana, lo llevan dos\u201d, grafic\u00f3 y mencion\u00f3 que adem\u00e1s hay \u201cproblemas serios en materia de educaci\u00f3n\u201d con gran rotaci\u00f3n de asistentes que acompa\u00f1an a los alumnos. Tambi\u00e9n se suma \u201cel retraso claro en el acceso a los medicamentos\u201d<\/strong>.<\/p>\n<p>El exministro de Desarrollo Social precis\u00f3 que hay <strong>1.200.000 personas que \u201cacceden a una pensi\u00f3n por discapacidad, que es el 70% de la jubilaci\u00f3n m\u00ednima\u201d.<\/strong> \u201cEst\u00e1 bien, hay que hacer una auditor\u00eda, es evidente que hay personas que accedieron a pensiones que no les correspond\u00edan. Pero llevamos 15 meses y estamos en un promedio de 300 mil cartas documento\u201d, se\u00f1al\u00f3 y afirm\u00f3 que \u201cse est\u00e1 haciendo un proceso de ajuste absolutamente brutal\u201d.<\/p>\n<p>Arroyo sum\u00f3 que, a todo esto, la Agencia Nacional de Discapacidad \u201cpas\u00f3 de la Jefatura de Gabinete al \u00e1rea de Salud; en un concepto que retrocede m\u00e1s de 100 a\u00f1os\u201d. El legislador apunt\u00f3 que las pensiones deber\u00edan actualizarse por inflaci\u00f3n, pero que en su opini\u00f3n el proyecto no deber\u00eda pasar por la Comisi\u00f3n de Presupuesto, \u201cporque no hay presupuesto este a\u00f1o. No estamos creando ning\u00fan hecho nuevo en t\u00e9rminos fiscales\u201d, sino que se tratar\u00eda de reasignaci\u00f3n de partidas.<\/p>\n<p><img loading=\"lazy\" decoding=\"async\" class=\"alignnone wp-image-388611 size-full\" src=\"https:\/\/www.parlamentario.com\/wp-content\/uploads\/2025\/03\/daniel-arroyo.webp\" sizes=\"auto, (max-width: 750px) 100vw, 750px\" srcset=\"https:\/\/www.parlamentario.com\/wp-content\/uploads\/2025\/03\/daniel-arroyo.webp 750w, https:\/\/www.parlamentario.com\/wp-content\/uploads\/2025\/03\/daniel-arroyo-300x200.webp 300w\" alt=\"\" width=\"750\" height=\"500\" \/><\/p>\n<p><em><strong>Daniel Arroyo<\/strong><\/em><\/p>\n<p>Luego, el diputado de UP\u00a0<strong>Eduardo Vald\u00e9s<\/strong>\u00a0observ\u00f3 que \u201cpara este Gobierno el verbo auditar es aniquilar derechos. Nunca se les ocurrir\u00eda auditar a los grandes unicornios que todos los a\u00f1os se llevan de piso 100 millones de d\u00f3lares (en subsidios). Con eso se resolver\u00eda todo el d\u00e9ficit de las personas con discapacidad\u201d. \u201cLa \u00fanica discapacidad en la vida es una mala actitud y es lo que est\u00e1n haciendo hoy\u201d, expres\u00f3.<\/p>\n<p>Por su parte, su par\u00a0<strong>Victoria Tolosa Paz<\/strong>\u00a0cuestion\u00f3 que \u201ces un caballito de batalla de este Gobierno poner el gran manto de duda sobre las personas con discapacidad, y poner la excusa de una gran auditor\u00eda para, no solamente no dar ninguna nueva alta, sino para seguir congelando el monto de la pensi\u00f3n\u201d.<\/p>\n<p><strong>\u201cEl Gobierno imagina a las personas con discapacidad solamente como personas que tienen una enfermedad\u201d, dijo y habl\u00f3, en cambio, a favor de una concepci\u00f3n de \u201cmodelo social\u201d que \u201cles permite ser incluidas en la sociedad\u201d<\/strong>. \u201cEste proyecto vuelve a poner en cabeza de la ANDIS toda la competencia y la saca del Ministerio de Salud\u201d, explic\u00f3. Adem\u00e1s, la exministra de Desarrollo Social anticip\u00f3 que desde la oposici\u00f3n buscar\u00e1n votar un emplazamiento a la Comisi\u00f3n de Presupuesto y Hacienda, porque \u201ces la \u00fanica opci\u00f3n\u201d ya que \u201ceste tema no est\u00e1 en la agenda del Ejecutivo\u201d.<\/p>\n<p>Otra de las que habl\u00f3 fue<strong>\u00a0Danya Tavela<\/strong>, del bloque Democracia para Siempre, quien resalt\u00f3 que \u201cestamos ante una situaci\u00f3n cr\u00edtica\u201d. \u201cLa discapacidad tambi\u00e9n puede adquirirse, nadie est\u00e1 exento\u201d, advirti\u00f3 la radical y reconoci\u00f3 que no le \u201cgusta\u201d declarar emergencias, \u201cpero a veces no queda otra alternativa\u201d.<\/p>\n<p>\u201cSeguramente no ser\u00e1n muchos los diputados que acompa\u00f1en, porque en este pacto de oscuridad y silencio que algunos sectores est\u00e1n llevando adelante con el Gobierno, muchas veces estos temas quedan para otra oportunidad\u201d, lament\u00f3 y asegur\u00f3:<strong> \u201cTenemos que impedir que este Gobierno siga en este camino de abandono, de desidia, de mala fe\u201d.<\/strong><\/p>\n<p>En tanto, la socialista\u00a0<strong>M\u00f3nica Fein<\/strong>\u00a0opin\u00f3 que este es \u201cun proyecto que nos da humanidad como Congreso\u201d, mientras que el legislador de izquierda\u00a0<strong>Nicol\u00e1s del Ca\u00f1o<\/strong>\u00a0subray\u00f3 que las personas con discapacidad \u201cbajo este Gobierno han recibido ataques de todo tipo. Antes de cualquier auditor\u00eda ya ten\u00edan planteada la motosierra sobre 300 mil pensiones, algo que estaba previsto en el proyecto del Presupuesto 2025\u201d, que nunca se trat\u00f3.<\/p>\n<p><strong>Germ\u00e1n Mart\u00ednez<\/strong>, jefe del bloque de Uni\u00f3n por la Patria, ejemplific\u00f3 que \u201ccon la mitad de los fondos reservados que le dieron a la SIDE, podr\u00edamos estar financiando la totalidad de las prestaciones para las personas con discapacidad\u201d. \u201cLa crueldad que mencionaron todos los diputados, cuando uno le pone n\u00fameros queda m\u00e1s clara la arbitrariedad, la discrecionalidad y la escasa o nula voluntad pol\u00edtica de resolver este tema\u201d, agreg\u00f3.<\/p>\n<p>En el final del debate sobre el proyecto, el diputado misionero del bloque Innovaci\u00f3n Federal\u00a0<strong>Carlos Fern\u00e1ndez<\/strong>\u00a0se sincer\u00f3: \u201cA pesar de estar acompa\u00f1ando (al oficialismo) en muchas cosas que no queremos y votamos por conveniencias provinciales, he logrado que en mi provincia me autoricen a acompa\u00f1ar esto\u201d. Y pidi\u00f3 avanzar en el di\u00e1logo y consenso para que, todos aquellos que tambi\u00e9n \u201cnecesiten la autorizaci\u00f3n de los gobernadores\u201d, avalen en la Comisi\u00f3n de Presupuesto \u201cy podamos meter esa firma con total autoridad y convicci\u00f3n de que es necesario\u201d.<\/p>\n<p>M\u00e1s adelante, cuando dijo que iba a hacer una \u201ccatarsis\u201d sobre la coyuntura en cuanto a las medidas en salud del Gobierno, el diputado de UP\u00a0<strong>Daniel Goll\u00e1n<\/strong>\u00a0lanz\u00f3 que \u201cen alg\u00fan momento tenemos que parar y decir \u2018nuestra consciencia nos dicta una cosa, y si mi gobernador me manda a hacer otra, y mi consciencia me dice que yo no puedo dejar a los discapacitados desamparados, tenemos que ir a favor de los discapacitados\u2019\u201d.<\/p>\n<p>Por otra parte, pasaron a la firma varios proyectos de declaraci\u00f3n y pedidos de informes al Ejecutivo. Respecto de los referidos al cierre del Instituto Nacional del C\u00e1ncer, Del Ca\u00f1o enfatiz\u00f3 que esa decisi\u00f3n \u201cmarca nuevamente la crueldad del Gobierno\u201d en el marco de \u201cun ajuste muy fuerte que est\u00e1 viviendo toda la salud\u201d. Y rechaz\u00f3 que el pedido de informes sobre este tema tenga giro a Presupuesto: \u201cEs absolutamente rid\u00edculo\u201d.<\/p>\n<p>En tanto, la diputada de UP\u00a0<strong>Roxana Monz\u00f3n<\/strong>\u00a0manifest\u00f3 que el Instituto trabajaba en \u201cla prevenci\u00f3n, que es muy importante, dado que la mayor\u00eda de los c\u00e1nceres que presenta la poblaci\u00f3n se pueden de alguna manera solucionar con la prevenci\u00f3n\u201d. \u201cEs muy grave y no tiene explicaci\u00f3n\u201d, dijo sobre la decisi\u00f3n del Ministerio de Salud de absorber el INC.<\/p>\n<p>\u201cEs una medida desacertada del Gobierno\u201d, coincidi\u00f3 el diputado de UP\u00a0<strong>Pablo Yedlin<\/strong>, <strong>presidente de la Comisi\u00f3n de Salud<\/strong>, quien record\u00f3 que este mi\u00e9rcoles es el <strong>D\u00eda Mundial de la Prevenci\u00f3n del C\u00e1ncer del Cuello Uterino y \u201cen Argentina mueren por a\u00f1o 2.300 mujeres\u201d<\/strong> por esta causa. Al recordar la Ley de Cuidados Paliativos y el programa all\u00ed contemplado, Fein subray\u00f3 que \u201cal derogar el programa dentro del Instituto del C\u00e1ncer, se deja tambi\u00e9n sin efecto una ley votada por este Congreso\u201d.<\/p>\n<\/div>\n","protected":false},"excerpt":{"rendered":"<p>El dictamen se firm\u00f3 en la Comisi\u00f3n de Salud de Diputados y la oposici\u00f3n adelant\u00f3 que pedir\u00e1 el emplazamiento de Presupuesto y Hacienda, a donde tambi\u00e9n tiene giro. Repudio al cierre del Instituto Nacional del C\u00e1ncer. Con la ausencia de La Libertad Avanza y sus aliados del Pro y la UCR, la oposici\u00f3n en la &hellip;<\/p>\n","protected":false},"author":2,"featured_media":6715,"comment_status":"open","ping_status":"open","sticky":false,"template":"","format":"standard","meta":{"footnotes":""},"categories":[1636],"tags":[249,442],"class_list":["post-6714","post","type-post","status-publish","format-standard","has-post-thumbnail","hentry","category-diputados","tag-diputados","tag-pablo-yedlin"],"_links":{"self":[{"href":"https:\/\/cafeprensa.com.ar\/index.php\/wp-json\/wp\/v2\/posts\/6714","targetHints":{"allow":["GET"]}}],"collection":[{"href":"https:\/\/cafeprensa.com.ar\/index.php\/wp-json\/wp\/v2\/posts"}],"about":[{"href":"https:\/\/cafeprensa.com.ar\/index.php\/wp-json\/wp\/v2\/types\/post"}],"author":[{"embeddable":true,"href":"https:\/\/cafeprensa.com.ar\/index.php\/wp-json\/wp\/v2\/users\/2"}],"replies":[{"embeddable":true,"href":"https:\/\/cafeprensa.com.ar\/index.php\/wp-json\/wp\/v2\/comments?post=6714"}],"version-history":[{"count":1,"href":"https:\/\/cafeprensa.com.ar\/index.php\/wp-json\/wp\/v2\/posts\/6714\/revisions"}],"predecessor-version":[{"id":6716,"href":"https:\/\/cafeprensa.com.ar\/index.php\/wp-json\/wp\/v2\/posts\/6714\/revisions\/6716"}],"wp:featuredmedia":[{"embeddable":true,"href":"https:\/\/cafeprensa.com.ar\/index.php\/wp-json\/wp\/v2\/media\/6715"}],"wp:attachment":[{"href":"https:\/\/cafeprensa.com.ar\/index.php\/wp-json\/wp\/v2\/media?parent=6714"}],"wp:term":[{"taxonomy":"category","embeddable":true,"href":"https:\/\/cafeprensa.com.ar\/index.php\/wp-json\/wp\/v2\/categories?post=6714"},{"taxonomy":"post_tag","embeddable":true,"href":"https:\/\/cafeprensa.com.ar\/index.php\/wp-json\/wp\/v2\/tags?post=6714"}],"curies":[{"name":"wp","href":"https:\/\/api.w.org\/{rel}","templated":true}]}}