{"id":6822,"date":"2025-03-29T15:40:11","date_gmt":"2025-03-29T14:40:11","guid":{"rendered":"https:\/\/cafeprensa.com.ar\/?p=6822"},"modified":"2025-03-29T15:42:54","modified_gmt":"2025-03-29T14:42:54","slug":"el-mileismo-intenta-resistir-la-presion-del-mercado-mientras-nacionaliza-las-legislativas-en-caba","status":"publish","type":"post","link":"https:\/\/cafeprensa.com.ar\/index.php\/2025\/03\/29\/el-mileismo-intenta-resistir-la-presion-del-mercado-mientras-nacionaliza-las-legislativas-en-caba\/","title":{"rendered":"El mile\u00edsmo intenta resistir la presi\u00f3n del mercado mientras nacionaliza las legislativas en CABA"},"content":{"rendered":"<div class=\"boxed auto\">\n<div class=\"row\">\n<div class=\"pb3p col-12 nota-encabezado\">\n<p class=\"ftitulo cgris-4 fz20 lh26 mb15 mb-md-0\">La falta de figuras oficialistas con capacidad de acumular votos ante el PRO de \u2018los primos Macri&#8217; \u2013como los bautizaron en la Rosada- dispuso arrojar toda la carne a la parrilla con el objetivo de salir airosos en la contienda electoral. En los \u00faltimos tiempos, las semanas cortas suelen ser las m\u00e1s extensas e intensas.<\/p>\n<p class=\"ftitulo cgris-4 fz20 lh26 mb15 mb-md-0\">Al ruido que dej\u00f3 el feriado largo con la numerosa marcha a <b>Plaza de Mayo<\/b>\u00a0al conmemorarse los 49 a\u00f1os del golpe de Estado c\u00edvico-militar-clerical del 24 de marzo del &#8217;76, se sum\u00f3 a la discusi\u00f3n dogm\u00e1tica el temario electoral junto a la cuesti\u00f3n m\u00e1s relevante en medio de esta coyuntura que entremezcla pasado, presente y futuro: La Econom\u00eda.<\/p>\n<p class=\"ftitulo cgris-4 fz20 lh26 mb15 mb-md-0\">El v\u00eddeo institucional de\u00a0<strong>Casa Rosada<\/strong>\u00a0teniendo como protagonista al asesor y titular de la fundaci\u00f3n libertaria El Faro,\u00a0<strong>Agust\u00edn Laje,\u00a0<\/strong>recibi\u00f3 alabanzas de los ultramile\u00edstas y el total repudio de opositores e independientes que observan que el juicio a las juntas militares, con sus consecuentes condenas -m\u00e1s all\u00e1 de las leyes de Obediencia Debida, Punto Final y los indultos de\u00a0<strong>Carlos Menem<\/strong>&#8211; son un tema hist\u00f3ricamente cerrado, indiscutible y reconocido a nivel global.<\/p>\n<\/div>\n<\/div>\n<\/div>\n<div class=\"boxed-fluid auto\">\n<div class=\"row\">\n<div id=\"columna-noticia-1\" class=\"col-12 col-md-9\">\n<div class=\"row\">\n<div class=\"col-12 col-md-10 col-md-offset-2 fparrafo cgris-5 fz18 lh32 mb20\">\n<div class=\"pl10 pr10 pl-md-0 pr-md-0\">\n<div class=\"wysiwyg mb15 mr-md-20 texto_nota\">\n<p class=\"selectionShareable\">De todos modos, no hubo mucho tiempo para dar el debate ya que las horas apremiaban. Las inconsistencias e incertidumbre en el sistema cambiario, as\u00ed como la necesidad de definiciones electorales llevaron al oficialismo a tomar la iniciativa. Con un\u00a0<strong>Javier Milei\u00a0<\/strong>que permaneci\u00f3 cinco d\u00edas en la abulia de Olivos con agendas desconocidas,\u00a0<strong>Luis Caputo\u00a0<\/strong>tuvo que salir a intentar marcar la cancha, asegurando que el\u00a0<strong>FMI<\/strong>\u00a0le otorgar\u00e1 a la Argentina un nuevo acuerdo de facilidades extendidas por 20.000 millones de d\u00f3lares. Los problemas surgieron cuando la propia vocera del organismo, Julie Kozack, no confirm\u00f3 la cifra, aunque reconoci\u00f3 que el empr\u00e9stito era \u201cconsiderable\u201d. Lo que embarr\u00f3 otro tanto la cuesti\u00f3n fue cuando habl\u00f3 de \u201ctramos\u201d y de que todo queda supeditado a la aprobaci\u00f3n del directorio de la entidad financiera mundial, que adem\u00e1s puede llevar varias semanas.<\/p>\n<p class=\"selectionShareable\">La ca\u00edda de reservas del\u00a0<b>Banco Central<\/b>\u00a0sigui\u00f3 su curso descendente y la estrategia del Palacio de Hacienda apenas alivi\u00f3 el d\u00f3lar blue que hab\u00eda alcanzado los 1.310 pesos el mi\u00e9rcoles. Lo mismo ocurri\u00f3 con los financieros. Esto llev\u00f3 al propio jefe de Estado a dar un reportaje donde reiter\u00f3 que no habr\u00e1 devaluaci\u00f3n y que es v\u00edctima de un plan de desestabilizaci\u00f3n encabezado por\u00a0<strong>Cristina Kirchner,\u00a0<\/strong>a la que calific\u00f3 de \u201cfutura presidiaria\u201d. Los cruces con la ex vicepresidenta continuaron en la red social de\u00a0<strong>Elon Musk<\/strong>, pero se fueron diluyendo al borde de la urgencia de\u00a0<strong><em>La Libertad Avanza<\/em><\/strong>\u00a0por mostrar un candidato competitivo en la Ciudad Aut\u00f3noma de Buenos Aires.<\/p>\n<p class=\"selectionShareable\">A horas de la fecha l\u00edmite de este s\u00e1bado 29 de marzo, por los pasillos de Balcarce 50 se ve\u00eda transitar muy activos a la presidenta del partido violeta y secretaria General de la Presidencia,\u00a0<strong>Karina Milei<\/strong>, custodiada por los primos\u00a0<strong>Mart\u00edn\u00a0<\/strong>y\u00a0<strong>Eduardo \u00abLule\u00bb Menem<\/strong>. De la reuni\u00f3n del Gabinete que encabez\u00f3 el primer mandatario fueron r\u00e1pidamente al despacho del riojano que es su mano derecha en esa dependencia. All\u00ed estuvieron varias horas. Ya hab\u00eda habido conferencia de prensa de\u00a0<strong>Manuel Adorni\u00a0<\/strong>en la cual estuvo presente la ministra de Capital Humano,\u00a0<strong>Sandra Pettovello<\/strong>. Una de las nombradas para postularse en la elecci\u00f3n de concejales porte\u00f1os junto a\u00a0<strong>Patricia Bullrich<\/strong>\u00a0-que hab\u00eda salido a caminar un par de cuadras por la Av. Santa Fe esa ma\u00f1ana en modo campa\u00f1a- y Federico Sturzenegger.<\/p>\n<p class=\"selectionShareable\">Con eventuales participaciones del presidente y su m\u00e1ximo asesor,\u00a0<strong>Santiago Caputo<\/strong>, se decidi\u00f3 filtrar a los acreditados en la sede del Poder Ejecutivo que el hombre elegido en la Ciudad era precisamente el que m\u00e1s med\u00eda en las encuestas de opini\u00f3n que la administraci\u00f3n central viene mandando a hacer hace rato, nos referimos al portavoz Adorni, quien ven\u00eda esquivando el convite, pero reconociendo que si sus jefes se los ped\u00edan deber\u00eda acceder.<\/p>\n<p class=\"selectionShareable\">Hace meses, uno de los m\u00e1s influyentes consejeros del \u2018tri\u00e1ngulo de hierro\u2019 hab\u00eda adelantado a\u00a0<strong><em>Pol\u00edticaYMedios\u00a0<\/em><\/strong>lo que ayer fue novedad: \u201cSeguro va Manuel y ya le dijimos que puede seleccionar a su sucesor. \u00c9l prefiere una mujer\u201d, destac\u00f3 el informante en su momento, que con esas declaraciones en off dej\u00f3 la puerta abierta para que el encargado de la comunicaci\u00f3n institucional -si aceptaba representar a LLA- podr\u00eda continuar al mando de la Vocer\u00eda. Seg\u00fan la hermana del mandam\u00e1s del PEN, la candidatura no ser\u00e1 testimonial, sin embargo, la posibilidad no estar\u00eda descartada.<\/p>\n<p class=\"selectionShareable\">Por lo pronto, el contador que arrib\u00f3 al cargo luego de que la periodista\u00a0<strong>Marina Calabr\u00f3\u00a0<\/strong>y la hist\u00f3rica productora,\u00a0<strong>Liliana Parodi\u00a0<\/strong>\u00a0hubiesen rechazado la invitaci\u00f3n, podr\u00e1 mantenerse activo en sus funciones hasta que jure como legislador rioplatense el pr\u00f3ximo 10 de diciembre. Tras ello, \u00e9l podr\u00eda nombrar a quien lo reemplace, o definir que el cargo quede vacante. En ese caso ser\u00e1 una determinaci\u00f3n que correr\u00e1 por cuenta de Milei.<\/p>\n<p class=\"selectionShareable\">Est\u00e1 claro que la falta de figuras oficialistas con capacidad de acumular votos ante el PRO de \u2018los primos Macri&#8217; \u2013como los bautizaron en la Rosada- dispuso arrojar toda la carne a la parrilla con el objetivo de salir airosos en una contienda electoral que es vital para el futuro del mile\u00edsmo que empieza a arrastrar la cruz de su propia gesti\u00f3n, con una \u2018batalla cultural\u2019 que cruza l\u00edmites que van desde el discurso de Milei en Davos, cuando meti\u00f3 en la misma bolsa a los homosexuales con los ped\u00f3filos, o cuando a trav\u00e9s de\u00a0<strong>Vialidad Nacional<\/strong>\u00a0derriba una imagen del reconocido periodista e historiador\u00a0<strong>Osvaldo Bayer<\/strong>. De esta manera, el Gobierno nacionaliza unos comicios que podr\u00edan haber pasado tan desapercibidos como otros distritos que adelantaros los suyos. Tal es el caso de Salta, Jujuy, Chaco, San Luis, Misiones y Santa Fe.<\/p>\n<p class=\"selectionShareable\">La pregunta ahora es qui\u00e9nes ser\u00e1n los seleccionados de parte de la comandancia libertaria a la hora de competir en las Generales. Muchos que fueron expulsados de las huestes gubernamentales ocupar\u00edan esos huecos, pero ya no est\u00e1n. Por nombrar algunos de los m\u00e1s conocidos, se puede pasar lista a la ex canciller\u00a0<strong>Diana Mondino<\/strong>, el ex jefe de Gabinete\u00a0<strong>Nicol\u00e1s Posse<\/strong>\u00a0o el ex ministro de Salud,\u00a0<strong>Mario Russo<\/strong>. La lista es muy extensa.<\/p>\n<p class=\"selectionShareable\">La maniobra va atada a las contingencias econ\u00f3micas que rodean al Palacio de Hacienda, pero tambi\u00e9n al enfrentamiento directo con\u00a0<strong>Mauricio Macri,<\/strong>\u00a0quien, as\u00ed como mantiene -por presi\u00f3n de sus dirigentes- el apoyo en el Parlamento a los mile\u00edstas, considera a los hermanos Milei y al consultor Caputo como personajes desleales que sufren de \u201cfalta de oficio pol\u00edtico\u201d, le revel\u00f3 a este medio un colaborador cercano al ex mandatario. Con todo y eso, los altos colaboradores ministeriales m\u00e1s j\u00f3venes replican en las galer\u00edas de Casa de Gobierno que \u201cel PRO ya fue, es algo viejo, rancio\u201d, postulan.<\/p>\n<p class=\"selectionShareable\">Los l\u00edderes de esos adolescentes que administran el esquema troll del Gobierno quieren tener representantes propios en las listas oficialistas. Uno que estuvo varias veces en el edificio ejecutivo fue\u00a0<strong>Daniel Parisini,<\/strong>\u00a0m\u00e1s conocido como el \u2018Gordo Dan\u2019 por su actividad en las redes y el planeta streaming. La armadora partidaria, Karina M. debate con sus cabecillas qu\u00e9 probabilidades existen de que sus nombres figuren en las boletas \u00fanicas que lleven la cara de Adorni, que har\u00e1 campa\u00f1a desde su atril donde responde preguntas a los acreditados permanentes en la\u00a0<strong>Casa Rosada<\/strong>, a quienes pretende imponerles restricciones para complicarles su actividad en este a\u00f1o tan particular. \u201cNo estamos como para cometer errores\u201d, sentenci\u00f3 semanas atr\u00e1s un funcionario con oficina cercana a la Jefatura de Gabinete. El mensaje iba dirigido a la insistencia caprichosa, que copia (y hasta sobrepasa) los berretines censuradores de la ex vocera de\u00a0<strong>Alberto Fern\u00e1ndez<\/strong>, hablamos de\u00a0<strong>Gabriela Cerruti.<\/strong>\u00a0Actitudes que se condimentan de estratagemas que van en l\u00ednea con ponerse cada vez m\u00e1s en contra de la prensa que desarrolla su labor en el primer piso del hist\u00f3rico palacio de la calle Balcarce.<\/p>\n<p class=\"selectionShareable\">Lo cierto, es que el optimismo que desbordaba hace meses entre los ensoberbecidos liberales libertarios ha bajado mucho en intensidad. \u201cNada es gratis en pol\u00edtica\u201d, le sopl\u00f3 a este cronista un ex mile\u00edsta que se afili\u00f3 a las filas del expulsado\u00a0<strong>Ramiro Marra<\/strong>, que, como aspirante a legislador por la UCeDe, probablemente le reste sufragios a la congregaci\u00f3n karinista, que insiste en mostrarse redoblando apuestas que inevitablemente est\u00e1n haciendo caer la imagen del l\u00edder liberrtario que aspira a salir de estos embrollos resguardado por \u2018las fuerzas del cielo\u2019, esas de las que seg\u00fan infiere, dependen los triunfos, y no del n\u00famero de soldados.<\/p>\n<p class=\"selectionShareable\">\u201cLa tranquera de esta manera de hacer pol\u00edtica la abri\u00f3 \u00e9l (Milei), ahora ser\u00e1 alguien que tenga un estilo parecido, pero con mejores argumentos y expertise quien tenga los galones para enfrentarlo. Yo no veo a nadie\u201d, refrend\u00f3 un referente de la oposici\u00f3n dialoguista, que cada vez dialoga menos con el Gobierno, pero que todav\u00eda intenta tender puentes con lo m\u00e1s diplom\u00e1tico que por ahora le queda a LLA; el ministro Francos, a quien cada vez pareciera resultarle m\u00e1s inc\u00f3modo ese rol. De cualquier manera, el Presidente se resguarda en sus apoyos internacionales. La Canciller\u00eda dej\u00f3 circular que a fines de abril o principios de mayo,\u00a0<strong>Donald Trump\u00a0<\/strong>lo recibir\u00e1 en el Sal\u00f3n Oval de la\u00a0<strong>Casa Blanca<\/strong>\u00a0con el fin de departir, entre otras cosas, en relaci\u00f3n a los aranceles impuestos a la Argentina en el marco de la presi\u00f3n local para que\u00a0<strong>EEUU<\/strong>\u00a0active un acuerdo de libre comercio con nuestro pa\u00eds, que al mandatario argentino le tocar\u00e1 plantear como presidente pro tempore del MerCoSur, que no avala la potencial alianza.<\/p>\n<p><strong>Por: Juan Pablo Peralta (Desde Casa Rosada)<\/strong><\/p>\n<\/div>\n<\/div>\n<\/div>\n<\/div>\n<\/div>\n<\/div>\n<\/div>\n","protected":false},"excerpt":{"rendered":"<p>La falta de figuras oficialistas con capacidad de acumular votos ante el PRO de \u2018los primos Macri&#8217; \u2013como los bautizaron en la Rosada- dispuso arrojar toda la carne a la parrilla con el objetivo de salir airosos en la contienda electoral. En los \u00faltimos tiempos, las semanas cortas suelen ser las m\u00e1s extensas e intensas. &hellip;<\/p>\n","protected":false},"author":2,"featured_media":6823,"comment_status":"open","ping_status":"open","sticky":false,"template":"","format":"standard","meta":{"footnotes":""},"categories":[33,25],"tags":[1050,1661],"class_list":["post-6822","post","type-post","status-publish","format-standard","has-post-thumbnail","hentry","category-nacionales","category-politica","tag-elecciones-2025","tag-gobierno-nacional-patricia-bullrich-luis-caputo-casa-rosada-javier-milei-la-libertad-avanza-balcarce-50-karina-milei-martin-menem-manuel-adorni-elecciones-2025-lule-menem"],"_links":{"self":[{"href":"https:\/\/cafeprensa.com.ar\/index.php\/wp-json\/wp\/v2\/posts\/6822","targetHints":{"allow":["GET"]}}],"collection":[{"href":"https:\/\/cafeprensa.com.ar\/index.php\/wp-json\/wp\/v2\/posts"}],"about":[{"href":"https:\/\/cafeprensa.com.ar\/index.php\/wp-json\/wp\/v2\/types\/post"}],"author":[{"embeddable":true,"href":"https:\/\/cafeprensa.com.ar\/index.php\/wp-json\/wp\/v2\/users\/2"}],"replies":[{"embeddable":true,"href":"https:\/\/cafeprensa.com.ar\/index.php\/wp-json\/wp\/v2\/comments?post=6822"}],"version-history":[{"count":1,"href":"https:\/\/cafeprensa.com.ar\/index.php\/wp-json\/wp\/v2\/posts\/6822\/revisions"}],"predecessor-version":[{"id":6824,"href":"https:\/\/cafeprensa.com.ar\/index.php\/wp-json\/wp\/v2\/posts\/6822\/revisions\/6824"}],"wp:featuredmedia":[{"embeddable":true,"href":"https:\/\/cafeprensa.com.ar\/index.php\/wp-json\/wp\/v2\/media\/6823"}],"wp:attachment":[{"href":"https:\/\/cafeprensa.com.ar\/index.php\/wp-json\/wp\/v2\/media?parent=6822"}],"wp:term":[{"taxonomy":"category","embeddable":true,"href":"https:\/\/cafeprensa.com.ar\/index.php\/wp-json\/wp\/v2\/categories?post=6822"},{"taxonomy":"post_tag","embeddable":true,"href":"https:\/\/cafeprensa.com.ar\/index.php\/wp-json\/wp\/v2\/tags?post=6822"}],"curies":[{"name":"wp","href":"https:\/\/api.w.org\/{rel}","templated":true}]}}