{"id":6826,"date":"2025-03-29T16:19:23","date_gmt":"2025-03-29T15:19:23","guid":{"rendered":"https:\/\/cafeprensa.com.ar\/?p=6826"},"modified":"2025-03-29T16:19:23","modified_gmt":"2025-03-29T15:19:23","slug":"nissan-deja-de-fabricar-en-argentina","status":"publish","type":"post","link":"https:\/\/cafeprensa.com.ar\/index.php\/2025\/03\/29\/nissan-deja-de-fabricar-en-argentina\/","title":{"rendered":"Nissan deja de fabricar en Argentina"},"content":{"rendered":"<header class=\"article-header-wrapper\">\n<div class=\"article-header\">\n<p id=\"nissan-deja-de-fabricar-en-argentina:-como-impactara-la-decision-en-la-industria-automotriz-los-autopartistas-y-el-empleo\" class=\"display-block article-headline text_align_left\">C\u00f3mo impactar\u00e1 la decisi\u00f3n en la industria automotriz, los autopartistas y el empleo. El n\u00famero de unidades no era significativo, pero la p\u00e9rdida de<strong> dos veh\u00edculos de fabricaci\u00f3n nacional afectar\u00e1 la escala de producci\u00f3n.<\/strong> Empleos, proveedores y cu\u00e1nto se puede recuperar con los nuevos proyectos industriales.<\/p>\n<\/div>\n<\/header>\n<article class=\"article\">\n<div class=\"body-article \">\n<div class=\"visual__image image-full-width\"><picture><source srcset=\"https:\/\/www.infobae.com\/resizer\/v2\/27SUW437X5ETBDYHTOQYQBH3FI.jpg?auth=55ea474f2751aa26507dc3ceffc897e796a49ab0b6c24492a9f8c42f10278e50&amp;smart=true&amp;width=1200&amp;height=675&amp;quality=85\" media=\"(min-width: 1200px)\" \/><source srcset=\"https:\/\/www.infobae.com\/resizer\/v2\/27SUW437X5ETBDYHTOQYQBH3FI.jpg?auth=55ea474f2751aa26507dc3ceffc897e796a49ab0b6c24492a9f8c42f10278e50&amp;smart=true&amp;width=992&amp;height=558&amp;quality=85\" media=\"(min-width: 1000px)\" \/><source srcset=\"https:\/\/www.infobae.com\/resizer\/v2\/27SUW437X5ETBDYHTOQYQBH3FI.jpg?auth=55ea474f2751aa26507dc3ceffc897e796a49ab0b6c24492a9f8c42f10278e50&amp;smart=true&amp;width=768&amp;height=432&amp;quality=85\" media=\"(min-width: 768px)\" \/><source srcset=\"https:\/\/www.infobae.com\/resizer\/v2\/27SUW437X5ETBDYHTOQYQBH3FI.jpg?auth=55ea474f2751aa26507dc3ceffc897e796a49ab0b6c24492a9f8c42f10278e50&amp;smart=true&amp;width=577&amp;height=325&amp;quality=85\" media=\"(min-width: 580px)\" \/><source srcset=\"https:\/\/www.infobae.com\/resizer\/v2\/27SUW437X5ETBDYHTOQYQBH3FI.jpg?auth=55ea474f2751aa26507dc3ceffc897e796a49ab0b6c24492a9f8c42f10278e50&amp;smart=true&amp;width=420&amp;height=236&amp;quality=85\" media=\"(min-width: 350px)\" \/><source srcset=\"https:\/\/www.infobae.com\/resizer\/v2\/27SUW437X5ETBDYHTOQYQBH3FI.jpg?auth=55ea474f2751aa26507dc3ceffc897e796a49ab0b6c24492a9f8c42f10278e50&amp;smart=true&amp;width=350&amp;height=197&amp;quality=85\" media=\"(min-width: 80px)\" \/><img loading=\"lazy\" decoding=\"async\" class=\"global-image\" src=\"https:\/\/www.infobae.com\/resizer\/v2\/27SUW437X5ETBDYHTOQYQBH3FI.jpg?auth=55ea474f2751aa26507dc3ceffc897e796a49ab0b6c24492a9f8c42f10278e50&amp;smart=true&amp;width=350&amp;height=197&amp;quality=85\" alt=\"La decisi\u00f3n de dejar de\" width=\"1920\" height=\"1080\" \/><\/picture><strong>La decisi\u00f3n de dejar de fabricar Nissan Frontier y Renault Alaskan implica un cambio de funcionamiento en la F\u00e1brica Santa Isabe<\/strong>l, mientras espera el lanzamiento de la pickup Renault Ni\u00e1gara para mediados de 2026<\/div>\n<p class=\"paragraph\" data-mrf-recirculation=\"Links inline\">La decisi\u00f3n de\u00a0<b>Nissan Argentina<\/b>\u00a0de dejar de fabricar veh\u00edculos en Argentina cierra el lapso de 8 a\u00f1os en el que la marca japonesa produjo localmente dos generaciones de su\u00a0<b>pickup Frontier<\/b>: la primera etapa, de 2018 a 2022, y la segunda, desde entonces hasta fines de 2025.<\/p>\n<p class=\"paragraph\" data-mrf-recirculation=\"Links inline\">La decisi\u00f3n de discontinuar la fabricaci\u00f3n local se debe a un cambio de estrategia global de la marca y tambi\u00e9n a una\u00a0<b>ca\u00edda de ventas en el mercado local y en algunos destinos de exportaci\u00f3n<\/b>\u00a0como Chile y Colombia, a los que hab\u00eda empezado a exportar en 2023.<\/p>\n<div class=\"headline-wrapper\">\n<h2 class=\"header headline-class-h2\">Empleo<\/h2>\n<\/div>\n<p class=\"paragraph\" data-mrf-recirculation=\"Links inline\">La decisi\u00f3n de dejar de producir en Argentina tendr\u00e1 impacto directo en la mano de obra actualmente ocupada en la fabricaci\u00f3n de\u00a0<b>Nissan Frontier<\/b>\u00a0y de la pickup\u00a0<b>Renault Alaskan<\/b>, el modelo que en paralelo se hace para la marca francesa utilizando la misma plataforma de chasis, motor, transmisi\u00f3n y carrocer\u00eda. De hecho, esas dos pickups se elaboran en la F\u00e1brica Santa Isabel.\u00a0<b>\u201cEs una pickup de concepci\u00f3n Nissan, fabricada en una planta Renault por operadores de Renault\u201d<\/b>, dijeron siempre los ejecutivos de la marca francesa.<\/p>\n<div class=\"visual__image image-full-width\"><picture><source srcset=\"https:\/\/www.infobae.com\/resizer\/v2\/T4IDHBH7HNFX7IIAODYGMJO6EM.jpg?auth=a1b7e1895e83256dc8feca7a34921f06166b62d8af0c8e4cf51c3cd8e7f8124f&amp;smart=true&amp;width=1200&amp;height=675&amp;quality=85\" media=\"(min-width: 1200px)\" \/><source srcset=\"https:\/\/www.infobae.com\/resizer\/v2\/T4IDHBH7HNFX7IIAODYGMJO6EM.jpg?auth=a1b7e1895e83256dc8feca7a34921f06166b62d8af0c8e4cf51c3cd8e7f8124f&amp;smart=true&amp;width=992&amp;height=558&amp;quality=85\" media=\"(min-width: 1000px)\" \/><source srcset=\"https:\/\/www.infobae.com\/resizer\/v2\/T4IDHBH7HNFX7IIAODYGMJO6EM.jpg?auth=a1b7e1895e83256dc8feca7a34921f06166b62d8af0c8e4cf51c3cd8e7f8124f&amp;smart=true&amp;width=768&amp;height=432&amp;quality=85\" media=\"(min-width: 768px)\" \/><source srcset=\"https:\/\/www.infobae.com\/resizer\/v2\/T4IDHBH7HNFX7IIAODYGMJO6EM.jpg?auth=a1b7e1895e83256dc8feca7a34921f06166b62d8af0c8e4cf51c3cd8e7f8124f&amp;smart=true&amp;width=577&amp;height=325&amp;quality=85\" media=\"(min-width: 580px)\" \/><source srcset=\"https:\/\/www.infobae.com\/resizer\/v2\/T4IDHBH7HNFX7IIAODYGMJO6EM.jpg?auth=a1b7e1895e83256dc8feca7a34921f06166b62d8af0c8e4cf51c3cd8e7f8124f&amp;smart=true&amp;width=420&amp;height=236&amp;quality=85\" media=\"(min-width: 350px)\" \/><source srcset=\"https:\/\/www.infobae.com\/resizer\/v2\/T4IDHBH7HNFX7IIAODYGMJO6EM.jpg?auth=a1b7e1895e83256dc8feca7a34921f06166b62d8af0c8e4cf51c3cd8e7f8124f&amp;smart=true&amp;width=350&amp;height=197&amp;quality=85\" media=\"(min-width: 80px)\" \/><img loading=\"lazy\" decoding=\"async\" class=\"global-image\" src=\"https:\/\/www.infobae.com\/resizer\/v2\/T4IDHBH7HNFX7IIAODYGMJO6EM.jpg?auth=a1b7e1895e83256dc8feca7a34921f06166b62d8af0c8e4cf51c3cd8e7f8124f&amp;smart=true&amp;width=350&amp;height=197&amp;quality=85\" alt=\"La f\u00e1brica Santa Isabel est\u00e1\" width=\"1920\" height=\"1080\" \/><\/picture>La f\u00e1brica Santa Isabel est\u00e1 transform\u00e1ndose en una planta con perfil exportador para veh\u00edculos utilitarios. Kangoo y Ni\u00e1gara ser\u00e1n los dos modelos m\u00e1s importantes en los pr\u00f3ximos a\u00f1os<\/div>\n<p class=\"paragraph\" data-mrf-recirculation=\"Links inline\">Actualmente, y sin relaci\u00f3n alguna con la decisi\u00f3n de Nissan,\u00a0<b>Renault tambi\u00e9n se encuentra en un proceso de transformaci\u00f3n<\/b>, probablemente el m\u00e1s grande de su historia en la Argentina, por el cual la emblem\u00e1tica planta cordobesa pasar\u00e1 de ser una productora de veh\u00edculos para el mercado interno, a convertirse en una f\u00e1brica de\u00a0<b>perfil netamente exportador, especializada en utilitarios.<\/b><\/p>\n<p class=\"paragraph\" data-mrf-recirculation=\"Links inline\">Este cambio implica que en los pr\u00f3ximos dos a\u00f1os se discontin\u00faen buena parte de los veh\u00edculos actuales, que hoy son<b>\u00a0Logan, Sandero y Stepway<\/b>, para quedarse con la producci\u00f3n de Kangoo y de la nueva pickup de media tonelada\u00a0<b>Ni\u00e1gara Concept<\/b>, que comenzar\u00e1 a fabricarse en serie en el segundo semestre de 2026. \u201cEl portafolios de productos ser\u00e1 completamente renovado para finales de 2026\u201d, asegur\u00f3\u00a0<b>Pablo Sibilla<\/b>, presidente de Renault Argentina en los festejos por los 70 a\u00f1os de\u00a0<b>Santa Isabel.<\/b><\/p>\n<div class=\"blockquote\">\n<blockquote class=\"color_figcaption\"><p>Hace 5 a\u00f1os que sabemos que este momento iba a llegar, y lo estamos conversando mucho con todas las partes (Pablo Sibilla, presidente de Renault Argentina)<\/p><\/blockquote>\n<\/div>\n<p class=\"paragraph\" data-mrf-recirculation=\"Links inline\">\u201cHace 5 a\u00f1os que sabemos que este momento iba a llegar, y lo estamos conversando mucho desde entonces con todas las partes, incluidos\u00a0<b>el sindicato y el gobierno<\/b>. Estamos hablando de un proyecto que va a dejar una planta con todo resuelto por muchos a\u00f1os, y trabajando con<b>\u00a0<\/b><i><b>dos turno full\u00a0<\/b><\/i><b>en muy poco tiempo\u201d<\/b>, dijo Sibilla hace apenas una semana.<\/p>\n<p class=\"paragraph\" data-mrf-recirculation=\"Links inline\">Este viernes, la comunicaci\u00f3n de la terminal automotriz de origen franc\u00e9s fue: \u201cestamos<b>\u00a0trabajando estrechamente con el sindicato<\/b>\u00a0durante esta transici\u00f3n, con un enfoque claro en el futuro de nuestra planta y los nuevos proyectos que tenemos por delante\u201d.<\/p>\n<div class=\"visual__image image-full-width\"><picture><source srcset=\"https:\/\/www.infobae.com\/resizer\/v2\/2CSRCDCQ45GD3NKIBWQ4KK53R4.jpg?auth=08d60587ed5c1808aeaa5e1da0654b14c4a2fad562a9668b137c2c7a38a5a8e5&amp;smart=true&amp;width=1200&amp;height=675&amp;quality=85\" media=\"(min-width: 1200px)\" \/><source srcset=\"https:\/\/www.infobae.com\/resizer\/v2\/2CSRCDCQ45GD3NKIBWQ4KK53R4.jpg?auth=08d60587ed5c1808aeaa5e1da0654b14c4a2fad562a9668b137c2c7a38a5a8e5&amp;smart=true&amp;width=992&amp;height=558&amp;quality=85\" media=\"(min-width: 1000px)\" \/><source srcset=\"https:\/\/www.infobae.com\/resizer\/v2\/2CSRCDCQ45GD3NKIBWQ4KK53R4.jpg?auth=08d60587ed5c1808aeaa5e1da0654b14c4a2fad562a9668b137c2c7a38a5a8e5&amp;smart=true&amp;width=768&amp;height=432&amp;quality=85\" media=\"(min-width: 768px)\" \/><source srcset=\"https:\/\/www.infobae.com\/resizer\/v2\/2CSRCDCQ45GD3NKIBWQ4KK53R4.jpg?auth=08d60587ed5c1808aeaa5e1da0654b14c4a2fad562a9668b137c2c7a38a5a8e5&amp;smart=true&amp;width=577&amp;height=325&amp;quality=85\" media=\"(min-width: 580px)\" \/><source srcset=\"https:\/\/www.infobae.com\/resizer\/v2\/2CSRCDCQ45GD3NKIBWQ4KK53R4.jpg?auth=08d60587ed5c1808aeaa5e1da0654b14c4a2fad562a9668b137c2c7a38a5a8e5&amp;smart=true&amp;width=420&amp;height=236&amp;quality=85\" media=\"(min-width: 350px)\" \/><source srcset=\"https:\/\/www.infobae.com\/resizer\/v2\/2CSRCDCQ45GD3NKIBWQ4KK53R4.jpg?auth=08d60587ed5c1808aeaa5e1da0654b14c4a2fad562a9668b137c2c7a38a5a8e5&amp;smart=true&amp;width=350&amp;height=197&amp;quality=85\" media=\"(min-width: 80px)\" \/><img loading=\"lazy\" decoding=\"async\" class=\"global-image\" src=\"https:\/\/www.infobae.com\/resizer\/v2\/2CSRCDCQ45GD3NKIBWQ4KK53R4.jpg?auth=08d60587ed5c1808aeaa5e1da0654b14c4a2fad562a9668b137c2c7a38a5a8e5&amp;smart=true&amp;width=350&amp;height=197&amp;quality=85\" alt=\"Unos 400 operarios trabajan hoy\" width=\"1920\" height=\"1080\" \/><\/picture>Unos 400 operarios trabajan hoy en la fabricaci\u00f3n de las pickups de una tonelada que se dejar\u00e1n de producir a fin de a\u00f1o<\/div>\n<p class=\"paragraph\" data-mrf-recirculation=\"Links inline\"><b>Maximiliano Ponce, secretario de Smata C\u00f3rdoba<\/b>, hdijo a\u00a0<i><b>Infobae<\/b><\/i>\u00a0que 2025 \u201chab\u00eda arrancado con un solo turno, con lo cual ya est\u00e1 suspendido un turno completo. Hay un plan de retiros voluntarios y una prejubilaci\u00f3n de Renault.\u00a0<b>Hoy hay 120 trabajadores suspendidos, cobrando el 70%<\/b>\u00a0del sueldo, pero sin ir a la planta. Siguen trabajando otros 400 operarios. La producci\u00f3n del a\u00f1o est\u00e1 asegurada, por lo que no es un problema inmediato, pero hay que sentarse a ver c\u00f3mo los vamos a contener a fin de a\u00f1o. Confiamos que\u00a0<b>el nuevo proyecto incluya a parte de este personal<\/b>, pero no tenemos certezas\u201d, dijo Ponce.<\/p>\n<div class=\"headline-wrapper\">\n<h2 class=\"header headline-class-h2\">Proveedores<\/h2>\n<\/div>\n<p class=\"paragraph\" data-mrf-recirculation=\"Links inline\">El final de la fabricaci\u00f3n de ambas camionetas tendr\u00e1 impacto tambi\u00e9n en el\u00a0<b>autopartismo<\/b>. Si bien hay varias empresas proveedoras de Frontier y Alaskan, hay una en particular que ser\u00eda la m\u00e1s perjudicada porque tiene su f\u00e1brica dentro del predio de Santa Isabel. Se trata de\u00a0<b>Maxion Montich SA<\/b>, que provee los<b>\u00a0chasis de Frontier y Alaskan.\u00a0<\/b>La nueva pickup que producir\u00e1 Renault desde 2026 no tiene chasis, sino que es un monocasco autoportante, por lo que dejar\u00e1 afuera a este proveedor.<\/p>\n<p class=\"paragraph\" data-mrf-recirculation=\"Links inline\">En el sector autopartista hay\u00a0<b>preocupaci\u00f3n\u00a0<\/b>por la cantidad de proyectos industriales que est\u00e1n surgiendo con\u00a0<b>menor grado de integraci\u00f3n de partes nacionales<\/b>, lo que podr\u00eda dejar afuera a empresas locales que hist\u00f3ricamente proveyeron a las f\u00e1bricas argentinas.<\/p>\n<p class=\"paragraph\" data-mrf-recirculation=\"Links inline\">\u201cEstamos preocupados porque es inminente el anuncio de al menos\u00a0<b>dos proyectos que son veh\u00edculos chinos<\/b>\u00a0que se ensamblar\u00e1n en Argentina sin muchas partes nacionales. Esto\u00a0<b>bajar\u00e1 la escala<\/b> y perjudicar\u00e1 al sector en su totalidad\u201d, aseguraron desde el sector .<\/p>\n<\/div>\n<\/article>\n","protected":false},"excerpt":{"rendered":"<p>C\u00f3mo impactar\u00e1 la decisi\u00f3n en la industria automotriz, los autopartistas y el empleo. El n\u00famero de unidades no era significativo, pero la p\u00e9rdida de dos veh\u00edculos de fabricaci\u00f3n nacional afectar\u00e1 la escala de producci\u00f3n. Empleos, proveedores y cu\u00e1nto se puede recuperar con los nuevos proyectos industriales. La decisi\u00f3n de dejar de fabricar Nissan Frontier y &hellip;<\/p>\n","protected":false},"author":2,"featured_media":6827,"comment_status":"open","ping_status":"open","sticky":false,"template":"","format":"standard","meta":{"footnotes":""},"categories":[28,33],"tags":[144,147,1662],"class_list":["post-6826","post","type-post","status-publish","format-standard","has-post-thumbnail","hentry","category-economia","category-nacionales","tag-argentina","tag-fabrica","tag-nissan"],"_links":{"self":[{"href":"https:\/\/cafeprensa.com.ar\/index.php\/wp-json\/wp\/v2\/posts\/6826","targetHints":{"allow":["GET"]}}],"collection":[{"href":"https:\/\/cafeprensa.com.ar\/index.php\/wp-json\/wp\/v2\/posts"}],"about":[{"href":"https:\/\/cafeprensa.com.ar\/index.php\/wp-json\/wp\/v2\/types\/post"}],"author":[{"embeddable":true,"href":"https:\/\/cafeprensa.com.ar\/index.php\/wp-json\/wp\/v2\/users\/2"}],"replies":[{"embeddable":true,"href":"https:\/\/cafeprensa.com.ar\/index.php\/wp-json\/wp\/v2\/comments?post=6826"}],"version-history":[{"count":1,"href":"https:\/\/cafeprensa.com.ar\/index.php\/wp-json\/wp\/v2\/posts\/6826\/revisions"}],"predecessor-version":[{"id":6828,"href":"https:\/\/cafeprensa.com.ar\/index.php\/wp-json\/wp\/v2\/posts\/6826\/revisions\/6828"}],"wp:featuredmedia":[{"embeddable":true,"href":"https:\/\/cafeprensa.com.ar\/index.php\/wp-json\/wp\/v2\/media\/6827"}],"wp:attachment":[{"href":"https:\/\/cafeprensa.com.ar\/index.php\/wp-json\/wp\/v2\/media?parent=6826"}],"wp:term":[{"taxonomy":"category","embeddable":true,"href":"https:\/\/cafeprensa.com.ar\/index.php\/wp-json\/wp\/v2\/categories?post=6826"},{"taxonomy":"post_tag","embeddable":true,"href":"https:\/\/cafeprensa.com.ar\/index.php\/wp-json\/wp\/v2\/tags?post=6826"}],"curies":[{"name":"wp","href":"https:\/\/api.w.org\/{rel}","templated":true}]}}