{"id":6829,"date":"2025-03-29T16:30:14","date_gmt":"2025-03-29T15:30:14","guid":{"rendered":"https:\/\/cafeprensa.com.ar\/?p=6829"},"modified":"2025-03-29T16:30:14","modified_gmt":"2025-03-29T15:30:14","slug":"piden-la-renuncia-de-manuel-adorni","status":"publish","type":"post","link":"https:\/\/cafeprensa.com.ar\/index.php\/2025\/03\/29\/piden-la-renuncia-de-manuel-adorni\/","title":{"rendered":"Piden la renuncia de Manuel Adorni"},"content":{"rendered":"<p>Por \u00abaprovechamiento inaceptable de su funci\u00f3n\u00bb<br \/>\nEl pedido formal se hizo a la <strong>Oficina Anticorrupci\u00f3n<\/strong>. Yamil Santoro sostuvo que se aparte a Manuel Adorni por usar su cargo con fines electorales.<\/p>\n<p>El legislador porte\u00f1o y candidato a diputado por Uni\u00f3n Porte\u00f1a Libertaria, Yamil Santoro, present\u00f3 un pedido formal ante la Oficina Anticorrupci\u00f3n para que se recomiende al Poder Ejecutivo Nacional el apartamiento de Manuel Adorni de su cargo como Secretario de Comunicaci\u00f3n y Medios, en caso de oficializarse su candidatura a legislador en la Ciudad Aut\u00f3noma de Buenos Aires.<\/p>\n<p><strong>Seg\u00fan public\u00f3 la agencia Noticias Argentinas, Santoro, patrocinado por el abogado Jos\u00e9 Lucas Magioncalda,<\/strong> argument\u00f3 que la permanencia de Adorni en funciones mientras inicia una campa\u00f1a electoral representar\u00eda \u00abun inaceptable aprovechamiento de su funci\u00f3n para una finalidad ajena a la misma\u00bb, en presunta contradicci\u00f3n con<strong> la Ley 25.188 de \u00c9tica en el Ejercicio de la Funci\u00f3n P\u00fablica.<\/strong><\/p>\n<p>El escrito cita adem\u00e1s el C\u00f3digo de \u00c9tica de la Funci\u00f3n P\u00fablica (Decreto 41\/99), cuyo art\u00edculo 9\u00ba se\u00f1ala que los funcionarios deben evitar cualquier acci\u00f3n que<strong> \u00abponga en riesgo la finalidad de la funci\u00f3n p\u00fablica y la confianza ciudadana en las instituciones\u00bb.<\/strong><\/p>\n<p><strong>\u00abLa comunicaci\u00f3n institucional del Gobierno debe ser imparcial y no estar contaminada por intereses electorales\u00bb,<\/strong> expres\u00f3 Santoro, quien ya se encuentra en carrera electoral por otro espacio liberal en la Ciudad.<\/p>\n<p>Por ello, el pedido solicita que, de confirmarse la candidatura de Adorni, se le exija la renuncia inmediata o una licencia sin goce de sueldo, con el objetivo de<strong> \u00abgarantizar la transparencia\u00bb<\/strong> y el cumplimiento de los principios republicanos de \u00e9tica y responsabilidad institucional.<\/p>\n","protected":false},"excerpt":{"rendered":"<p>Por \u00abaprovechamiento inaceptable de su funci\u00f3n\u00bb El pedido formal se hizo a la Oficina Anticorrupci\u00f3n. Yamil Santoro sostuvo que se aparte a Manuel Adorni por usar su cargo con fines electorales. El legislador porte\u00f1o y candidato a diputado por Uni\u00f3n Porte\u00f1a Libertaria, Yamil Santoro, present\u00f3 un pedido formal ante la Oficina Anticorrupci\u00f3n para que se &hellip;<\/p>\n","protected":false},"author":2,"featured_media":6830,"comment_status":"open","ping_status":"open","sticky":false,"template":"","format":"standard","meta":{"footnotes":""},"categories":[33,25],"tags":[1050,1649],"class_list":["post-6829","post","type-post","status-publish","format-standard","has-post-thumbnail","hentry","category-nacionales","category-politica","tag-elecciones-2025","tag-manuel-adorni"],"_links":{"self":[{"href":"https:\/\/cafeprensa.com.ar\/index.php\/wp-json\/wp\/v2\/posts\/6829","targetHints":{"allow":["GET"]}}],"collection":[{"href":"https:\/\/cafeprensa.com.ar\/index.php\/wp-json\/wp\/v2\/posts"}],"about":[{"href":"https:\/\/cafeprensa.com.ar\/index.php\/wp-json\/wp\/v2\/types\/post"}],"author":[{"embeddable":true,"href":"https:\/\/cafeprensa.com.ar\/index.php\/wp-json\/wp\/v2\/users\/2"}],"replies":[{"embeddable":true,"href":"https:\/\/cafeprensa.com.ar\/index.php\/wp-json\/wp\/v2\/comments?post=6829"}],"version-history":[{"count":1,"href":"https:\/\/cafeprensa.com.ar\/index.php\/wp-json\/wp\/v2\/posts\/6829\/revisions"}],"predecessor-version":[{"id":6831,"href":"https:\/\/cafeprensa.com.ar\/index.php\/wp-json\/wp\/v2\/posts\/6829\/revisions\/6831"}],"wp:featuredmedia":[{"embeddable":true,"href":"https:\/\/cafeprensa.com.ar\/index.php\/wp-json\/wp\/v2\/media\/6830"}],"wp:attachment":[{"href":"https:\/\/cafeprensa.com.ar\/index.php\/wp-json\/wp\/v2\/media?parent=6829"}],"wp:term":[{"taxonomy":"category","embeddable":true,"href":"https:\/\/cafeprensa.com.ar\/index.php\/wp-json\/wp\/v2\/categories?post=6829"},{"taxonomy":"post_tag","embeddable":true,"href":"https:\/\/cafeprensa.com.ar\/index.php\/wp-json\/wp\/v2\/tags?post=6829"}],"curies":[{"name":"wp","href":"https:\/\/api.w.org\/{rel}","templated":true}]}}