{"id":6864,"date":"2025-03-31T13:05:27","date_gmt":"2025-03-31T11:05:27","guid":{"rendered":"https:\/\/cafeprensa.com.ar\/?p=6864"},"modified":"2025-03-31T13:06:29","modified_gmt":"2025-03-31T11:06:29","slug":"detuvieron-a-la-pareja-de-la-tucumana-de-22-anos-que-encontraron-muerta-en-una-base-militar-en-estados-unidos","status":"publish","type":"post","link":"https:\/\/cafeprensa.com.ar\/index.php\/2025\/03\/31\/detuvieron-a-la-pareja-de-la-tucumana-de-22-anos-que-encontraron-muerta-en-una-base-militar-en-estados-unidos\/","title":{"rendered":"Detuvieron a la pareja de la tucumana de 22 a\u00f1os que encontraron muerta en una base militar en Estados Unidos"},"content":{"rendered":"<div class=\"content-article-title\">\n<div class=\"wrapper-layout center-content center_story max-width\">\n<div class=\"col-content\">\n<p class=\"article__title font__display\"><span style=\"font-size: 12pt;\">La principal hip\u00f3tesis de la Justicia es que se habr\u00eda tratado de un femicidio. La pareja conviv\u00eda en un barrio en Fort Cavazos, en las afueras de la localidad de Killen, Texas.<\/span><\/p>\n<\/div>\n<\/div>\n<\/div>\n<div class=\"common-layout wrapper-layout center-content center_story max-width story article\">\n<div class=\"col-content\">\n<div class=\"article__header article__story article__article\">\n<div class=\"article__head\">\n<div class=\"article__lead-art article__lead-art-photo\" data-testid=\"LeadArtPhoto\">\n<figure class=\"\" data-testid=\"figure-testid\">\n<div class=\"aspect_ratio__container\"><picture class=\"responsive-image\"><img decoding=\"async\" class=\"width_full height_full article__lead-art-photo image_placeholder\" src=\"https:\/\/tn.com.ar\/resizer\/v2\/detuvieron-a-la-pareja-de-la-tucumana-de-22-anos-que-fue-encontrada-muerta-en-una-base-militar-de-eeuu-foto-instagram-lucilasullivan-SGCOVB4OQRGYTLW7ZHYLM77XMU.jpg?auth=8ceb783aeb6f68ff80bb3801892f00da353cd7e6451d990b8093b83fc10b2508&amp;width=767\" alt=\"Detuvieron a la pareja de la tucumana de 22 a\u00f1os que fue encontrada muerta en una base militar de EE.UU. (Foto: Instagram \/ @lucilasullivan_)\" \/><\/picture><\/div><figcaption class=\"caption_image\" data-testid=\"figcaption-testid\">\n<div class=\"image_caption font__body\"><span style=\"font-size: 8pt;\"><strong>Detuvieron a la pareja de la tucumana de 22 a\u00f1os que fue encontrada muerta en una base militar de EE.UU.<\/strong><\/span><\/div>\n<\/figcaption><\/figure>\n<\/div>\n<\/div>\n<\/div>\n<div class=\"default-article-color article__body article__article\">\n<p class=\"paragraph font__body-regular\">En las \u00faltimas horas<b>\u00a0<\/b><a href=\"https:\/\/tn.com.ar\/internacional\/2025\/03\/28\/encontraron-muerta-a-una-joven-argentina-en-houston-y-la-policia-sospecha-de-su-esposo\/\"><b>detuvieron a Preston Sullivan<\/b><\/a>, la pareja de\u00a0<b>Lucila Nieva,<\/b>\u00a0la joven tucumana de 22 a\u00f1os que fue encontrada muerta en una base militar de EE.UU.<\/p>\n<p class=\"paragraph font__body-regular\">Tras el arresto, la principal hip\u00f3tesis de la Justicia es que<b>\u00a0se habr\u00eda tratado de un femicidio,<\/b>\u00a0seg\u00fan inform\u00f3 el medio local\u00a0<i>LT7 Tucum\u00e1n<\/i>. La pareja\u00a0<b>conviv\u00eda en un barrio en Fort Cavazos<\/b>, en las afueras de la localidad de Killeen, Texas, y el cuerpo\u00a0<b>fue encontrado en su casa<\/b>.<\/p>\n<p class=\"paragraph font__body-regular\">Su familia, que sigue viviendo en Tucum\u00e1n, sospech\u00f3 que algo malo le hab\u00eda ocurrido porque\u00a0<b>no pod\u00edan comunicarse con ella<\/b>.<b>\u00a0<\/b>Intentaron encontrarla con la geolocalizaci\u00f3n de su celular y cuando pudieron comunicarse el lunes, un oficial atendi\u00f3 y cont\u00f3 lo que hab\u00eda ocurrido.<\/p>\n<figure class=\"\" data-testid=\"figure-testid\">\n<div class=\"aspect_ratio__container\"><picture class=\"responsive-image\"><source srcset=\"https:\/\/tn.com.ar\/resizer\/v2\/lucila-emigro-en-junio-a-eeuu-y-se-caso-con-un-joven-estadounidense-foto-instagramlucilasullivan-RYKWUGH7JJHYDH4ZGFFKAHTWLQ.jpg?auth=a5cd616596bb16bd52c9ff017099dc7e26d10bf766a1f50100b7d89ed2571ef3&amp;width=767\" type=\"image\/jpg\" media=\"(max-width: 728px)\" \/><source srcset=\"https:\/\/tn.com.ar\/resizer\/v2\/lucila-emigro-en-junio-a-eeuu-y-se-caso-con-un-joven-estadounidense-foto-instagramlucilasullivan-RYKWUGH7JJHYDH4ZGFFKAHTWLQ.jpg?auth=a5cd616596bb16bd52c9ff017099dc7e26d10bf766a1f50100b7d89ed2571ef3&amp;width=1023\" type=\"image\/jpg\" media=\"(max-width: 1023px)\" \/><source srcset=\"https:\/\/tn.com.ar\/resizer\/v2\/lucila-emigro-en-junio-a-eeuu-y-se-caso-con-un-joven-estadounidense-foto-instagramlucilasullivan-RYKWUGH7JJHYDH4ZGFFKAHTWLQ.jpg?auth=a5cd616596bb16bd52c9ff017099dc7e26d10bf766a1f50100b7d89ed2571ef3&amp;width=1440\" type=\"image\/jpg\" \/><img loading=\"lazy\" decoding=\"async\" class=\"image content-image image_placeholder\" src=\"https:\/\/tn.com.ar\/resizer\/v2\/lucila-emigro-en-junio-a-eeuu-y-se-caso-con-un-joven-estadounidense-foto-instagramlucilasullivan-RYKWUGH7JJHYDH4ZGFFKAHTWLQ.jpg?auth=a5cd616596bb16bd52c9ff017099dc7e26d10bf766a1f50100b7d89ed2571ef3&amp;width=767\" alt=\"Lucila emigr\u00f3 en junio a EE.UU. y se cas\u00f3 con un joven estadounidense. (Foto: Instagram\/@lucilasullivan_).\" width=\"767\" height=\"430\" data-testid=\"loading-testid\" \/><\/picture><\/div><figcaption class=\"caption_image\" data-testid=\"figcaption-testid\">\n<div class=\"image_caption \"><span style=\"font-size: 8pt;\"><strong>Lucila emigr\u00f3 en junio a EE.UU. y se cas\u00f3 con un joven estadounidense.\u00a0\u00a0<\/strong><\/span><\/div>\n<\/figcaption><\/figure>\n<p class=\"paragraph font__body-regular\">Nieva fue encontrada muerta el viernes pasado en su casa, ubicada dentro de la base militar, y el principal acusado por la Justicia es Sullivan. El hombre asegur\u00f3 que su pareja se hab\u00eda quitado la vida, pero la familia de Lucila lo desmiente y sus amigas deslizan que sufr\u00eda de violencia de g\u00e9nero.<\/p>\n<p class=\"paragraph font__body-regular\">Nieva sol\u00eda compartir fotos con su esposo en sus redes sociales. All\u00ed se los ve\u00eda felices y cari\u00f1osos, pero las amigas de la v\u00edctima se\u00f1alaron en sus declaraciones que ambos manten\u00edan \u201cuna\u00a0<b>relaci\u00f3n t\u00f3xica\u00bb. <\/b><b>\u201cElla solo nos dec\u00eda que Preston no le ten\u00eda confianza\u201c,<\/b>\u00a0cont\u00f3 Larissa Denman, una de las amigas de Nieva, durante un di\u00e1logo con el medio local\u00a0<i>El Tucumano.<\/i><\/p>\n<p class=\"paragraph font__body-regular\">Al mismo tiempo, record\u00f3: \u201cCada vez que nos junt\u00e1bamos sin nuestros maridos,\u00a0<b>\u00e9l le hablaba por tel\u00e9fono cada 10 minutos\u00a0<\/b>y tambi\u00e9n le ped\u00eda hacer FaceTime para saber con qui\u00e9n estaba\u201d. La joven aclar\u00f3 que ninguna de las amigas sabe con seguridad c\u00f3mo muri\u00f3 Lucila, pero todas descartaron la hip\u00f3tesis de que se haya quitado la vida.<\/p>\n<p class=\"paragraph font__body-regular\">\u201cEso puede ser mucho m\u00e1s cre\u00edble. Te regalo ser v\u00edctima de violencia de g\u00e9nero.\u00a0<b>\u00bfA qui\u00e9n le ped\u00eds ayuda?\u201d<\/b>, cuestion\u00f3 Denman, y agreg\u00f3: \u201cMe pregunto, si realmente se trat\u00f3 de un suicidio, \u00bfpor qu\u00e9 Sullivan no le avis\u00f3 a sus familiares?\u201c. Mariela, otra de las j\u00f3venes que formaba parte de su grupo de amigas, ratific\u00f3 que el suicidio \u201ces imposible que haya ocurrido\u201d, y ampli\u00f3:<b>\u00a0\u201cElla nunca coment\u00f3 que estaba mal\u00a0<\/b>y, mucho menos, dio alg\u00fan tipo de indicio de que se quitar\u00eda la vida\u201d.<\/p>\n<p class=\"paragraph font__body-regular\">\u201cTampoco creo que haya sido por nostalgia, ya que ella\u00a0<b>siempre estuvo decidida que su futuro era vivir fuera de este pa\u00eds\u201d,<\/b>\u00a0record\u00f3 sobre Lucila.<\/p>\n<figure class=\"\" data-testid=\"figure-testid\">\n<div class=\"aspect_ratio__container\"><picture class=\"responsive-image\"><source srcset=\"https:\/\/tn.com.ar\/resizer\/v2\/lucila-nieva-emigro-a-estados-unidos-en-junio-del-ano-pasado-y-se-caso-con-robert-sullivan-un-ciudadano-estadounidense-foto-instagram-lucilasullivan-T6QSTXNZ3ZAVTM63RTIAFHZI6Q.jpg?auth=4ade4d802718af27260867bdf8cc575b6dbb24158bb72ab681a41a5e603aa279&amp;width=767\" type=\"image\/jpg\" media=\"(max-width: 728px)\" \/><source srcset=\"https:\/\/tn.com.ar\/resizer\/v2\/lucila-nieva-emigro-a-estados-unidos-en-junio-del-ano-pasado-y-se-caso-con-robert-sullivan-un-ciudadano-estadounidense-foto-instagram-lucilasullivan-T6QSTXNZ3ZAVTM63RTIAFHZI6Q.jpg?auth=4ade4d802718af27260867bdf8cc575b6dbb24158bb72ab681a41a5e603aa279&amp;width=1023\" type=\"image\/jpg\" media=\"(max-width: 1023px)\" \/><source srcset=\"https:\/\/tn.com.ar\/resizer\/v2\/lucila-nieva-emigro-a-estados-unidos-en-junio-del-ano-pasado-y-se-caso-con-robert-sullivan-un-ciudadano-estadounidense-foto-instagram-lucilasullivan-T6QSTXNZ3ZAVTM63RTIAFHZI6Q.jpg?auth=4ade4d802718af27260867bdf8cc575b6dbb24158bb72ab681a41a5e603aa279&amp;width=1440\" type=\"image\/jpg\" \/><img loading=\"lazy\" decoding=\"async\" class=\"image content-image image_placeholder\" src=\"https:\/\/tn.com.ar\/resizer\/v2\/lucila-nieva-emigro-a-estados-unidos-en-junio-del-ano-pasado-y-se-caso-con-robert-sullivan-un-ciudadano-estadounidense-foto-instagram-lucilasullivan-T6QSTXNZ3ZAVTM63RTIAFHZI6Q.jpg?auth=4ade4d802718af27260867bdf8cc575b6dbb24158bb72ab681a41a5e603aa279&amp;width=767\" alt=\"Lucila Nieva emigr\u00f3 a Estados Unidos en junio del a\u00f1o pasado y se cas\u00f3 con Robert Sullivan, un ciudadano estadounidense. (Foto: Instagram @lucilasullivan_)\" width=\"767\" height=\"959\" data-testid=\"loading-testid\" \/><\/picture><\/div><figcaption class=\"caption_image\" data-testid=\"figcaption-testid\">\n<div class=\"image_caption \"><span style=\"font-size: 8pt;\"><strong>Lucila Nieva emigr\u00f3 a Estados Unidos en junio del a\u00f1o pasado y se cas\u00f3 con Robert Sullivan, un ciudadano estadounidense.<\/strong><\/span><\/div>\n<\/figcaption><\/figure>\n<p class=\"paragraph font__body-regular\">El Gobierno provincial asegur\u00f3 haber tomado contacto con los familiares de Nieva, con la intenci\u00f3n de ayudarlos a agilizar los tr\u00e1mites de repatriaci\u00f3n y el traslado del cuerpo.<b>\u00a0\u201cEstamos en contacto permanente con la familia\u201d,<\/b>\u00a0informaron las autoridades durante un di\u00e1logo con\u00a0<i>La Gaceta.<\/i><\/p>\n<p class=\"paragraph font__body-regular\">El consulado argentino en Houston emiti\u00f3 un comunicado respecto a las tareas que se implementaron en torno a la investigaci\u00f3n por la muerte de la argentina:\u00a0<b>\u201cSe est\u00e1 trabajando,<\/b> en el \u00e1mbito de sus competencias, en toda asistencia consular requerida en estos casos\u201d. \u201cLa familia tambi\u00e9n se encuentra en constante comunicaci\u00f3n con la Direcci\u00f3n de Argentinos en el Exterior, \u00e1rea competente en materia de\u00a0<b>asistencia a familiares de fallecidos en el exterior<\/b>\u00a0y que se encuentren en la Rep\u00fablica\u201d, concluyeron<i>.<\/i><\/p>\n<\/div>\n<p>&nbsp;<\/p>\n<\/div>\n<\/div>\n","protected":false},"excerpt":{"rendered":"<p>La principal hip\u00f3tesis de la Justicia es que se habr\u00eda tratado de un femicidio. La pareja conviv\u00eda en un barrio en Fort Cavazos, en las afueras de la localidad de Killen, Texas. Detuvieron a la pareja de la tucumana de 22 a\u00f1os que fue encontrada muerta en una base militar de EE.UU. En las \u00faltimas &hellip;<\/p>\n","protected":false},"author":2,"featured_media":6865,"comment_status":"open","ping_status":"open","sticky":false,"template":"","format":"standard","meta":{"footnotes":""},"categories":[35,47],"tags":[1663,1665,1664],"class_list":["post-6864","post","type-post","status-publish","format-standard","has-post-thumbnail","hentry","category-internacionales","category-justicia","tag-killen","tag-lucila-nieva","tag-texas"],"_links":{"self":[{"href":"https:\/\/cafeprensa.com.ar\/index.php\/wp-json\/wp\/v2\/posts\/6864","targetHints":{"allow":["GET"]}}],"collection":[{"href":"https:\/\/cafeprensa.com.ar\/index.php\/wp-json\/wp\/v2\/posts"}],"about":[{"href":"https:\/\/cafeprensa.com.ar\/index.php\/wp-json\/wp\/v2\/types\/post"}],"author":[{"embeddable":true,"href":"https:\/\/cafeprensa.com.ar\/index.php\/wp-json\/wp\/v2\/users\/2"}],"replies":[{"embeddable":true,"href":"https:\/\/cafeprensa.com.ar\/index.php\/wp-json\/wp\/v2\/comments?post=6864"}],"version-history":[{"count":3,"href":"https:\/\/cafeprensa.com.ar\/index.php\/wp-json\/wp\/v2\/posts\/6864\/revisions"}],"predecessor-version":[{"id":6868,"href":"https:\/\/cafeprensa.com.ar\/index.php\/wp-json\/wp\/v2\/posts\/6864\/revisions\/6868"}],"wp:featuredmedia":[{"embeddable":true,"href":"https:\/\/cafeprensa.com.ar\/index.php\/wp-json\/wp\/v2\/media\/6865"}],"wp:attachment":[{"href":"https:\/\/cafeprensa.com.ar\/index.php\/wp-json\/wp\/v2\/media?parent=6864"}],"wp:term":[{"taxonomy":"category","embeddable":true,"href":"https:\/\/cafeprensa.com.ar\/index.php\/wp-json\/wp\/v2\/categories?post=6864"},{"taxonomy":"post_tag","embeddable":true,"href":"https:\/\/cafeprensa.com.ar\/index.php\/wp-json\/wp\/v2\/tags?post=6864"}],"curies":[{"name":"wp","href":"https:\/\/api.w.org\/{rel}","templated":true}]}}