{"id":6935,"date":"2025-04-02T16:41:42","date_gmt":"2025-04-02T14:41:42","guid":{"rendered":"https:\/\/cafeprensa.com.ar\/?p=6935"},"modified":"2025-04-02T16:41:42","modified_gmt":"2025-04-02T14:41:42","slug":"tucuman-necesita-una-oposicion-fuerte-y-un-radicalismo-con-identidad-propia","status":"publish","type":"post","link":"https:\/\/cafeprensa.com.ar\/index.php\/2025\/04\/02\/tucuman-necesita-una-oposicion-fuerte-y-un-radicalismo-con-identidad-propia\/","title":{"rendered":"\u00abTucum\u00e1n necesita una oposici\u00f3n fuerte y un radicalismo con identidad propia\u00bb"},"content":{"rendered":"<p class=\"description separatorlines\">El legislador Agustin Romano Norri cuestion\u00f3 la gesti\u00f3n de Jaldo, la intervenci\u00f3n de la UCR y la relaci\u00f3n del oficialismo con el Gobierno Nacional.<\/p>\n<div class=\"at-vc\">\n<div id=\"vsmcontent\" class=\"content vsmcontent\">\n<p data-pm-slice=\"1 1 []\"><b>Romano Norri<\/b>\u00a0cuestion\u00f3 la gesti\u00f3n de\u00a0<b>Osvaldo Jaldo<\/b>\u00a0y la relaci\u00f3n entre el oficialismo provincial y el gobierno nacional. Adem\u00e1s, abord\u00f3 la crisis interna de la Uni\u00f3n C\u00edvica Radical (UCR) en Tucum\u00e1n y la necesidad de construir una alternativa pol\u00edtica real en la provincia.<\/p>\n<p data-pm-slice=\"1 1 []\"><img loading=\"lazy\" decoding=\"async\" class=\"alignnone wp-image-6938 size-full\" src=\"https:\/\/cafeprensa.com.ar\/wp-content\/uploads\/2025\/04\/jaldo-manzur.webp\" alt=\"\" width=\"790\" height=\"474\" srcset=\"https:\/\/cafeprensa.com.ar\/wp-content\/uploads\/2025\/04\/jaldo-manzur.webp 790w, https:\/\/cafeprensa.com.ar\/wp-content\/uploads\/2025\/04\/jaldo-manzur-300x180.webp 300w, https:\/\/cafeprensa.com.ar\/wp-content\/uploads\/2025\/04\/jaldo-manzur-768x461.webp 768w\" sizes=\"auto, (max-width: 790px) 100vw, 790px\" \/><\/p>\n<p><em><strong>Cr\u00edticas a la gesti\u00f3n de Jaldo<\/strong><\/em><\/p>\n<p>Romano Norri se\u00f1al\u00f3 que <strong>\u00ab<span class=\"highlight\">una cosa es el relato del gobernador y otra es la realidad cotidiana<\/span>\u00ab. Si bien reconoci\u00f3 que Jaldo tiene \u00abmejores modales\u00bb que su antecesor,\u00a0Juan Manzur, afirm\u00f3 que la situaci\u00f3n en la provincia no ha cambiado significativamente. \u00ab<span class=\"highlight\">La educaci\u00f3n sigue con falencias graves, con escuelas sin ventiladores en verano y sin calefacci\u00f3n en invierno. En salud, los centros asistenciales carecen de insumos b\u00e1sicos, lo que provoca el colapso de los hospitales<\/span>\u00ab,<\/strong> sostuvo.<\/p>\n<p>En cuanto a la econom\u00eda, el legislador indic\u00f3 que <strong>\u00abla alta carga impositiva\u00bb<\/strong> empuja a los empresarios a invertir en provincias vecinas como Santiago del Estero y Catamarca. <strong>\u00ab<span class=\"highlight\">En seguridad se ven algunos avances, pero los vecinos siguen reclamando m\u00e1s presencia policial y medidas concretas contra el narcotr\u00e1fico<\/span>\u00ab,<\/strong> agreg\u00f3.<\/p>\n<p><em><strong>Relaci\u00f3n entre Jaldo y el gobierno nacional<\/strong><\/em><\/p>\n<p>Sobre el respaldo que la ministra Patricia Bullrich le brind\u00f3 a la pol\u00edtica de seguridad de Jaldo, Romano Norri asegur\u00f3 que \u00abson socios\u00bb. <strong>\u00ab<span class=\"highlight\">El gobierno nacional y el provincial son aliados pol\u00edticos, lo vemos en la forma en que el bloque Independencia vota en el Congreso<\/span>\u00ab,<\/strong> remarc\u00f3.<\/p>\n<p>Aunque reconoci\u00f3 la baja de homicidios en la provincia, advirti\u00f3 que <strong>\u00ab<span class=\"highlight\">el problema sigue siendo el delito cotidiano, el avance del narcotr\u00e1fico y la inseguridad en los barrios<\/span>\u00ab. Tambi\u00e9n destac\u00f3 la falta de infraestructura, asegurando que \u00aben un a\u00f1o y cuatro meses solo se ha inaugurado una c\u00e1rcel y una escuela\u00bb.<\/strong><\/p>\n<p><img loading=\"lazy\" decoding=\"async\" class=\"alignnone wp-image-6940 size-full\" src=\"https:\/\/cafeprensa.com.ar\/wp-content\/uploads\/2025\/04\/resize_1720496808.jpg\" alt=\"\" width=\"650\" height=\"440\" srcset=\"https:\/\/cafeprensa.com.ar\/wp-content\/uploads\/2025\/04\/resize_1720496808.jpg 650w, https:\/\/cafeprensa.com.ar\/wp-content\/uploads\/2025\/04\/resize_1720496808-300x203.jpg 300w, https:\/\/cafeprensa.com.ar\/wp-content\/uploads\/2025\/04\/resize_1720496808-220x150.jpg 220w\" sizes=\"auto, (max-width: 650px) 100vw, 650px\" \/><\/p>\n<p>&nbsp;<\/p>\n<figure class=\"vsmwidget widget-type-youtube\" contenteditable=\"false\"><\/figure>\n<p><em><strong>La crisis de la UCR en Tucum\u00e1n<\/strong><\/em><\/p>\n<p data-pm-slice=\"1 1 []\"><em><strong>Romano Norri<\/strong><\/em> tambi\u00e9n\u00a0<span class=\"highlight\">se refiri\u00f3 a la situaci\u00f3n interna del radicalismo en la provincia y denunci\u00f3 que la reciente intervenci\u00f3n del partido responde a <strong>\u00abuna estrategia de\u00a0Roberto S\u00e1nchez\u00a0para controlar el sello de la UCR<\/strong><\/span><strong>\u00ab.<\/strong> \u00abQueremos un radicalismo que represente los intereses de los tucumanos, no un partido intervenido donde se decida todo a puertas cerradas\u00bb, enfatiz\u00f3.<\/p>\n<p data-pm-slice=\"1 1 []\"><img loading=\"lazy\" decoding=\"async\" class=\"alignnone wp-image-6937 size-full\" src=\"https:\/\/cafeprensa.com.ar\/wp-content\/uploads\/2025\/04\/GFNwga4XkAAtLDs-780x470-1.jpg\" alt=\"\" width=\"780\" height=\"470\" srcset=\"https:\/\/cafeprensa.com.ar\/wp-content\/uploads\/2025\/04\/GFNwga4XkAAtLDs-780x470-1.jpg 780w, https:\/\/cafeprensa.com.ar\/wp-content\/uploads\/2025\/04\/GFNwga4XkAAtLDs-780x470-1-300x181.jpg 300w, https:\/\/cafeprensa.com.ar\/wp-content\/uploads\/2025\/04\/GFNwga4XkAAtLDs-780x470-1-768x463.jpg 768w\" sizes=\"auto, (max-width: 780px) 100vw, 780px\" \/><\/p>\n<p>Critic\u00f3 la falta de participaci\u00f3n de la militancia y el cierre de espacios de debate dentro del partido. <strong>\u00ab<span class=\"highlight\">No podemos construir un radicalismo fuerte si las decisiones se toman entre unos pocos y de espaldas a los afiliados. La UCR tiene que volver a ser un partido abierto, donde se escuche a todos los sectores<\/span>\u00ab,<\/strong> afirm\u00f3.<\/p>\n<p>En este contexto, anunci\u00f3 la conformaci\u00f3n del <strong>\u00abMovimiento Radical Tucum\u00e1n\u00bb,<\/strong> un nuevo espacio dentro de la UCR que busca fortalecer la identidad partidaria y generar una alternativa pol\u00edtica real en la provincia. <strong>\u00ab<span class=\"highlight\">No queremos ser una oposici\u00f3n funcional al oficialismo ni una estructura vac\u00eda. Queremos representar a los tucumanos que buscan un cambio verdadero<\/span>\u00ab,<\/strong> expres\u00f3.<\/p>\n<p><em><strong>\u00abEl radicalismo debe recuperar su identidad\u00bb<\/strong><\/em><\/p>\n<p>Consultado sobre su postura frente al gobierno de<b>\u00a0Javier Milei<\/b>, Romano Norri aclar\u00f3 que\u00a0<span class=\"highlight\">no se define como \u00abantimile\u00edsta\u00bb, pero sostuvo que \u00abel radicalismo debe tener una identidad propia<\/span>\u00ab. <strong>\u00abApoyaremos lo que est\u00e9 bien, pero no levantaremos la mano en todo. Vamos a defender la educaci\u00f3n p\u00fablica, a los jubilados y a nuestras econom\u00edas regionales\u00bb<\/strong>, afirm\u00f3. Finalmente, asegur\u00f3 que la oposici\u00f3n debe fortalecerse para ofrecer una alternativa real a los tucumanos. <strong>\u00abHace 40 a\u00f1os gobiernan los mismos en Tucum\u00e1n y eso debe cambiar. Necesitamos un radicalismo fuerte, que mire hacia el futuro y que est\u00e9 a la altura de los desaf\u00edos que enfrenta la provincia\u00bb<\/strong>, concluy\u00f3.<\/p>\n<\/div>\n<\/div>\n","protected":false},"excerpt":{"rendered":"<p>El legislador Agustin Romano Norri cuestion\u00f3 la gesti\u00f3n de Jaldo, la intervenci\u00f3n de la UCR y la relaci\u00f3n del oficialismo con el Gobierno Nacional. Romano Norri\u00a0cuestion\u00f3 la gesti\u00f3n de\u00a0Osvaldo Jaldo\u00a0y la relaci\u00f3n entre el oficialismo provincial y el gobierno nacional. Adem\u00e1s, abord\u00f3 la crisis interna de la Uni\u00f3n C\u00edvica Radical (UCR) en Tucum\u00e1n y la &hellip;<\/p>\n","protected":false},"author":2,"featured_media":6936,"comment_status":"open","ping_status":"open","sticky":false,"template":"","format":"standard","meta":{"footnotes":""},"categories":[34,25],"tags":[94,236,1676,110],"class_list":["post-6935","post","type-post","status-publish","format-standard","has-post-thumbnail","hentry","category-locales","category-politica","tag-jaldo","tag-legislatura","tag-romano-norrri","tag-ucr"],"_links":{"self":[{"href":"https:\/\/cafeprensa.com.ar\/index.php\/wp-json\/wp\/v2\/posts\/6935","targetHints":{"allow":["GET"]}}],"collection":[{"href":"https:\/\/cafeprensa.com.ar\/index.php\/wp-json\/wp\/v2\/posts"}],"about":[{"href":"https:\/\/cafeprensa.com.ar\/index.php\/wp-json\/wp\/v2\/types\/post"}],"author":[{"embeddable":true,"href":"https:\/\/cafeprensa.com.ar\/index.php\/wp-json\/wp\/v2\/users\/2"}],"replies":[{"embeddable":true,"href":"https:\/\/cafeprensa.com.ar\/index.php\/wp-json\/wp\/v2\/comments?post=6935"}],"version-history":[{"count":1,"href":"https:\/\/cafeprensa.com.ar\/index.php\/wp-json\/wp\/v2\/posts\/6935\/revisions"}],"predecessor-version":[{"id":6941,"href":"https:\/\/cafeprensa.com.ar\/index.php\/wp-json\/wp\/v2\/posts\/6935\/revisions\/6941"}],"wp:featuredmedia":[{"embeddable":true,"href":"https:\/\/cafeprensa.com.ar\/index.php\/wp-json\/wp\/v2\/media\/6936"}],"wp:attachment":[{"href":"https:\/\/cafeprensa.com.ar\/index.php\/wp-json\/wp\/v2\/media?parent=6935"}],"wp:term":[{"taxonomy":"category","embeddable":true,"href":"https:\/\/cafeprensa.com.ar\/index.php\/wp-json\/wp\/v2\/categories?post=6935"},{"taxonomy":"post_tag","embeddable":true,"href":"https:\/\/cafeprensa.com.ar\/index.php\/wp-json\/wp\/v2\/tags?post=6935"}],"curies":[{"name":"wp","href":"https:\/\/api.w.org\/{rel}","templated":true}]}}