{"id":7188,"date":"2025-04-09T15:46:59","date_gmt":"2025-04-09T13:46:59","guid":{"rendered":"https:\/\/cafeprensa.com.ar\/?p=7188"},"modified":"2025-04-09T15:47:51","modified_gmt":"2025-04-09T13:47:51","slug":"7188","status":"publish","type":"post","link":"https:\/\/cafeprensa.com.ar\/index.php\/2025\/04\/09\/7188\/","title":{"rendered":"Jaldo y su gabinete ampliado evaluan el avance de las tareas en todas las \u00e1reas"},"content":{"rendered":"<h2 class=\"post-title title-lg\"><span style=\"font-size: 16px; font-weight: 400;\">Durante el encuentro, se detallan los proyectos en curso y se establecen nuevas directrices para optimizar el trabajo de los distintos ministerios y secretar\u00edas. <\/span><span style=\"font-size: 16px; font-weight: 400;\">El gobernador,<\/span><strong style=\"font-size: 16px;\">\u00a0Osvaldo Jaldo,<\/strong><span style=\"font-size: 16px; font-weight: 400;\">\u00a0est\u00e1 reunido este mi\u00e9rcoles junto a su gabinete ampliado con el objetivo de hacer un an\u00e1lisis profundo sobre el funcionamiento y la ejecuci\u00f3n de las tareas asignadas a cada \u00e1rea del gobierno provincial. Se repasan los proyectos en curso y se discutien los desaf\u00edos y prioridades que enfrentan los equipos de trabajo.<\/span><\/h2>\n<div class=\"row ts-gutter-30 noticia\">\n<div class=\"col-lg-8 nota-left-section\">\n<div id=\"details-news-233819\" class=\"single-post\">\n<div class=\"post-content-area\">\n<div class=\"articleBody\">\n<p data-end=\"810\" data-start=\"354\"><img loading=\"lazy\" decoding=\"async\" class=\"alignnone wp-image-7190 size-large\" src=\"https:\/\/cafeprensa.com.ar\/wp-content\/uploads\/2025\/04\/250409085428_27476-1024x682.jpeg\" alt=\"\" width=\"1024\" height=\"682\" srcset=\"https:\/\/cafeprensa.com.ar\/wp-content\/uploads\/2025\/04\/250409085428_27476-1024x682.jpeg 1024w, https:\/\/cafeprensa.com.ar\/wp-content\/uploads\/2025\/04\/250409085428_27476-300x200.jpeg 300w, https:\/\/cafeprensa.com.ar\/wp-content\/uploads\/2025\/04\/250409085428_27476-768x512.jpeg 768w, https:\/\/cafeprensa.com.ar\/wp-content\/uploads\/2025\/04\/250409085428_27476.jpeg 1280w\" sizes=\"auto, (max-width: 1024px) 100vw, 1024px\" \/><\/p>\n<p data-end=\"1192\" data-start=\"812\">En la reuni\u00f3n, Jaldo destaca la importancia de la coordinaci\u00f3n entre las distintas \u00e1reas para optimizar los recursos y mejorar la eficacia de las pol\u00edticas p\u00fablicas.<\/p>\n<p data-end=\"1192\" data-start=\"812\"><img loading=\"lazy\" decoding=\"async\" class=\"alignnone wp-image-7192 size-large\" src=\"https:\/\/cafeprensa.com.ar\/wp-content\/uploads\/2025\/04\/250409094745_45585-1024x682.jpeg\" alt=\"\" width=\"1024\" height=\"682\" srcset=\"https:\/\/cafeprensa.com.ar\/wp-content\/uploads\/2025\/04\/250409094745_45585-1024x682.jpeg 1024w, https:\/\/cafeprensa.com.ar\/wp-content\/uploads\/2025\/04\/250409094745_45585-300x200.jpeg 300w, https:\/\/cafeprensa.com.ar\/wp-content\/uploads\/2025\/04\/250409094745_45585-768x512.jpeg 768w, https:\/\/cafeprensa.com.ar\/wp-content\/uploads\/2025\/04\/250409094745_45585.jpeg 1280w\" sizes=\"auto, (max-width: 1024px) 100vw, 1024px\" \/><\/p>\n<p data-end=\"1192\" data-start=\"812\">Adem\u00e1s, hace hincapi\u00e9 en la necesidad de mantener un enfoque constante en el bienestar de los tucumanos y el fortalecimiento de la infraestructura provincial, que es clave para el desarrollo econ\u00f3mico y social de la regi\u00f3n.<\/p>\n<p data-end=\"1192\" data-start=\"812\"><img loading=\"lazy\" decoding=\"async\" class=\"alignnone wp-image-7191 size-large\" src=\"https:\/\/cafeprensa.com.ar\/wp-content\/uploads\/2025\/04\/250409092644_10357-1024x682.jpeg\" alt=\"\" width=\"1024\" height=\"682\" srcset=\"https:\/\/cafeprensa.com.ar\/wp-content\/uploads\/2025\/04\/250409092644_10357-1024x682.jpeg 1024w, https:\/\/cafeprensa.com.ar\/wp-content\/uploads\/2025\/04\/250409092644_10357-300x200.jpeg 300w, https:\/\/cafeprensa.com.ar\/wp-content\/uploads\/2025\/04\/250409092644_10357-768x512.jpeg 768w, https:\/\/cafeprensa.com.ar\/wp-content\/uploads\/2025\/04\/250409092644_10357-1536x1023.jpeg 1536w, https:\/\/cafeprensa.com.ar\/wp-content\/uploads\/2025\/04\/250409092644_10357.jpeg 1600w\" sizes=\"auto, (max-width: 1024px) 100vw, 1024px\" \/><\/p>\n<p data-end=\"1192\" data-start=\"812\">El Primer Mandatario est\u00e1 acompa\u00f1ado por los ministros\u00a0<strong>Daniel Abad<\/strong>\u00a0(Econom\u00eda y Producci\u00f3n),\u00a0<strong>Eugenio Ag\u00fcero Gamboa<\/strong>\u00a0(Seguridad),\u00a0<strong>Luis Medina Ruiz<\/strong>\u00a0(Salud P\u00fablica),\u00a0<strong>Dar\u00edo Monteros<\/strong>\u00a0(Interior),\u00a0<strong>Marcelo Nazur<\/strong>\u00a0(Obras y Servicios P\u00fablicos);\u00a0<strong>Susana Montaldo\u00a0<\/strong>(Educaci\u00f3n);\u00a0<strong>Federico Masso<\/strong>\u00a0(Desarrollo Social);\u00a0<strong>Regino Amado<\/strong>\u00a0(Gobierno y Justicia);\u00a0el secretario general de la Gobernaci\u00f3n,\u00a0<strong>Federico Nazur<\/strong>; la fiscal de Estado,\u00a0<strong>Gilda Pedicone de Valls<\/strong>; secretarios y subsecretarios de Estado y presidentes de Entes Aut\u00e1rquicos y\u00a0descentralizados.<\/p>\n<p data-end=\"1192\" data-start=\"812\"><img loading=\"lazy\" decoding=\"async\" class=\"alignnone wp-image-7193 size-large\" src=\"https:\/\/cafeprensa.com.ar\/wp-content\/uploads\/2025\/04\/250409095219_40645-1024x682.jpeg\" alt=\"\" width=\"1024\" height=\"682\" srcset=\"https:\/\/cafeprensa.com.ar\/wp-content\/uploads\/2025\/04\/250409095219_40645-1024x682.jpeg 1024w, https:\/\/cafeprensa.com.ar\/wp-content\/uploads\/2025\/04\/250409095219_40645-300x200.jpeg 300w, https:\/\/cafeprensa.com.ar\/wp-content\/uploads\/2025\/04\/250409095219_40645-768x511.jpeg 768w, https:\/\/cafeprensa.com.ar\/wp-content\/uploads\/2025\/04\/250409095219_40645.jpeg 1280w\" sizes=\"auto, (max-width: 1024px) 100vw, 1024px\" \/><\/p>\n<\/div>\n<\/div>\n<\/div>\n<\/div>\n<\/div>\n","protected":false},"excerpt":{"rendered":"<p>Durante el encuentro, se detallan los proyectos en curso y se establecen nuevas directrices para optimizar el trabajo de los distintos ministerios y secretar\u00edas. El gobernador,\u00a0Osvaldo Jaldo,\u00a0est\u00e1 reunido este mi\u00e9rcoles junto a su gabinete ampliado con el objetivo de hacer un an\u00e1lisis profundo sobre el funcionamiento y la ejecuci\u00f3n de las tareas asignadas a cada &hellip;<\/p>\n","protected":false},"author":2,"featured_media":7189,"comment_status":"open","ping_status":"open","sticky":false,"template":"","format":"standard","meta":{"footnotes":""},"categories":[54,25],"tags":[1737,1740,1738,1742,1743,1739,1741],"class_list":["post-7188","post","type-post","status-publish","format-standard","has-post-thumbnail","hentry","category-interes-ganeral","category-politica","tag-daniel-abad-economia-y-produccion","tag-dario-monteros-interior","tag-eugenio-aguero-gamboa-seguridad","tag-federico-nazur-la-fiscal-de-estado","tag-gilda-pedicone-de-valls","tag-luis-medina-ruiz-salud-publica","tag-marcelo-nazur-obras-y-servicios-publicos-susana-montaldo-educacion-federico-masso-desarrollo-social-regino-amado-gobierno-y-justicia-el-secretario-g"],"_links":{"self":[{"href":"https:\/\/cafeprensa.com.ar\/index.php\/wp-json\/wp\/v2\/posts\/7188","targetHints":{"allow":["GET"]}}],"collection":[{"href":"https:\/\/cafeprensa.com.ar\/index.php\/wp-json\/wp\/v2\/posts"}],"about":[{"href":"https:\/\/cafeprensa.com.ar\/index.php\/wp-json\/wp\/v2\/types\/post"}],"author":[{"embeddable":true,"href":"https:\/\/cafeprensa.com.ar\/index.php\/wp-json\/wp\/v2\/users\/2"}],"replies":[{"embeddable":true,"href":"https:\/\/cafeprensa.com.ar\/index.php\/wp-json\/wp\/v2\/comments?post=7188"}],"version-history":[{"count":3,"href":"https:\/\/cafeprensa.com.ar\/index.php\/wp-json\/wp\/v2\/posts\/7188\/revisions"}],"predecessor-version":[{"id":7196,"href":"https:\/\/cafeprensa.com.ar\/index.php\/wp-json\/wp\/v2\/posts\/7188\/revisions\/7196"}],"wp:featuredmedia":[{"embeddable":true,"href":"https:\/\/cafeprensa.com.ar\/index.php\/wp-json\/wp\/v2\/media\/7189"}],"wp:attachment":[{"href":"https:\/\/cafeprensa.com.ar\/index.php\/wp-json\/wp\/v2\/media?parent=7188"}],"wp:term":[{"taxonomy":"category","embeddable":true,"href":"https:\/\/cafeprensa.com.ar\/index.php\/wp-json\/wp\/v2\/categories?post=7188"},{"taxonomy":"post_tag","embeddable":true,"href":"https:\/\/cafeprensa.com.ar\/index.php\/wp-json\/wp\/v2\/tags?post=7188"}],"curies":[{"name":"wp","href":"https:\/\/api.w.org\/{rel}","templated":true}]}}