{"id":7223,"date":"2025-04-10T12:40:14","date_gmt":"2025-04-10T10:40:14","guid":{"rendered":"https:\/\/cafeprensa.com.ar\/?p=7223"},"modified":"2025-04-10T12:40:14","modified_gmt":"2025-04-10T10:40:14","slug":"la-comision-que-investigara-al-presidente-por-libra-marca-un-antes-y-un-despues","status":"publish","type":"post","link":"https:\/\/cafeprensa.com.ar\/index.php\/2025\/04\/10\/la-comision-que-investigara-al-presidente-por-libra-marca-un-antes-y-un-despues\/","title":{"rendered":"\u201cLa comisi\u00f3n que investigar\u00e1 al Presidente por Libra marca un antes y un despu\u00e9s\u201d"},"content":{"rendered":"<div class=\"post-title-container\">\n<h3 class=\"post-title entry-title\"><b style=\"font-size: 16px;\"><i>El Diputado Nacional Pablo Yedlin analiz\u00f3 en Mediod\u00edas Tafice\u00f1os el impacto institucional y pol\u00edtico de la comisi\u00f3n que investigar\u00e1 al Presidente por su rol en la estafa $Libra.<\/i><\/b><\/h3>\n<\/div>\n<div id=\"post-body-3370256717518213368\" class=\"post-body entry-content float-container\">\n<p>El Congreso le pone un l\u00edmite a la impunidad presidencial<\/p>\n<p>El esc\u00e1ndalo internacional por la estafa de la criptomoneda\u00a0<b>$Libra<\/b>\u00a0lleg\u00f3 al\u00a0<b>Congreso de la Naci\u00f3n<\/b>\u00a0y marc\u00f3 un hito pol\u00edtico: la conformaci\u00f3n de una comisi\u00f3n especial para investigar al propio Presidente de la Naci\u00f3n,\u00a0<b>Javier Milei<\/b>. El Diputado Nacional\u00a0<b>Pablo Yedlin<\/b>\u00a0(PJ), explic\u00f3 en di\u00e1logo con\u00a0<b>David<\/b>\u00a0<b>Correa<\/b>\u00a0en\u00a0<b><i>Mediod\u00edas Tafice\u00f1os (Dale FM 104.7)\u00a0<\/i><\/b>el alcance de esta medida, la gravedad del caso y la profunda crisis pol\u00edtica que atraviesa el oficialismo.<\/p>\n<p><strong>\u201cEsto no es ir al casino, es ir con las cartas marcadas\u201d<\/strong><\/p>\n<p>Yedlin fue tajante al describir la maniobra del Presidente:<b><i><\/i><\/b><\/p>\n<blockquote><p><b><i>\u201cEl propio mandatario dijo que invertir en $Libra era como ir al casino. Pero en el casino las reglas son claras. Ac\u00e1 se jug\u00f3 con cartas marcadas. Esa es la diferencia entre una inversi\u00f3n riesgosa y una estafa.\u201d\u00a0<\/i><\/b><\/p><\/blockquote>\n<p>El legislador sostuvo que las <strong>causas judiciales en Argentina y en Estados Unidos<\/strong> avanzan en paralelo, pero que desde el Congreso se decidi\u00f3 abrir una investigaci\u00f3n pol\u00edtica con el objetivo de esclarecer las responsabilidades institucionales.<\/p>\n<h3>El qu\u00f3rum que sorprendi\u00f3 a todos<\/h3>\n<p>Uno de los aspectos m\u00e1s llamativos de la jornada parlamentaria fue la sorpresiva conformaci\u00f3n del qu\u00f3rum, con el acompa\u00f1amiento de legisladores que habitualmente no avalaban iniciativas del bloque opositor.<\/p>\n<blockquote><p><b>\u201cHubo apoyo de diputados de C\u00f3rdoba, Catamarca y otras provincias. Eso da cuenta de la magnitud del esc\u00e1ndalo. Nadie quiere quedar pegado a una estafa de esta dimensi\u00f3n\u201d, afirm\u00f3 el diputado tucumano.<\/b><\/p><\/blockquote>\n<h3><b>Funcionarios en la mira: Caputo, Francos y la Comisi\u00f3n de Valores<\/b><\/h3>\n<p>La C\u00e1mara de Diputados tambi\u00e9n aprob\u00f3 la interpelaci\u00f3n de funcionarios clave del Ejecutivo.<\/p>\n<blockquote><p><b>\u201cEl jefe de Gabinete (Guillermo) Francos fue citado. Quer\u00edamos que venga la Secretaria General de la Presidencia (Karina Milei), pero no conseguimos los votos. (Santiago) Caputo tambi\u00e9n fue convocado, y se espera que la Comisi\u00f3n de Valores d\u00e9 explicaciones. Es necesario saber si hubo dolo o, al menos, una grave irresponsabilidad institucional\u201d, agreg\u00f3 Yedlin.<\/b><\/p><\/blockquote>\n<p>Sobre la asistencia obligatoria, aclar\u00f3: \u201cA las interpelaciones deben ir. A las invitaciones de la comisi\u00f3n, no necesariamente. Pero si no van, quedar\u00e1 claro que tienen algo que ocultar\u201d.<\/p>\n<h3><b>La ausencia que preocupa: \u00bfqui\u00e9n gobierna en medio del caos?<\/b><\/h3>\n<p>Finalmente, Yedlin se mostr\u00f3 alarmado por la falta de se\u00f1ales institucionales claras frente al contexto global. <strong>\u201cMe preocupa que no haya una comunicaci\u00f3n oficial de reuniones de gabinete, de an\u00e1lisis de la situaci\u00f3n internacional. Mientras pa\u00edses vecinos como Chile, Uruguay y Bolivia se preparan, aqu\u00ed parece que no pas\u00f3 nada. Y eso, en pol\u00edtica, se paga caro\u201d.<\/strong><\/p>\n<p><strong>La entrevista de Pablo Yedlin en Mediod\u00edas Tafice\u00f1os expone con crudeza la descomposici\u00f3n pol\u00edtica del oficialismo,<\/strong> la soledad del Presidente frente a una crisis que lo acorrala y la urgencia de recomponer los mecanismos institucionales para evitar que el pa\u00eds quede a la deriva. En un mundo que cambia a una velocidad vertiginosa, Argentina no puede darse el lujo de no tener el tim\u00f3n firme.<\/p>\n<\/div>\n","protected":false},"excerpt":{"rendered":"<p>El Diputado Nacional Pablo Yedlin analiz\u00f3 en Mediod\u00edas Tafice\u00f1os el impacto institucional y pol\u00edtico de la comisi\u00f3n que investigar\u00e1 al Presidente por su rol en la estafa $Libra. El Congreso le pone un l\u00edmite a la impunidad presidencial El esc\u00e1ndalo internacional por la estafa de la criptomoneda\u00a0$Libra\u00a0lleg\u00f3 al\u00a0Congreso de la Naci\u00f3n\u00a0y marc\u00f3 un hito pol\u00edtico: &hellip;<\/p>\n","protected":false},"author":2,"featured_media":7224,"comment_status":"open","ping_status":"open","sticky":false,"template":"","format":"standard","meta":{"footnotes":""},"categories":[34,25],"tags":[1136],"class_list":["post-7223","post","type-post","status-publish","format-standard","has-post-thumbnail","hentry","category-locales","category-politica","tag-pablo-yedlin-diputado"],"_links":{"self":[{"href":"https:\/\/cafeprensa.com.ar\/index.php\/wp-json\/wp\/v2\/posts\/7223","targetHints":{"allow":["GET"]}}],"collection":[{"href":"https:\/\/cafeprensa.com.ar\/index.php\/wp-json\/wp\/v2\/posts"}],"about":[{"href":"https:\/\/cafeprensa.com.ar\/index.php\/wp-json\/wp\/v2\/types\/post"}],"author":[{"embeddable":true,"href":"https:\/\/cafeprensa.com.ar\/index.php\/wp-json\/wp\/v2\/users\/2"}],"replies":[{"embeddable":true,"href":"https:\/\/cafeprensa.com.ar\/index.php\/wp-json\/wp\/v2\/comments?post=7223"}],"version-history":[{"count":1,"href":"https:\/\/cafeprensa.com.ar\/index.php\/wp-json\/wp\/v2\/posts\/7223\/revisions"}],"predecessor-version":[{"id":7225,"href":"https:\/\/cafeprensa.com.ar\/index.php\/wp-json\/wp\/v2\/posts\/7223\/revisions\/7225"}],"wp:featuredmedia":[{"embeddable":true,"href":"https:\/\/cafeprensa.com.ar\/index.php\/wp-json\/wp\/v2\/media\/7224"}],"wp:attachment":[{"href":"https:\/\/cafeprensa.com.ar\/index.php\/wp-json\/wp\/v2\/media?parent=7223"}],"wp:term":[{"taxonomy":"category","embeddable":true,"href":"https:\/\/cafeprensa.com.ar\/index.php\/wp-json\/wp\/v2\/categories?post=7223"},{"taxonomy":"post_tag","embeddable":true,"href":"https:\/\/cafeprensa.com.ar\/index.php\/wp-json\/wp\/v2\/tags?post=7223"}],"curies":[{"name":"wp","href":"https:\/\/api.w.org\/{rel}","templated":true}]}}