{"id":7226,"date":"2025-04-10T12:50:23","date_gmt":"2025-04-10T10:50:23","guid":{"rendered":"https:\/\/cafeprensa.com.ar\/?p=7226"},"modified":"2025-04-10T12:50:23","modified_gmt":"2025-04-10T10:50:23","slug":"maracanazo-santiagueno","status":"publish","type":"post","link":"https:\/\/cafeprensa.com.ar\/index.php\/2025\/04\/10\/maracanazo-santiagueno\/","title":{"rendered":"Maracanazo Santiague\u00f1o"},"content":{"rendered":"<div class=\"the-post-header s-head-modern s-head-modern-a has-share-meta-right\">\n<div class=\"post-meta post-meta-a post-meta-left post-meta-single has-below\">\n<h1 class=\"is-title post-title\">Central C\u00f3rdoba hizo historia al derrotar a Flamengo por 2 a 1<\/h1>\n<\/div>\n<\/div>\n<div class=\"the-post s-post-modern\">\n<article id=\"post-74352\" class=\"post-74352 post type-post status-publish format-standard has-post-thumbnail category-deportes category-destacada-2 tag-central-cordoba-de-santiago-del-estero tag-copa-libertadores-2025 tag-estadio-maracana tag-flamengo tag-maracanazo-santiagueno tag-rio-de-janeiro\">\n<div class=\"post-content-wrap has-share-float\">\n<div class=\"post-content cf entry-content content-spacious\">\n<p><em>El Ferroviario escribi\u00f3 la p\u00e1gina m\u00e1s gloriosa de su historial, al imponerse en el m\u00edtico estadio R\u00edo de Janeiro.<\/em><\/p>\n<figure class=\"wp-block-embed aligncenter is-type-rich is-provider-twitter wp-block-embed-twitter\">\n<div class=\"wp-block-embed__wrapper\">\n<p><iframe loading=\"lazy\" title=\"YouTube video player\" src=\"https:\/\/www.youtube.com\/embed\/UH69qLyqNjs?si=BeRPhzHp0TxBJ58H\" width=\"560\" height=\"315\" frameborder=\"0\" allowfullscreen=\"allowfullscreen\"><\/iframe><\/p>\n<\/div>\n<\/figure>\n<p>BRASIL.- La noche del 9 de abril quedar\u00e1 marcada para toda la vida en la memoria colectiva de los santiague\u00f1os. Esta noche<strong>\u00a0Central C\u00f3rdoba<\/strong>\u00a0de\u00a0<strong>Santiago del Estero<\/strong>\u00a0gener\u00f3 uno de los mementos m\u00e1s importante de su historia, al vencer al\u00a0<strong>Flamengo\u00a0<\/strong>en el m\u00edtico\u00a0<strong>Estadio Maracan\u00e1<\/strong>\u00a0de\u00a0<strong>R\u00edo de Janeiro<\/strong>, por 2 a 1.<\/p>\n<p>El partido correspond\u00eda a la Fecha 2 del Grupo C de la Copa Libertadores. Los goles para el \u00abFerroviario\u00bb fueron anotados por el \u00abPupa\u00bb Heredia y Jos\u00e9 Florent\u00edn. Descont\u00f3 para el \u00abMengao\u00bb, Nicol\u00e1s de La Cruz.<\/p>\n<p><img loading=\"lazy\" decoding=\"async\" class=\"alignnone wp-image-7227 size-large\" src=\"https:\/\/cafeprensa.com.ar\/wp-content\/uploads\/2025\/04\/i-1024x576.jpeg\" alt=\"\" width=\"1024\" height=\"576\" srcset=\"https:\/\/cafeprensa.com.ar\/wp-content\/uploads\/2025\/04\/i-1024x576.jpeg 1024w, https:\/\/cafeprensa.com.ar\/wp-content\/uploads\/2025\/04\/i-300x169.jpeg 300w, https:\/\/cafeprensa.com.ar\/wp-content\/uploads\/2025\/04\/i-768x432.jpeg 768w, https:\/\/cafeprensa.com.ar\/wp-content\/uploads\/2025\/04\/i-1536x864.jpeg 1536w, https:\/\/cafeprensa.com.ar\/wp-content\/uploads\/2025\/04\/i-2048x1152.jpeg 2048w, https:\/\/cafeprensa.com.ar\/wp-content\/uploads\/2025\/04\/i-390x220.jpeg 390w\" sizes=\"auto, (max-width: 1024px) 100vw, 1024px\" \/><\/p>\n<p>Santiago del Estero est\u00e1 una fiesta y \u00e9sta noche no duerme, tiene motivos de sobra para festejar como solo los santiague\u00f1os saben:\u00a0<strong>gatos , chacareras y guarachas hasta el amanecer<\/strong>. Este triunfo es un premio al esfuerzo, sacrificio, trabajo a conciencia, responsabilidad y compromiso de jugadores, cuerpo t\u00e9cnico y dirigentes.<\/p>\n<p><strong>\u00abEl Ferro\u00bb nuevamente \u00absubi\u00f3 la vara\u00bb y seguramente ma\u00f1ana, ya estar\u00e1 \u00ablaburando\u00bb para obtener nuevos logros, para alegr\u00eda de todo el norte argentino.<\/strong><\/p>\n<div class=\"wp-block-image\">\n<figure class=\"aligncenter size-large\"><a href=\"https:\/\/elfederalnoticias.com.ar\/wp-content\/uploads\/2025\/04\/image-47.png\"><img loading=\"lazy\" decoding=\"async\" class=\"wp-image-74353\" src=\"https:\/\/elfederalnoticias.com.ar\/wp-content\/uploads\/2025\/04\/image-47-1024x579.png\" sizes=\"auto, (max-width: 1024px) 100vw, 1024px\" srcset=\"https:\/\/elfederalnoticias.com.ar\/wp-content\/uploads\/2025\/04\/image-47-1024x579.png 1024w, https:\/\/elfederalnoticias.com.ar\/wp-content\/uploads\/2025\/04\/image-47-300x169.png 300w, https:\/\/elfederalnoticias.com.ar\/wp-content\/uploads\/2025\/04\/image-47-768x434.png 768w, https:\/\/elfederalnoticias.com.ar\/wp-content\/uploads\/2025\/04\/image-47-1536x868.png 1536w, https:\/\/elfederalnoticias.com.ar\/wp-content\/uploads\/2025\/04\/image-47-150x85.png 150w, https:\/\/elfederalnoticias.com.ar\/wp-content\/uploads\/2025\/04\/image-47-450x254.png 450w, https:\/\/elfederalnoticias.com.ar\/wp-content\/uploads\/2025\/04\/image-47-1200x678.png 1200w, https:\/\/elfederalnoticias.com.ar\/wp-content\/uploads\/2025\/04\/image-47.png 2048w\" alt=\"\" width=\"1024\" height=\"579\" \/><\/a><figcaption class=\"wp-element-caption\">Hicieron historia.<\/figcaption><\/figure>\n<\/div>\n<figure class=\"wp-block-embed aligncenter is-type-video is-provider-youtube wp-block-embed-youtube wp-embed-aspect-16-9 wp-has-aspect-ratio\">\n<div class=\"wp-block-embed__wrapper\"><\/div>\n<\/figure>\n<\/div>\n<\/div>\n<\/article>\n<\/div>\n","protected":false},"excerpt":{"rendered":"<p>Central C\u00f3rdoba hizo historia al derrotar a Flamengo por 2 a 1 El Ferroviario escribi\u00f3 la p\u00e1gina m\u00e1s gloriosa de su historial, al imponerse en el m\u00edtico estadio R\u00edo de Janeiro. BRASIL.- La noche del 9 de abril quedar\u00e1 marcada para toda la vida en la memoria colectiva de los santiague\u00f1os. Esta noche\u00a0Central C\u00f3rdoba\u00a0de\u00a0Santiago del &hellip;<\/p>\n","protected":false},"author":2,"featured_media":7228,"comment_status":"open","ping_status":"open","sticky":false,"template":"","format":"standard","meta":{"footnotes":""},"categories":[294,35],"tags":[592,1354,1746],"class_list":["post-7226","post","type-post","status-publish","format-standard","has-post-thumbnail","hentry","category-futbol","category-internacionales","tag-brasil","tag-central-cordoba","tag-flamengo"],"_links":{"self":[{"href":"https:\/\/cafeprensa.com.ar\/index.php\/wp-json\/wp\/v2\/posts\/7226","targetHints":{"allow":["GET"]}}],"collection":[{"href":"https:\/\/cafeprensa.com.ar\/index.php\/wp-json\/wp\/v2\/posts"}],"about":[{"href":"https:\/\/cafeprensa.com.ar\/index.php\/wp-json\/wp\/v2\/types\/post"}],"author":[{"embeddable":true,"href":"https:\/\/cafeprensa.com.ar\/index.php\/wp-json\/wp\/v2\/users\/2"}],"replies":[{"embeddable":true,"href":"https:\/\/cafeprensa.com.ar\/index.php\/wp-json\/wp\/v2\/comments?post=7226"}],"version-history":[{"count":1,"href":"https:\/\/cafeprensa.com.ar\/index.php\/wp-json\/wp\/v2\/posts\/7226\/revisions"}],"predecessor-version":[{"id":7229,"href":"https:\/\/cafeprensa.com.ar\/index.php\/wp-json\/wp\/v2\/posts\/7226\/revisions\/7229"}],"wp:featuredmedia":[{"embeddable":true,"href":"https:\/\/cafeprensa.com.ar\/index.php\/wp-json\/wp\/v2\/media\/7228"}],"wp:attachment":[{"href":"https:\/\/cafeprensa.com.ar\/index.php\/wp-json\/wp\/v2\/media?parent=7226"}],"wp:term":[{"taxonomy":"category","embeddable":true,"href":"https:\/\/cafeprensa.com.ar\/index.php\/wp-json\/wp\/v2\/categories?post=7226"},{"taxonomy":"post_tag","embeddable":true,"href":"https:\/\/cafeprensa.com.ar\/index.php\/wp-json\/wp\/v2\/tags?post=7226"}],"curies":[{"name":"wp","href":"https:\/\/api.w.org\/{rel}","templated":true}]}}