{"id":7288,"date":"2025-04-12T16:28:51","date_gmt":"2025-04-12T14:28:51","guid":{"rendered":"https:\/\/cafeprensa.com.ar\/?p=7288"},"modified":"2025-04-12T23:33:57","modified_gmt":"2025-04-12T21:33:57","slug":"cano-cuestiono-algunas-actitudes-dentro-del-radicalismo-debemos-dejar-de-matar-a-los-candidatos","status":"publish","type":"post","link":"https:\/\/cafeprensa.com.ar\/index.php\/2025\/04\/12\/cano-cuestiono-algunas-actitudes-dentro-del-radicalismo-debemos-dejar-de-matar-a-los-candidatos\/","title":{"rendered":"Cano cuestion\u00f3 algunas actitudes dentro del radicalismo: \u00abDebemos dejar de &#8216;matar&#8217; a los candidatos\u00bb"},"content":{"rendered":"<p>El legislador radical <strong>Jos\u00e9 Cano<\/strong> se refiri\u00f3 al proceso interno que lleva adelante el radicalismo. En este sentido se\u00f1al\u00f3 que \u00abhay una atomizaci\u00f3n que profundizaci\u00f3n de la crisis en los partidos pol\u00edticos, y es casi una certeza que el oficialismo provincial participar\u00e1 por separado en las elecciones intermedias\u00bb.<\/p>\n<p>Luego, detall\u00f3 c\u00f3mo se produjo el proceso de intervenci\u00f3n y el motivo para llevarlo adelante dentro del partido radical. \u00abPor responsabilidad de todos nos se dio un proceso interno, sino se dio una auto pr\u00f3rroga y se dio una elecci\u00f3n que no ten\u00eda ning\u00fan tipo de validez porque los mandatos estaban caducos.\u00bb \u00abCorr\u00edamos el riesgo que, si present\u00e1bamos lista, nos pod\u00edan hacer una presentaci\u00f3n judicial para hacer caer las listas porque el partido no estaba habilitado. El \u00fanico \u00f3rgano para presentar prorroga de mandatos es el Comit\u00e9 Nacional, donde se hizo el pedido de intervenci\u00f3n\u00bb, sentenci\u00f3 Cano.<\/p>\n<p>\u00abEn la reuni\u00f3n que hicimos en Taf\u00ed Viejo es el primer encuentro que realizamos para rearmar un espacio pol\u00edtico que en 2015 fuimos competitivos y convocando a nuevos actores para llegar a octubre y revalidar la banca que tenemos\u00bb, relat\u00f3 respecto a los objetivos de la \u00faltima reuni\u00f3n radical en el Oeste.\u00a0 \u00abNo tengo nombre de candidatos, pero reafirmo que desde la UCR debemos dejar de \u201cmatar\u201d a los candidatos que pueden llevar adelante el proceso. Lo hicieron conmigo, con Silvia y ahora lo quieren hacer con Roberto\u00bb, continu\u00f3 cuestionando la reacci\u00f3n de algunos sectores respecto a las posibilidades de armado del frente opositor. \u00abTenemos que reconfigurar el espacio para ser competitivos y poder gobernar en 2027\u00bb, concluy\u00f3 Cano.<\/p>\n<p>Escucha la nota completa en el siguiente <a href=\"https:\/\/www.youtube.com\/live\/y_syhD4Ywpc?si=WhihrgZ1rwncD1dB\">enlace<\/a>.<\/p>\n","protected":false},"excerpt":{"rendered":"<p>El legislador radical Jos\u00e9 Cano se refiri\u00f3 al proceso interno que lleva adelante el radicalismo. En este sentido se\u00f1al\u00f3 que \u00abhay una atomizaci\u00f3n que profundizaci\u00f3n de la crisis en los partidos pol\u00edticos, y es casi una certeza que el oficialismo provincial participar\u00e1 por separado en las elecciones intermedias\u00bb. Luego, detall\u00f3 c\u00f3mo se produjo el proceso &hellip;<\/p>\n","protected":false},"author":2,"featured_media":7289,"comment_status":"open","ping_status":"open","sticky":false,"template":"","format":"standard","meta":{"footnotes":""},"categories":[34,1701],"tags":[963,1700,264,110],"class_list":["post-7288","post","type-post","status-publish","format-standard","has-post-thumbnail","hentry","category-locales","category-programa-cafe-prensa","tag-interna","tag-intervencion","tag-jose-cano","tag-ucr"],"_links":{"self":[{"href":"https:\/\/cafeprensa.com.ar\/index.php\/wp-json\/wp\/v2\/posts\/7288","targetHints":{"allow":["GET"]}}],"collection":[{"href":"https:\/\/cafeprensa.com.ar\/index.php\/wp-json\/wp\/v2\/posts"}],"about":[{"href":"https:\/\/cafeprensa.com.ar\/index.php\/wp-json\/wp\/v2\/types\/post"}],"author":[{"embeddable":true,"href":"https:\/\/cafeprensa.com.ar\/index.php\/wp-json\/wp\/v2\/users\/2"}],"replies":[{"embeddable":true,"href":"https:\/\/cafeprensa.com.ar\/index.php\/wp-json\/wp\/v2\/comments?post=7288"}],"version-history":[{"count":3,"href":"https:\/\/cafeprensa.com.ar\/index.php\/wp-json\/wp\/v2\/posts\/7288\/revisions"}],"predecessor-version":[{"id":7298,"href":"https:\/\/cafeprensa.com.ar\/index.php\/wp-json\/wp\/v2\/posts\/7288\/revisions\/7298"}],"wp:featuredmedia":[{"embeddable":true,"href":"https:\/\/cafeprensa.com.ar\/index.php\/wp-json\/wp\/v2\/media\/7289"}],"wp:attachment":[{"href":"https:\/\/cafeprensa.com.ar\/index.php\/wp-json\/wp\/v2\/media?parent=7288"}],"wp:term":[{"taxonomy":"category","embeddable":true,"href":"https:\/\/cafeprensa.com.ar\/index.php\/wp-json\/wp\/v2\/categories?post=7288"},{"taxonomy":"post_tag","embeddable":true,"href":"https:\/\/cafeprensa.com.ar\/index.php\/wp-json\/wp\/v2\/tags?post=7288"}],"curies":[{"name":"wp","href":"https:\/\/api.w.org\/{rel}","templated":true}]}}