{"id":7294,"date":"2025-04-12T19:50:44","date_gmt":"2025-04-12T17:50:44","guid":{"rendered":"https:\/\/cafeprensa.com.ar\/?p=7294"},"modified":"2025-04-12T23:33:40","modified_gmt":"2025-04-12T21:33:40","slug":"romero-cuestiono-la-reaccion-de-los-referentes-peronistas-frente-al-contexto-social-no-dicen-nada","status":"publish","type":"post","link":"https:\/\/cafeprensa.com.ar\/index.php\/2025\/04\/12\/romero-cuestiono-la-reaccion-de-los-referentes-peronistas-frente-al-contexto-social-no-dicen-nada\/","title":{"rendered":"Romero cuestion\u00f3 la reacci\u00f3n de los referentes peronistas frente al contexto social: \u00abNo dicen nada\u00bb"},"content":{"rendered":"<p>El dirigente peronista <strong>Enrique Romero<\/strong> en di\u00e1logo con Caf\u00e9 Prensa analiz\u00f3 la pol\u00edtica nacional. Adem\u00e1s, Romero rememor\u00f3 los aportes concretados en la administraci\u00f3n anterior como el carril exclusivo y las campa\u00f1as con meg\u00e1fono para generar concientizaci\u00f3n sobre la seguridad vial.<\/p>\n<p>\u00abLo \u00fanico que hizo bien (Milei) fue estabilizar la inflaci\u00f3n, pero hoy se han perdido 17 mil puestos de trabajo y se han ido empresas. Es incre\u00edble lo que ocurre, hoy los argentinos no consumen ni carne ni leche ni medicamentos, es espantoso lo que est\u00e1 ocurriendo\u00bb, se\u00f1al\u00f3 duramente sobre la gesti\u00f3n nacional. Ante esto, Romero admiti\u00f3 que decidi\u00f3 generar su propio espacio porque \u00abel Justicialismo no dice nada\u00bb. \u00abEs insoportable que los dirigentes peronistas no digan nada sobre los jubilados, ni la quita de presupuesto a los pacientes oncol\u00f3gicos\u00bb, agreg\u00f3.<\/p>\n<p>Finalmente, el dirigente peronista se\u00f1al\u00f3 que el lunes, tras el levantamiento del cepo \u00abel d\u00f3lar se va a ir a 1400 pesos y si eso ocurre, el BCRA tendr\u00e1 que ir a vender d\u00f3lares para descapitalizar\u00bb, concluy\u00f3.<\/p>\n<p>Escucha la nota completa en el siguiente <a href=\"https:\/\/www.youtube.com\/watch?v=y_syhD4Ywpc\">enlace.<\/a><\/p>\n<p>&nbsp;<\/p>\n<p>&nbsp;<\/p>\n<p>&nbsp;<\/p>\n<p>&nbsp;<\/p>\n","protected":false},"excerpt":{"rendered":"<p>El dirigente peronista Enrique Romero en di\u00e1logo con Caf\u00e9 Prensa analiz\u00f3 la pol\u00edtica nacional. Adem\u00e1s, Romero rememor\u00f3 los aportes concretados en la administraci\u00f3n anterior como el carril exclusivo y las campa\u00f1as con meg\u00e1fono para generar concientizaci\u00f3n sobre la seguridad vial. \u00abLo \u00fanico que hizo bien (Milei) fue estabilizar la inflaci\u00f3n, pero hoy se han perdido &hellip;<\/p>\n","protected":false},"author":2,"featured_media":7299,"comment_status":"open","ping_status":"open","sticky":false,"template":"","format":"standard","meta":{"footnotes":""},"categories":[34,1701],"tags":[413,201,41,770],"class_list":["post-7294","post","type-post","status-publish","format-standard","has-post-thumbnail","hentry","category-locales","category-programa-cafe-prensa","tag-economia","tag-enrique-romero","tag-milei","tag-peronismo"],"_links":{"self":[{"href":"https:\/\/cafeprensa.com.ar\/index.php\/wp-json\/wp\/v2\/posts\/7294","targetHints":{"allow":["GET"]}}],"collection":[{"href":"https:\/\/cafeprensa.com.ar\/index.php\/wp-json\/wp\/v2\/posts"}],"about":[{"href":"https:\/\/cafeprensa.com.ar\/index.php\/wp-json\/wp\/v2\/types\/post"}],"author":[{"embeddable":true,"href":"https:\/\/cafeprensa.com.ar\/index.php\/wp-json\/wp\/v2\/users\/2"}],"replies":[{"embeddable":true,"href":"https:\/\/cafeprensa.com.ar\/index.php\/wp-json\/wp\/v2\/comments?post=7294"}],"version-history":[{"count":2,"href":"https:\/\/cafeprensa.com.ar\/index.php\/wp-json\/wp\/v2\/posts\/7294\/revisions"}],"predecessor-version":[{"id":7300,"href":"https:\/\/cafeprensa.com.ar\/index.php\/wp-json\/wp\/v2\/posts\/7294\/revisions\/7300"}],"wp:featuredmedia":[{"embeddable":true,"href":"https:\/\/cafeprensa.com.ar\/index.php\/wp-json\/wp\/v2\/media\/7299"}],"wp:attachment":[{"href":"https:\/\/cafeprensa.com.ar\/index.php\/wp-json\/wp\/v2\/media?parent=7294"}],"wp:term":[{"taxonomy":"category","embeddable":true,"href":"https:\/\/cafeprensa.com.ar\/index.php\/wp-json\/wp\/v2\/categories?post=7294"},{"taxonomy":"post_tag","embeddable":true,"href":"https:\/\/cafeprensa.com.ar\/index.php\/wp-json\/wp\/v2\/tags?post=7294"}],"curies":[{"name":"wp","href":"https:\/\/api.w.org\/{rel}","templated":true}]}}