{"id":7343,"date":"2025-04-14T03:00:08","date_gmt":"2025-04-14T01:00:08","guid":{"rendered":"https:\/\/cafeprensa.com.ar\/?p=7343"},"modified":"2025-04-14T03:01:20","modified_gmt":"2025-04-14T01:01:20","slug":"gano-pullaro-el-pj-quedo-segundo-y-el-candidato-de-milei-termino-lejos","status":"publish","type":"post","link":"https:\/\/cafeprensa.com.ar\/index.php\/2025\/04\/14\/gano-pullaro-el-pj-quedo-segundo-y-el-candidato-de-milei-termino-lejos\/","title":{"rendered":"Gan\u00f3 Pullaro, el PJ qued\u00f3 segundo y el candidato de Milei termin\u00f3 lejos"},"content":{"rendered":"<div class=\"lay --apertura\">\n<div class=\"row\">\n<div class=\"col-12\">\n<p class=\"com-title --font-primary --sixxl --font-extra\"><span style=\"font-size: 12pt;\">Elecciones en Santa Fe: El gobernador rondaba el 35% de los votos en los comicios para convencionales constituyentes; entre los opositores del peronismo sac\u00f3 una luz de ventaja sobre La Libertad Avanza y el espacio de Granata; la participaci\u00f3n del electorado fue baja. <\/span>El gobernador de Santa Fe,\u00a0<strong>Maximiliano Pullaro<\/strong>, obtuvo este domingo una clara ventaja sobre sus rivales en el conteo de los votos de las elecciones a\u00a0<strong>convencionales constituyentes<\/strong>\u00a0que lo habilitar\u00e1n a impulsar una reforma de la Constituci\u00f3n provincial, con reelecci\u00f3n incluida.<\/p>\n<\/div>\n<\/div>\n<\/div>\n<div class=\"lay-sidebar\">\n<div class=\"sidebar__main\">\n<section class=\"cuerpo__nota\">\n<div class=\"row\">\n<div class=\"col-deskxl-10 offset-deskxl-1 col-desksm-11\">\n<div class=\"row\">\n<div class=\"col-12\">\n<p class=\"com-paragraph --s\">Contabilizado el 80 por ciento del padr\u00f3n, el gobernador rondaba el 36 por ciento de los votos, mientras que el candidato del peronismo,\u00a0<strong>Juan Monteverde<\/strong>, se ubicaba en el segundo lugar, con el 14% de los sufragios. Con estos guarismos, Pullaro tendr\u00e1 entre 32 y 33 convencionales, a escasos dos o tres de la mayor\u00eda necesaria para impulsar las 43 modificaciones a la Carta Magna provincial.<\/p>\n<p class=\"com-paragraph --s\">A su vez, el candidato libertario<strong>\u00a0Nicol\u00e1s Mayoraz<\/strong>\u00a0alcanzaba el tercer lugar (13,45%), lejos de las expectativas del presidente\u00a0<strong>Javier Milei<\/strong>; mientras que la postulante pro-vida\u00a0<strong>Amalia Granata\u00a0<\/strong>sumaba el 12,88 por ciento de las voluntades. En un contexto de derrota, en\u00a0<strong>La Libertad Avanza<\/strong>\u00a0festejaron el triunfo de\u00a0<strong>Juan Pedro Aleart<\/strong>\u00a0en la puja con el oficialismo por la silla de convencional por el departamento Rosario.<\/p>\n<p class=\"com-paragraph --s\">Por su parte\u00a0<strong>Marcelo Lewandowski\u00a0<\/strong>(Activemos), otro candidato peronista, lograba el 8 por ciento. La boxeadora\u00a0<strong>Alejandra Oliveras<\/strong> se transformaba en otra de las sorpresas, con un 5 por ciento de los votos y la chance de ingresar como convencional constituyente.<\/p>\n<p class=\"com-paragraph --s\">De todos modos, en el sector de Monteverde especulaban con altas dosis de optimismo que la suma final de los dos candidatos, m\u00e1s quienes se inclinaron por\u00a0<strong>Roberto Sukerman\u00a0<\/strong>(poco m\u00e1s del 1 por ciento)<strong>\u00a0<\/strong>\u201cva a alcanzar el 30 por ciento\u201d, lo cual obligar\u00e1 a los tres sectores a la unidad futura. \u201cSomos segunda fuerza a nivel provincial, primeros a nivel de concejales en Rosario, y a tres puntos de ganarle a Pullaro ac\u00e1. Mucho futuro por delante\u201d, dijo Monteverde.<\/p>\n<div class=\"content-media\">\n<section class=\"mod-media --zoom \" role=\"button\">\n<figure class=\"mod-figure \" role=\"button\">\n<div class=\"placeholder \">\n<div class=\"com-image\"><picture><source srcset=\"https:\/\/resizer.glanacion.com\/resizer\/v2\/pablo-ayala-el-secretario-del-tribunal-electoral-HAUVJGUHDFAJRM6NL4CZUBHKRY.JPG?auth=a9a2fa32db9d695c540296f1faae21bdac69f7e7b36309e04b699240874cff36&amp;width=780&amp;height=520&amp;quality=70&amp;smart=true\" media=\"(min-width: 768px)\" \/><img loading=\"lazy\" decoding=\"async\" class=\"image flex com-image --cover\" src=\"https:\/\/resizer.glanacion.com\/resizer\/v2\/pablo-ayala-el-secretario-del-tribunal-electoral-HAUVJGUHDFAJRM6NL4CZUBHKRY.JPG?auth=a9a2fa32db9d695c540296f1faae21bdac69f7e7b36309e04b699240874cff36&amp;width=420&amp;height=280&amp;quality=70&amp;smart=true\" alt=\"Pablo Ayala, el secretario del Tribunal Electoral de Santa Fe\" width=\"2000\" height=\"1333\" \/><\/picture><\/div>\n<\/div><figcaption class=\"mod-figcaption\"><span class=\"com-text --caption --twoxs\">Pablo Ayala, el secretario del Tribunal Electoral de Santa Fe<\/span><span class=\"com-text --credit --twoxs\">Carolina Nikilson<\/span><\/figcaption><\/figure>\n<\/section>\n<\/div>\n<p class=\"com-paragraph --s\">En el inicio de una jornada pr\u00e1cticamente sin incidentes de peso, el gobernador se mostr\u00f3 atento a los porcentajes de votaci\u00f3n. <strong>\u201cEs un minuto, contra el futuro de los pr\u00f3ximos 20 o 30 a\u00f1os\u201d<\/strong>, defini\u00f3 el gobernador, casi a modo de ruego, cuando los periodistas le pidieron un mensaje a la poblaci\u00f3n, luego de votar en la escuela Sarmiento, en el pueblo de Hughes, donde naci\u00f3.<\/p>\n<p class=\"com-paragraph --s\">La frase del\u00a0<strong>gobernador radical<\/strong>, que alentaba sin medias tintas la participaci\u00f3n ciudadana, sirvi\u00f3 para dejar al descubierto una preocupaci\u00f3n del oficialismo santafesino: a la par del confiado optimismo que ya ten\u00edan en relaci\u00f3n a un holgado triunfo en la elecci\u00f3n de los<strong>\u00a069 convencionales constituyentes<\/strong>\u00a0que definir\u00e1n en los pr\u00f3ximos meses la nueva carta magna provincial, el mandatario y sus colaboradores vivieron durante la jornada electoral la incertidumbre por la cantidad de votantes.<\/p>\n<p class=\"com-paragraph --s\">Despu\u00e9s del mediod\u00eda,\u00a0<strong>la participaci\u00f3n superaba el 50 por ciento<\/strong>\u00a0de los m\u00e1s de 2, 8 millones de electores habilitados para votar. Pasadas las 19, la secretar\u00eda electoral confirmaba que el porcentaje de votaci\u00f3n llegaba a\u00a0<strong>\u201cun n\u00famero cercano al 58 por ciento\u201d<\/strong>, sin precisiones.<\/p>\n<div class=\"content-media\">\n<section class=\"mod-media --zoom \" role=\"button\">\n<figure class=\"mod-figure \" role=\"button\">\n<div class=\"placeholder \">\n<div class=\"com-image\"><picture><source srcset=\"https:\/\/resizer.glanacion.com\/resizer\/v2\/el-libertario-nicolas-mayoraz-al-emitir-su-voto-7DPRHGSTLRGYPENIZBQBAODRPA.JPG?auth=3dddb7472efd4a4ae81281a42c7daeeb7f5be3ffb9d17b47f216fc13a879656d&amp;width=780&amp;height=439&amp;quality=70&amp;smart=true\" media=\"(min-width: 768px)\" \/><img loading=\"lazy\" decoding=\"async\" class=\"image flex com-image --cover\" src=\"https:\/\/resizer.glanacion.com\/resizer\/v2\/el-libertario-nicolas-mayoraz-al-emitir-su-voto-7DPRHGSTLRGYPENIZBQBAODRPA.JPG?auth=3dddb7472efd4a4ae81281a42c7daeeb7f5be3ffb9d17b47f216fc13a879656d&amp;width=420&amp;height=236&amp;quality=70&amp;smart=true\" alt=\"El libertario Nicol\u00e1s Mayoraz al emitir su voto en Rosario\" width=\"2000\" height=\"1125\" \/><\/picture><\/div>\n<\/div><figcaption class=\"mod-figcaption\"><span class=\"com-text --caption --twoxs\">El libertario Nicol\u00e1s Mayoraz al emitir su voto en Rosario<\/span><\/figcaption><\/figure>\n<\/section>\n<\/div>\n<p class=\"com-paragraph --s\">Desde la ma\u00f1ana, la cantidad de asistentes a las escuelas y centros de votaci\u00f3n<strong>\u00a0se mantuvo baja<\/strong>, y s\u00f3lo empez\u00f3 a repuntar en las primeras horas de la tarde, cuando ara\u00f1aba el 40 por ciento. \u201cEstamos discutiendo el futuro de los santafesinos. Progreso, orden y paz\u201d, repiti\u00f3 el gobernador santafesino, quien lleg\u00f3 puntual y sonriente, a las 8.47, a la escuela provincial Sarmiento. \u201cEs un d\u00eda hermoso para votar\u201d, coincidi\u00f3 el\u00a0<strong>intendente de Rosario, Pablo Javkin<\/strong>, cerca del mediod\u00eda y al terminar de emitir su voto en la escuela San Mart\u00edn, cerca de la costanera.<\/p>\n<p class=\"com-paragraph --s\">Mientras reconoc\u00eda que la afluencia \u201csiempre es m\u00e1s baja la asistencia en una legislativa que en una ejecutiva\u201d, el intendente de esta ciudad, aliado al gobernador, aseguraba:\u00a0<strong>\u201choy hay que escuchar a la gente\u201d<\/strong>. Pasadas las 17, los principales dirigentes del amplio espacio oficialista\u00a0<strong>Unidos para Cambiar Santa Fe<\/strong>\u00a0comenzaban a llegar al Centro de Convenciones Puerto Norte, para seguir desde all\u00ed los resultados. El presidente de la UCR,\u00a0<strong>Mart\u00edn Lousteau<\/strong>, llegaba por estas horas, invitado por Pullaro, mientras se desconoc\u00eda si el Gobierno enviar\u00eda alg\u00fan representante al b\u00fanker libertario.<\/p>\n<div class=\"content-media\">\n<section class=\"mod-media --zoom \" role=\"button\">\n<figure class=\"mod-figure \" role=\"button\">\n<div class=\"placeholder \">\n<div class=\"com-image\"><picture><source srcset=\"https:\/\/resizer.glanacion.com\/resizer\/v2\/el-candidato-de-la-principal-lista-peronista-juan-LSEU7XXZTBED7O2GV73RZYPRLY.JPG?auth=122f57fa9336b29b59a3570d36ed776379c757444d11660d09d1e35bb531d51b&amp;width=780&amp;height=520&amp;quality=70&amp;smart=true\" media=\"(min-width: 768px)\" \/><img loading=\"lazy\" decoding=\"async\" class=\"image flex com-image --cover\" src=\"https:\/\/resizer.glanacion.com\/resizer\/v2\/el-candidato-de-la-principal-lista-peronista-juan-LSEU7XXZTBED7O2GV73RZYPRLY.JPG?auth=122f57fa9336b29b59a3570d36ed776379c757444d11660d09d1e35bb531d51b&amp;width=420&amp;height=280&amp;quality=70&amp;smart=true\" alt=\"El candidato de la principal lista peronista, Juan Monteverde, al sufragar en Rosario, donde es concejal\" width=\"1999\" height=\"1333\" \/><\/picture><\/div>\n<\/div><figcaption class=\"mod-figcaption\"><span class=\"com-text --caption --twoxs\">El candidato de la principal lista peronista, Juan Monteverde, al sufragar en Rosario, donde es concejal<\/span><\/figcaption><\/figure>\n<\/section>\n<\/div>\n<p class=\"com-paragraph --s\">Desde los b\u00fankeres opositores se remarcaba la menor afluencia de votantes, por encima del resultado electoral, que presagiaban adverso. \u201cVot\u00f3 el 36 por ciento de la gente, es un fracaso del Gobierno\u201d, se quejaban desde el espacio de\u00a0<strong>Amalia Granata<\/strong>, que compet\u00eda por el voto libertario con la lista de La Libertad Avanza. Al caer la noche, la ex panelista festejaba un inesperado segundo puesto, que daba la raz\u00f3n a quienes, como el asesor\u00a0<strong>Santiago Caputo<\/strong>, propon\u00edan \u201cno ir solos\u201d a una elecci\u00f3n local como la que se desarroll\u00f3 en esta provincia.<\/p>\n<p class=\"com-paragraph --s\">\u201cFue poca gente a votar, hasta las 20 no tenemos datos\u201d, comentaban desde el espacio libertario, desde d\u00f3nde sin se\u00f1ales de la Casa Rosada mantuvieron un sugestivo silencio durante toda la jornada, y d\u00f3nde cifraban sus esperanzas en las chances de\u00a0<strong>Aleart<\/strong>, periodista y candidato a convencional por el departamento Rosario. Con parte de su dirigencia en un local de la calle Santa Fe al 1100, y otra parte en otros puntos de la ciudad, las discusiones en La Libertad Avanza parecen reci\u00e9n est\u00e1n comenzando.<\/p>\n<p class=\"com-paragraph --s\">En el peronismo-kirchnerismo,\u00a0<strong>Juan Monteverde\u00a0<\/strong>(M\u00e1s para Santa Fe) y\u00a0<strong>Marcelo Lewandowski\u00a0<\/strong>(Activemos), recababan cada uno por su lado informaci\u00f3n sobre la participaci\u00f3n ciudadana, tambi\u00e9n de cara a la interna abierta que ambos se juegan por el control del espacio peronista. El triunfo de Monteverde en esa metaf\u00f3rica interna lo posiciona para su gran objetivo: disputar, en nombre del PJ, la intendencia rosarina en 2027.<\/p>\n<div class=\"content-media\">\n<section class=\"mod-media --zoom \" role=\"button\">\n<figure class=\"mod-figure \" role=\"button\">\n<div class=\"placeholder \">\n<div class=\"com-image\"><picture><source srcset=\"https:\/\/resizer.glanacion.com\/resizer\/v2\/elecciones-en-la-provincia-de-santa-fe-amalia-YUC6AP4WNZG6LGEUCJGT4OI66I.JPG?auth=483ec87e27b538b3ec0efacac764a650ba3cff849ba449b178952d6886bb2a06&amp;width=780&amp;height=1040&amp;quality=70&amp;smart=true\" media=\"(min-width: 768px)\" \/><img loading=\"lazy\" decoding=\"async\" class=\"image flex com-image --cover\" src=\"https:\/\/resizer.glanacion.com\/resizer\/v2\/elecciones-en-la-provincia-de-santa-fe-amalia-YUC6AP4WNZG6LGEUCJGT4OI66I.JPG?auth=483ec87e27b538b3ec0efacac764a650ba3cff849ba449b178952d6886bb2a06&amp;width=420&amp;height=560&amp;quality=70&amp;smart=true\" alt=\"Elecciones en la Provincia de Santa Fe. Amalia Granata emitiendo su voto.\" width=\"1000\" height=\"1333\" \/><\/picture><\/div>\n<\/div><figcaption class=\"mod-figcaption\"><span class=\"com-text --caption --twoxs\">Elecciones en la Provincia de Santa Fe. Amalia Granata emitiendo su voto.<\/span><\/figcaption><\/figure>\n<\/section>\n<\/div>\n<p class=\"com-paragraph --s\">\u201cEstamos atentos a los porcentajes de participaci\u00f3n. Vienen cayendo en las elecciones de t\u00e9rmino medio, veremos\u201d, contaban cerca de Monteverde, y se\u00f1alaban que \u201cya en campa\u00f1a hab\u00edamos dicho que el oficialismo se encargaba de que la gente no supiera qu\u00e9 se votaba\u201d. Cerca de Pullaro negaban esa sentencia, y aseguraban que\u00a0<strong>\u201cno est\u00e1 claro a quien beneficia que haya ido menos gente a votar\u201d<\/strong>.<\/p>\n<p class=\"com-paragraph --s\">El objetivo del gobierno provincial (la elecci\u00f3n incluye tambi\u00e9n las primarias a concejales e intendentes en algunos distritos) fue siempre el mismo: obtener los ansiados\u00a0<strong>36 convencionales<\/strong>\u00a0que le permitir\u00e1n a Pullaro manejar la Convenci\u00f3n Constituyente, que entre otros cambios permite la reelecci\u00f3n del gobernador, una prohibici\u00f3n que, hasta hoy, s\u00f3lo tienen Mendoza y Santa Fe.<\/p>\n<p class=\"com-paragraph --s\"><strong>\u201cHabr\u00e1 que conversar y negociar\u201d<\/strong>, se resignaba una de las principales espadas de Pullaro, convencida de que habr\u00e1 que persuadir a convencionales de otras fuerzas pol\u00edticas para que la reforma, con reelecci\u00f3n incluida, pueda convertirse en realidad.<\/p>\n<div class=\"flex flex-column container-center-100 brand-color\">\n<div class=\"row\">\n<div class=\"flex flex-column gap-16 w-100 flex-row_m ai-center_m ai-start mb-32\">\n<div class=\"flex w-max inline-flex ai-center gap-12\">\n<div class=\"flex j-center text-neutral-light-600 py-4 flex-column-reverse gap-8 py-4\">Por\u00a0<a class=\"link ln-link\" title=\"Ir a notas de Jaime Rosemberg\" href=\"https:\/\/www.lanacion.com.ar\/autor\/jaime-rosemberg-163\/\" target=\"_self\"><strong>Jaime Rosemberg<\/strong><\/a><\/div>\n<\/div>\n<\/div>\n<\/div>\n<\/div>\n<\/div>\n<\/div>\n<\/div>\n<\/div>\n<\/section>\n<\/div>\n<\/div>\n","protected":false},"excerpt":{"rendered":"<p>Elecciones en Santa Fe: El gobernador rondaba el 35% de los votos en los comicios para convencionales constituyentes; entre los opositores del peronismo sac\u00f3 una luz de ventaja sobre La Libertad Avanza y el espacio de Granata; la participaci\u00f3n del electorado fue baja. El gobernador de Santa Fe,\u00a0Maximiliano Pullaro, obtuvo este domingo una clara ventaja &hellip;<\/p>\n","protected":false},"author":2,"featured_media":7344,"comment_status":"open","ping_status":"open","sticky":false,"template":"","format":"standard","meta":{"footnotes":""},"categories":[33,25],"tags":[1767],"class_list":["post-7343","post","type-post","status-publish","format-standard","has-post-thumbnail","hentry","category-nacionales","category-politica","tag-gano-pullaro"],"_links":{"self":[{"href":"https:\/\/cafeprensa.com.ar\/index.php\/wp-json\/wp\/v2\/posts\/7343","targetHints":{"allow":["GET"]}}],"collection":[{"href":"https:\/\/cafeprensa.com.ar\/index.php\/wp-json\/wp\/v2\/posts"}],"about":[{"href":"https:\/\/cafeprensa.com.ar\/index.php\/wp-json\/wp\/v2\/types\/post"}],"author":[{"embeddable":true,"href":"https:\/\/cafeprensa.com.ar\/index.php\/wp-json\/wp\/v2\/users\/2"}],"replies":[{"embeddable":true,"href":"https:\/\/cafeprensa.com.ar\/index.php\/wp-json\/wp\/v2\/comments?post=7343"}],"version-history":[{"count":2,"href":"https:\/\/cafeprensa.com.ar\/index.php\/wp-json\/wp\/v2\/posts\/7343\/revisions"}],"predecessor-version":[{"id":7346,"href":"https:\/\/cafeprensa.com.ar\/index.php\/wp-json\/wp\/v2\/posts\/7343\/revisions\/7346"}],"wp:featuredmedia":[{"embeddable":true,"href":"https:\/\/cafeprensa.com.ar\/index.php\/wp-json\/wp\/v2\/media\/7344"}],"wp:attachment":[{"href":"https:\/\/cafeprensa.com.ar\/index.php\/wp-json\/wp\/v2\/media?parent=7343"}],"wp:term":[{"taxonomy":"category","embeddable":true,"href":"https:\/\/cafeprensa.com.ar\/index.php\/wp-json\/wp\/v2\/categories?post=7343"},{"taxonomy":"post_tag","embeddable":true,"href":"https:\/\/cafeprensa.com.ar\/index.php\/wp-json\/wp\/v2\/tags?post=7343"}],"curies":[{"name":"wp","href":"https:\/\/api.w.org\/{rel}","templated":true}]}}