{"id":7391,"date":"2025-04-15T12:29:18","date_gmt":"2025-04-15T10:29:18","guid":{"rendered":"https:\/\/cafeprensa.com.ar\/?p=7391"},"modified":"2025-04-15T14:39:03","modified_gmt":"2025-04-15T12:39:03","slug":"siempre-apostamos-a-traer-jugadores-que-nos-hagan-dar-el-salto","status":"publish","type":"post","link":"https:\/\/cafeprensa.com.ar\/index.php\/2025\/04\/15\/siempre-apostamos-a-traer-jugadores-que-nos-hagan-dar-el-salto\/","title":{"rendered":"Jaldo busca mantener buena relaci\u00f3n con el presidente Milei para solventar los problemas de la provincia"},"content":{"rendered":"<p class=\"title\"><b>Gonzalo Carrillo Leito, <\/b>concejal de San Miguel de Tucum\u00e1n habl\u00f3 de diversos temas relacionados a su carrera pol\u00edtica. En el comienzo, brind\u00f3 un panorama de como se encuentra el peronismo en Tucum\u00e1n: <strong>\u00abHay posiciones distintas en el partido,<span class=\"highlight\">\u00a0algunos no est\u00e1n de acuerdo con algunas cuestiones del gobierno provincial\u00bb<\/span><\/strong>, comenz\u00f3.<\/p>\n<p>&nbsp;<\/p>\n<div class=\"at-vc\">\n<div id=\"vsmcontent\" class=\"content vsmcontent\">\n<p>Record\u00f3 la situaci\u00f3n de\u00a0<b>Osvaldo Jaldo\u00a0<\/b>como gobernador, quien busca mantener buena relaci\u00f3n con el presidente\u00a0<b>Javier Milei<\/b>\u00a0para solventar los problemas de la provincia: \u00abQuien gobierna es peronista, ten\u00e9s que tener una buena relaci\u00f3n con Naci\u00f3n para gobernar a toda la provincia\u00bb, expres\u00f3 y se mostr\u00f3 diferente a los pensamientos del oficialismo: <strong>\u00ab<span class=\"highlight\">Esto no significa que uno avale las decisiones pol\u00edticas de Milei. Vamos a acompa\u00f1ar al gobernador porque debe tener una buena relaci\u00f3n para construir el Tucum\u00e1n que queremos\u00bb. <\/span><\/strong>Nosotros prentedemos el bienestar de todos los tucumanos. Falta mucho por construir, debemos tener una mirada superadora y de di\u00e1logo<\/p>\n<p><em><strong>El sector del peronismo en desacuerdo con Jaldo<\/strong><\/em><\/p>\n<p><img loading=\"lazy\" decoding=\"async\" class=\"alignnone wp-image-7393 size-full\" src=\"https:\/\/cafeprensa.com.ar\/wp-content\/uploads\/2025\/04\/467044920_1081081007360763_1392575543889273254_n.jpg\" alt=\"\" width=\"960\" height=\"674\" srcset=\"https:\/\/cafeprensa.com.ar\/wp-content\/uploads\/2025\/04\/467044920_1081081007360763_1392575543889273254_n.jpg 960w, https:\/\/cafeprensa.com.ar\/wp-content\/uploads\/2025\/04\/467044920_1081081007360763_1392575543889273254_n-300x211.jpg 300w, https:\/\/cafeprensa.com.ar\/wp-content\/uploads\/2025\/04\/467044920_1081081007360763_1392575543889273254_n-768x539.jpg 768w\" sizes=\"auto, (max-width: 960px) 100vw, 960px\" \/><\/p>\n<p>Una parte del Partido Justicialista de Tucum\u00e1n no comparte el camino que est\u00e1 tomando Jaldo con el gobierno, ante esto y las posibilidades de elecciones internas, Carrillo explic\u00f3:<strong> \u00ab<span class=\"highlight\">No creo que se de una interna. Esos compa\u00f1eros que no est\u00e1n de acuerdo con el proyecto van a salir por otro lado. Van a competir, ellos lo expresan y tienen la mirada hacia ciertas cuestiones de accionar pol\u00edtico con las que no est\u00e1n de acuerdo\u00bb.<\/span><\/strong><\/p>\n<\/div>\n<\/div>\n","protected":false},"excerpt":{"rendered":"<p>Gonzalo Carrillo Leito, concejal de San Miguel de Tucum\u00e1n habl\u00f3 de diversos temas relacionados a su carrera pol\u00edtica. En el comienzo, brind\u00f3 un panorama de como se encuentra el peronismo en Tucum\u00e1n: \u00abHay posiciones distintas en el partido,\u00a0algunos no est\u00e1n de acuerdo con algunas cuestiones del gobierno provincial\u00bb, comenz\u00f3. &nbsp; Record\u00f3 la situaci\u00f3n de\u00a0Osvaldo Jaldo\u00a0como &hellip;<\/p>\n","protected":false},"author":2,"featured_media":7421,"comment_status":"open","ping_status":"open","sticky":false,"template":"","format":"standard","meta":{"footnotes":""},"categories":[1707,34],"tags":[1776,475,191],"class_list":["post-7391","post","type-post","status-publish","format-standard","has-post-thumbnail","hentry","category-concejales-de-tucuman","category-locales","tag-carriillo-leito","tag-concejal","tag-hcd"],"_links":{"self":[{"href":"https:\/\/cafeprensa.com.ar\/index.php\/wp-json\/wp\/v2\/posts\/7391","targetHints":{"allow":["GET"]}}],"collection":[{"href":"https:\/\/cafeprensa.com.ar\/index.php\/wp-json\/wp\/v2\/posts"}],"about":[{"href":"https:\/\/cafeprensa.com.ar\/index.php\/wp-json\/wp\/v2\/types\/post"}],"author":[{"embeddable":true,"href":"https:\/\/cafeprensa.com.ar\/index.php\/wp-json\/wp\/v2\/users\/2"}],"replies":[{"embeddable":true,"href":"https:\/\/cafeprensa.com.ar\/index.php\/wp-json\/wp\/v2\/comments?post=7391"}],"version-history":[{"count":3,"href":"https:\/\/cafeprensa.com.ar\/index.php\/wp-json\/wp\/v2\/posts\/7391\/revisions"}],"predecessor-version":[{"id":7420,"href":"https:\/\/cafeprensa.com.ar\/index.php\/wp-json\/wp\/v2\/posts\/7391\/revisions\/7420"}],"wp:featuredmedia":[{"embeddable":true,"href":"https:\/\/cafeprensa.com.ar\/index.php\/wp-json\/wp\/v2\/media\/7421"}],"wp:attachment":[{"href":"https:\/\/cafeprensa.com.ar\/index.php\/wp-json\/wp\/v2\/media?parent=7391"}],"wp:term":[{"taxonomy":"category","embeddable":true,"href":"https:\/\/cafeprensa.com.ar\/index.php\/wp-json\/wp\/v2\/categories?post=7391"},{"taxonomy":"post_tag","embeddable":true,"href":"https:\/\/cafeprensa.com.ar\/index.php\/wp-json\/wp\/v2\/tags?post=7391"}],"curies":[{"name":"wp","href":"https:\/\/api.w.org\/{rel}","templated":true}]}}