{"id":7463,"date":"2025-04-16T13:35:28","date_gmt":"2025-04-16T11:35:28","guid":{"rendered":"https:\/\/cafeprensa.com.ar\/?p=7463"},"modified":"2025-04-16T13:35:28","modified_gmt":"2025-04-16T11:35:28","slug":"el-ejecutivo-municipal-informo-los-avances-de-la-gestion-ambiental-ante-el-concejo-deliberante","status":"publish","type":"post","link":"https:\/\/cafeprensa.com.ar\/index.php\/2025\/04\/16\/el-ejecutivo-municipal-informo-los-avances-de-la-gestion-ambiental-ante-el-concejo-deliberante\/","title":{"rendered":"El Ejecutivo Municipal inform\u00f3 los avances de la gesti\u00f3n ambiental ante el Concejo Deliberante"},"content":{"rendered":"<section class=\"principal\">\n<div class=\"fullpost__encabezado \">\n<p class=\"fullpost__copete\">La secretaria de Ambiente y Desarrollo Sustentable, <strong>Julieta Migliavacca<\/strong>, encabez\u00f3 la audiencia donde se present\u00f3 ante los miembros de la Comisi\u00f3n de Seguimiento de Erradicaci\u00f3n de Basurales las mejoras reflejadas en gesti\u00f3n de residuos y materia ambiental.<\/p>\n<p>El Departamento Ejecutivo de la Municipalidad de San Miguel de Tucum\u00e1n present\u00f3 este martes ante el\u00a0<strong>Concejo Deliberante<\/strong>\u00a0el cuarto informe trimestral de gesti\u00f3n en materia de cuidado del medio ambiente y gesti\u00f3n de los\u00a0<strong>residuos s\u00f3lidos urbanos (RSU)<\/strong>, en cumplimiento de la ordenanza N\u00b0 5333, que declar\u00f3 la\u00a0<strong>Emergencia Sanitaria y Ambiental<\/strong>\u00a0a principios del 2024.<\/div>\n<\/section>\n<section class=\"extra1\">\n<div class=\"fullpost__main   \">\n<div class=\"fullpost__cuerpo\">\n<p>La secretaria de Ambiente y Desarrollo Sustentable,\u00a0<strong>Julieta Migliavacca<\/strong>, estuvo a cargo de la presentaci\u00f3n, acompa\u00f1ada por el secretario de Servicios P\u00fablicos,\u00a0<strong>Luciano Chincarini<\/strong>, quienes informaron a los miembros de la\u00a0<strong>Comisi\u00f3n Especial de Seguimiento de Erradicaci\u00f3n de Basurales<\/strong>\u00a0el avance de las acciones que viene implementando el Municipio en materia ambiental.<\/p>\n<p><img loading=\"lazy\" decoding=\"async\" class=\"alignnone wp-image-7464 size-large\" src=\"https:\/\/cafeprensa.com.ar\/wp-content\/uploads\/2025\/04\/multimedia.grande.a3f2da58c96172d3.Z3JhbmRlLndlYnA-1024x682.webp\" alt=\"\" width=\"1024\" height=\"682\" srcset=\"https:\/\/cafeprensa.com.ar\/wp-content\/uploads\/2025\/04\/multimedia.grande.a3f2da58c96172d3.Z3JhbmRlLndlYnA-1024x682.webp 1024w, https:\/\/cafeprensa.com.ar\/wp-content\/uploads\/2025\/04\/multimedia.grande.a3f2da58c96172d3.Z3JhbmRlLndlYnA-300x200.webp 300w, https:\/\/cafeprensa.com.ar\/wp-content\/uploads\/2025\/04\/multimedia.grande.a3f2da58c96172d3.Z3JhbmRlLndlYnA-768x512.webp 768w, https:\/\/cafeprensa.com.ar\/wp-content\/uploads\/2025\/04\/multimedia.grande.a3f2da58c96172d3.Z3JhbmRlLndlYnA-1536x1024.webp 1536w, https:\/\/cafeprensa.com.ar\/wp-content\/uploads\/2025\/04\/multimedia.grande.a3f2da58c96172d3.Z3JhbmRlLndlYnA-2048x1365.webp 2048w\" sizes=\"auto, (max-width: 1024px) 100vw, 1024px\" \/><\/p>\n<p>De la audiencia, que se realiz\u00f3 en la sede del Concejo, en San Mart\u00edn y Monteagudo, participaron los concejales\u00a0<strong>Leandro Arga\u00f1araz<\/strong>, quien preside la Comisi\u00f3n Especial,\u00a0<strong>Ernesto Nagle<\/strong>, vicepresidente de la comisi\u00f3n,\u00a0<strong>Emiliano Vargas Aignasse<\/strong>,\u00a0<strong>Carlos Ale<\/strong>,\u00a0<strong>Federico Romano Norri<\/strong>,\u00a0<strong>Jos\u00e9 Mar\u00eda Canelada<\/strong>,\u00a0<strong>Gonzalo Carrillo Leito<\/strong>,\u00a0<strong>Ana Gonz\u00e1lez<\/strong>,\u00a0<strong>Gast\u00f3n Gomez<\/strong>\u00a0y\u00a0<strong>Ramiro Ortega<\/strong>.<\/p>\n<p>\u201cHoy venimos a rendir cuenta de lo de lo actuado y de lo que nos queda por hacer\u201d, sostuvo Migliavacca, al tiempo que indic\u00f3 que la gesti\u00f3n ambiental requiere un \u201ctrabajo interdisciplinario e intersectorial articulado entre distintas \u00e1reas del Municipio y con el Concejo Deliberante, ya que los puntos a trav\u00e9s de los cuales se enmarca la emergencia ambiental han sido dispuestos en el seno del Concejo\u201d.<\/p>\n<p>En ese sentido, la funcionaria explic\u00f3 que \u201cla emergencia ambiental no est\u00e1 circunscrita solo a la Secretar\u00eda de Ambiente\u201d, sino que los programas llevados adelante por esta repartici\u00f3n estuvieron complementados con \u201cla tarea de la Secretar\u00eda de Servicios P\u00fablicos, que tiene a su cargo la Direcci\u00f3n de Espacios Verdes y la Direcci\u00f3n de Limpieza Urbana, y con la Secretar\u00eda de Obras P\u00fablicas, que se ocupa de limpieza de imbornales y mantenimiento de canales\u201d.<\/p>\n<p>A poco m\u00e1s de un a\u00f1o de la declaraci\u00f3n de la emergencia ambiental, con la presentaci\u00f3n de este cuarto informe, cerr\u00f3 \u201cel primer ciclo donde se han implementado pol\u00edticas p\u00fablicas en gesti\u00f3n ambiental que antes no exist\u00edan, porque el Municipio no ten\u00eda Secretar\u00eda de Ambiente ni programas como \u00a0programas como el Educ\u00e1, el Compost\u00e1, el Separ\u00e1\u201d, enfatiz\u00f3 Migliavacca.<\/p>\n<p>\u201cNuestro principal y gran objetivo es la erradicaci\u00f3n de los basurales a cielo abierto en la ciudad que es un objetivo que est\u00e1 muy alineado y muy relacionado con la educaci\u00f3n ambiental, la sensibilizaci\u00f3n ambiental, el compromiso de los vecinos\u201d, destac\u00f3 la funcionaria. \u00a0<strong>\u201cEn este sentido todos nuestros programas transversalmente est\u00e1n acompa\u00f1ados de la educaci\u00f3n ambiental, que es nuestro pilar fundamental y es en el cual estamos haciendo principal foco y creemos que va a ser el motor de cambio para sostener las acciones que venimos llevando a cabo\u201d<\/strong>, cerr\u00f3.<\/p>\n<p>\u201cSabemos que debemos rendir cuentas ante la sociedad, no solamente ante los concejales que son los que nos requieren todas las preguntas de los avances de las obras y de las acciones que desarrollamos desde el ejecutivo municipal, sino tambi\u00e9n y principalmente frente a los vecinos y vecinas de San Miguel Tucum\u00e1n\u201d, manifest\u00f3 Chincarini.<\/p>\n<p>El titular de Servicios P\u00fablicos inform\u00f3 que \u201clos objetivos a corto plazo que tienen que ver con la tarea permanente es aumentar los niveles operativos que tiene el municipio\u201d y a\u00f1adi\u00f3 que desde la comuna capitalina se trabaja <strong>\u201ctodos los d\u00edas hasta las 21 horas con operativos de limpieza, de levante, de desmalezado, de mantenimiento\u201d.\u00a0A mediano plazo, Chincarini afirm\u00f3 que el prop\u00f3sito \u201ctiene que ver con lograr la mayor erradicaci\u00f3n posible de los basurales\u201d<\/strong> y explic\u00f3 que \u201cerradicar un sitio de disposici\u00f3n de residuos tiene que ver con agregar infraestructura, con agregar seguridad, tiene que ser una tarea a fondo que tiene que ver con un aspecto cultural de nuestra sociedad y para eso se est\u00e1 trabajando la Secretar\u00eda de Ambiente con tareas vinculadas a la educaci\u00f3n\u201d.<\/p>\n<p>A su turno, Leandro Arga\u00f1araz, presidente de la Comisi\u00f3n de Seguimiento de Erradicaci\u00f3n de Basurales, expres\u00f3 que el esp\u00edritu de este tipo de audiencias <strong>\u201ces el de colaborar para mejorar la calidad de vida de los vecinos de San Miguel de Tucum\u00e1n\u201d y que \u201cdesde el Concejo Deliberante se hagan aportes y tambi\u00e9n se hagan preguntas sobre c\u00f3mo va evolucionando el tratamiento de la erradicaci\u00f3n de basurales que es cr\u00f3nica en Tucum\u00e1n\u201d.\u00a0<\/strong><\/p>\n<p>El edil afirm\u00f3 que \u201cse busca hacer un seguimiento claro, ordenado, serio sobre la cuesti\u00f3n, sin \u00e1nimo m\u00e1s que el de colaborar y de mejorar la situaci\u00f3n\u201d.\u00a0<strong> \u201cHay puntos en los que se va mejorando, hay aportes que se van haciendo para poder tener una pol\u00edtica de Estado que supere a las gestiones y ese es el objetivo que nos mueve\u201d,<\/strong> concluy\u00f3.<\/p>\n<\/div>\n<\/div>\n<\/section>\n","protected":false},"excerpt":{"rendered":"<p>La secretaria de Ambiente y Desarrollo Sustentable, Julieta Migliavacca, encabez\u00f3 la audiencia donde se present\u00f3 ante los miembros de la Comisi\u00f3n de Seguimiento de Erradicaci\u00f3n de Basurales las mejoras reflejadas en gesti\u00f3n de residuos y materia ambiental. El Departamento Ejecutivo de la Municipalidad de San Miguel de Tucum\u00e1n present\u00f3 este martes ante el\u00a0Concejo Deliberante\u00a0el cuarto &hellip;<\/p>\n","protected":false},"author":2,"featured_media":7465,"comment_status":"open","ping_status":"open","sticky":false,"template":"","format":"standard","meta":{"footnotes":""},"categories":[1707,34],"tags":[671],"class_list":["post-7463","post","type-post","status-publish","format-standard","has-post-thumbnail","hentry","category-concejales-de-tucuman","category-locales","tag-concejo-deliberante-de-smt"],"_links":{"self":[{"href":"https:\/\/cafeprensa.com.ar\/index.php\/wp-json\/wp\/v2\/posts\/7463","targetHints":{"allow":["GET"]}}],"collection":[{"href":"https:\/\/cafeprensa.com.ar\/index.php\/wp-json\/wp\/v2\/posts"}],"about":[{"href":"https:\/\/cafeprensa.com.ar\/index.php\/wp-json\/wp\/v2\/types\/post"}],"author":[{"embeddable":true,"href":"https:\/\/cafeprensa.com.ar\/index.php\/wp-json\/wp\/v2\/users\/2"}],"replies":[{"embeddable":true,"href":"https:\/\/cafeprensa.com.ar\/index.php\/wp-json\/wp\/v2\/comments?post=7463"}],"version-history":[{"count":1,"href":"https:\/\/cafeprensa.com.ar\/index.php\/wp-json\/wp\/v2\/posts\/7463\/revisions"}],"predecessor-version":[{"id":7466,"href":"https:\/\/cafeprensa.com.ar\/index.php\/wp-json\/wp\/v2\/posts\/7463\/revisions\/7466"}],"wp:featuredmedia":[{"embeddable":true,"href":"https:\/\/cafeprensa.com.ar\/index.php\/wp-json\/wp\/v2\/media\/7465"}],"wp:attachment":[{"href":"https:\/\/cafeprensa.com.ar\/index.php\/wp-json\/wp\/v2\/media?parent=7463"}],"wp:term":[{"taxonomy":"category","embeddable":true,"href":"https:\/\/cafeprensa.com.ar\/index.php\/wp-json\/wp\/v2\/categories?post=7463"},{"taxonomy":"post_tag","embeddable":true,"href":"https:\/\/cafeprensa.com.ar\/index.php\/wp-json\/wp\/v2\/tags?post=7463"}],"curies":[{"name":"wp","href":"https:\/\/api.w.org\/{rel}","templated":true}]}}