{"id":7470,"date":"2025-04-16T15:37:14","date_gmt":"2025-04-16T13:37:14","guid":{"rendered":"https:\/\/cafeprensa.com.ar\/?p=7470"},"modified":"2025-04-16T15:37:14","modified_gmt":"2025-04-16T13:37:14","slug":"comenzo-la-escuela-de-formacion-politica-y-de-gobierno-de-la-legislatura-de-tucuman","status":"publish","type":"post","link":"https:\/\/cafeprensa.com.ar\/index.php\/2025\/04\/16\/comenzo-la-escuela-de-formacion-politica-y-de-gobierno-de-la-legislatura-de-tucuman\/","title":{"rendered":"Comenz\u00f3 la escuela de formacion pol\u00edtica y de gobierno de la legislatura de Tucum\u00e1n"},"content":{"rendered":"<header class=\"single-post-header clearfix\"><\/header>\n<article class=\"post-content\">\n<div class=\"row\">\n<div class=\"form-group col-lg-12 col-md-12 col-sm-12 col-xs-12\">Con un acto encabezado por el vicegobernador Miguel Acevedo, se dio inicio a esta iniciativa que busca capacitar a dirigentes pol\u00edticos, gremiales, sociales, j\u00f3venes y mujeres para el fortalecimiento democr\u00e1tico y la gesti\u00f3n p\u00fablica. En el hall central de la Honorable Legislatura de Tucum\u00e1n, se llev\u00f3 a cabo el lanzamiento oficial y la clase inaugural de la <strong>Escuela de Formaci\u00f3n Pol\u00edtica y de Gobierno<\/strong>, una iniciativa destinada a capacitar a dirigentes pol\u00edticos, gremiales, sociales y especialmente a j\u00f3venes y mujeres de toda la provincia.<\/div>\n<\/div>\n<p>Del acto participaron <strong>el vicegobernador Miguel Acevedo, el Dr. Jos\u00e9 Alberto C\u00faneo Verg\u00e9s (director acad\u00e9mico), el Dr. Amancio Petray (coordinador ejecutivo), y los legisladores Jos\u00e9 Cano y Carlos G\u00f3mez.<\/strong><\/p>\n<p><img loading=\"lazy\" decoding=\"async\" class=\"alignnone wp-image-7472 size-large\" src=\"https:\/\/cafeprensa.com.ar\/wp-content\/uploads\/2025\/04\/img_67fea0ea0e03a-1024x682.jpeg\" alt=\"\" width=\"1024\" height=\"682\" srcset=\"https:\/\/cafeprensa.com.ar\/wp-content\/uploads\/2025\/04\/img_67fea0ea0e03a-1024x682.jpeg 1024w, https:\/\/cafeprensa.com.ar\/wp-content\/uploads\/2025\/04\/img_67fea0ea0e03a-300x200.jpeg 300w, https:\/\/cafeprensa.com.ar\/wp-content\/uploads\/2025\/04\/img_67fea0ea0e03a-768x512.jpeg 768w, https:\/\/cafeprensa.com.ar\/wp-content\/uploads\/2025\/04\/img_67fea0ea0e03a-1536x1023.jpeg 1536w, https:\/\/cafeprensa.com.ar\/wp-content\/uploads\/2025\/04\/img_67fea0ea0e03a.jpeg 1600w\" sizes=\"auto, (max-width: 1024px) 100vw, 1024px\" \/><\/p>\n<p>La Escuela nace como un espacio de formaci\u00f3n de cuadros en articulaci\u00f3n con los poderes del Estado, universidades, sindicatos y organizaciones sociales. Tiene como eje central la capacitaci\u00f3n en temas fundamentales para el ejercicio democr\u00e1tico y la gesti\u00f3n p\u00fablica. <strong>El plan de estudios contempla m\u00f3dulos como Historia Pol\u00edtica Argentina y Latinoamericana, Teor\u00eda Pol\u00edtica, Gesti\u00f3n Gubernamental y Pol\u00edticas P\u00fablicas, entre otros.<\/strong><\/p>\n<p>Durante su discurso, el vicegobernador Miguel Acevedo destac\u00f3 la importancia de formar a nuevas generaciones comprometidas con la pol\u00edtica:<strong> \u00abLa pol\u00edtica siempre fue importante, es la \u00fanica capaz de transformar la realidad. \u00daltimamente se ha cuestionado mucho a la pol\u00edtica y a los pol\u00edticos, pero yo siempre digo: la pol\u00edtica es buena, puede haber pol\u00edticos buenos y malos, pero la pol\u00edtica es esencial para nuestras instituciones, nuestra provincia y nuestro pa\u00eds.\u00bb<\/strong><\/p>\n<p>Y agreg\u00f3: <strong>\u00abHoy celebro que est\u00e9n ac\u00e1. Esta es la casa del pueblo y tiene sus puertas abiertas para ustedes. Participar es un compromiso de todos los ciudadanos y ciudadanas que quieren el bienestar com\u00fan. Esta escuela es una herramienta para que estemos preparados cuando llegue el momento de asumir ese rol.\u00bb<\/strong><\/p>\n<p><img loading=\"lazy\" decoding=\"async\" class=\"alignnone wp-image-7474 size-large\" src=\"https:\/\/cafeprensa.com.ar\/wp-content\/uploads\/2025\/04\/img_67fea0ea08259-1024x682.jpeg\" alt=\"\" width=\"1024\" height=\"682\" srcset=\"https:\/\/cafeprensa.com.ar\/wp-content\/uploads\/2025\/04\/img_67fea0ea08259-1024x682.jpeg 1024w, https:\/\/cafeprensa.com.ar\/wp-content\/uploads\/2025\/04\/img_67fea0ea08259-300x200.jpeg 300w, https:\/\/cafeprensa.com.ar\/wp-content\/uploads\/2025\/04\/img_67fea0ea08259-768x512.jpeg 768w, https:\/\/cafeprensa.com.ar\/wp-content\/uploads\/2025\/04\/img_67fea0ea08259-1536x1023.jpeg 1536w, https:\/\/cafeprensa.com.ar\/wp-content\/uploads\/2025\/04\/img_67fea0ea08259.jpeg 1600w\" sizes=\"auto, (max-width: 1024px) 100vw, 1024px\" \/><\/p>\n<p>Por su parte, el <strong>Dr. C\u00faneo Verg\u00e9s subray\u00f3 la necesidad de mejorar la calidad democr\u00e1tica a trav\u00e9s de la formaci\u00f3n: \u00abNos parece important\u00edsimo en este momento, porque el proceso democr\u00e1tico argentino necesita m\u00e1s densidad. El pol\u00edtico del siglo XXI no solo debe tener carisma y honestidad, tambi\u00e9n necesita conocimientos t\u00e9cnicos y filos\u00f3ficos para tomar decisiones.\u00bb<\/strong><\/p>\n<p><img loading=\"lazy\" decoding=\"async\" class=\"alignnone wp-image-7473 size-large\" src=\"https:\/\/cafeprensa.com.ar\/wp-content\/uploads\/2025\/04\/img_67fea0ea06edf-1024x682.jpeg\" alt=\"\" width=\"1024\" height=\"682\" srcset=\"https:\/\/cafeprensa.com.ar\/wp-content\/uploads\/2025\/04\/img_67fea0ea06edf-1024x682.jpeg 1024w, https:\/\/cafeprensa.com.ar\/wp-content\/uploads\/2025\/04\/img_67fea0ea06edf-300x200.jpeg 300w, https:\/\/cafeprensa.com.ar\/wp-content\/uploads\/2025\/04\/img_67fea0ea06edf-768x512.jpeg 768w, https:\/\/cafeprensa.com.ar\/wp-content\/uploads\/2025\/04\/img_67fea0ea06edf-1536x1023.jpeg 1536w, https:\/\/cafeprensa.com.ar\/wp-content\/uploads\/2025\/04\/img_67fea0ea06edf.jpeg 1600w\" sizes=\"auto, (max-width: 1024px) 100vw, 1024px\" \/><\/p>\n<p>Adem\u00e1s, remarc\u00f3 que <strong>\u00abla clase pol\u00edtica es el emergente del pueblo argentino. Por eso es necesario promover una pr\u00e1ctica pol\u00edtica de mayor calidad, con m\u00e1s participaci\u00f3n en planificaci\u00f3n y gesti\u00f3n.\u00bb<\/strong> Con un enfoque transversal, plural y abierto a toda la ciudadan\u00eda, la Escuela de Formaci\u00f3n Pol\u00edtica y de Gobierno representa un paso fundamental hacia una democracia m\u00e1s s\u00f3lida, participativa y con dirigentes mejor preparados para los desaf\u00edos del presente y del futuro.<\/p>\n<\/article>\n","protected":false},"excerpt":{"rendered":"<p>Con un acto encabezado por el vicegobernador Miguel Acevedo, se dio inicio a esta iniciativa que busca capacitar a dirigentes pol\u00edticos, gremiales, sociales, j\u00f3venes y mujeres para el fortalecimiento democr\u00e1tico y la gesti\u00f3n p\u00fablica. En el hall central de la Honorable Legislatura de Tucum\u00e1n, se llev\u00f3 a cabo el lanzamiento oficial y la clase inaugural &hellip;<\/p>\n","protected":false},"author":2,"featured_media":7471,"comment_status":"open","ping_status":"open","sticky":false,"template":"","format":"standard","meta":{"footnotes":""},"categories":[1611,34],"tags":[496],"class_list":["post-7470","post","type-post","status-publish","format-standard","has-post-thumbnail","hentry","category-legislatura-de-tucuman","category-locales","tag-honorable-legislatura"],"_links":{"self":[{"href":"https:\/\/cafeprensa.com.ar\/index.php\/wp-json\/wp\/v2\/posts\/7470","targetHints":{"allow":["GET"]}}],"collection":[{"href":"https:\/\/cafeprensa.com.ar\/index.php\/wp-json\/wp\/v2\/posts"}],"about":[{"href":"https:\/\/cafeprensa.com.ar\/index.php\/wp-json\/wp\/v2\/types\/post"}],"author":[{"embeddable":true,"href":"https:\/\/cafeprensa.com.ar\/index.php\/wp-json\/wp\/v2\/users\/2"}],"replies":[{"embeddable":true,"href":"https:\/\/cafeprensa.com.ar\/index.php\/wp-json\/wp\/v2\/comments?post=7470"}],"version-history":[{"count":1,"href":"https:\/\/cafeprensa.com.ar\/index.php\/wp-json\/wp\/v2\/posts\/7470\/revisions"}],"predecessor-version":[{"id":7475,"href":"https:\/\/cafeprensa.com.ar\/index.php\/wp-json\/wp\/v2\/posts\/7470\/revisions\/7475"}],"wp:featuredmedia":[{"embeddable":true,"href":"https:\/\/cafeprensa.com.ar\/index.php\/wp-json\/wp\/v2\/media\/7471"}],"wp:attachment":[{"href":"https:\/\/cafeprensa.com.ar\/index.php\/wp-json\/wp\/v2\/media?parent=7470"}],"wp:term":[{"taxonomy":"category","embeddable":true,"href":"https:\/\/cafeprensa.com.ar\/index.php\/wp-json\/wp\/v2\/categories?post=7470"},{"taxonomy":"post_tag","embeddable":true,"href":"https:\/\/cafeprensa.com.ar\/index.php\/wp-json\/wp\/v2\/tags?post=7470"}],"curies":[{"name":"wp","href":"https:\/\/api.w.org\/{rel}","templated":true}]}}