{"id":7519,"date":"2025-04-21T12:58:18","date_gmt":"2025-04-21T10:58:18","guid":{"rendered":"https:\/\/cafeprensa.com.ar\/?p=7519"},"modified":"2025-04-21T12:58:18","modified_gmt":"2025-04-21T10:58:18","slug":"murio-el-papa-francisco","status":"publish","type":"post","link":"https:\/\/cafeprensa.com.ar\/index.php\/2025\/04\/21\/murio-el-papa-francisco\/","title":{"rendered":"Muri\u00f3 el papa Francisco"},"content":{"rendered":"<div class=\"article__header article__story article__article\">\n<div class=\"article__head\">\n<div class=\"article__headline-byline-container\">\n<div id=\"StaticHeadlines\">\n<div data-testid=\"headlines\">\n<p class=\"article__dropline font__body\">Jorge Mario Bergoglio ten\u00eda 88 a\u00f1os y hab\u00eda reaparecido el domingo para dar la bendici\u00f3n por la Pascua. Sufri\u00f3 un paro card\u00edaco mientras dorm\u00eda.<\/p>\n<\/div>\n<\/div>\n<\/div>\n<div class=\"article__lead-art article__lead-art-photo\" data-testid=\"LeadArtPhoto\">\n<figure class=\"\" data-testid=\"figure-testid\">\n<div class=\"aspect_ratio__container\"><picture class=\"responsive-image\"><source srcset=\"https:\/\/tn.com.ar\/resizer\/v2\/murio-el-papa-francisco-a-los-88-anos-foto-apandrew-medichini-archivo-6Y4IKHW4JR25WBTMHXYXVDOVJM.jpg?auth=9eb58e9337c879babcc0e6e3081c3a5571d40a87d16f51a790cccecc626e0182&amp;width=767\" type=\"image\/jpg\" media=\"(max-width: 728px)\" \/><source srcset=\"https:\/\/tn.com.ar\/resizer\/v2\/murio-el-papa-francisco-a-los-88-anos-foto-apandrew-medichini-archivo-6Y4IKHW4JR25WBTMHXYXVDOVJM.jpg?auth=9eb58e9337c879babcc0e6e3081c3a5571d40a87d16f51a790cccecc626e0182&amp;width=1023\" type=\"image\/jpg\" media=\"(max-width: 1023px)\" \/><source srcset=\"https:\/\/tn.com.ar\/resizer\/v2\/murio-el-papa-francisco-a-los-88-anos-foto-apandrew-medichini-archivo-6Y4IKHW4JR25WBTMHXYXVDOVJM.jpg?auth=9eb58e9337c879babcc0e6e3081c3a5571d40a87d16f51a790cccecc626e0182&amp;width=1440\" type=\"image\/jpg\" \/><img decoding=\"async\" class=\"width_full height_full article__lead-art-photo image_placeholder\" src=\"https:\/\/tn.com.ar\/resizer\/v2\/murio-el-papa-francisco-a-los-88-anos-foto-apandrew-medichini-archivo-6Y4IKHW4JR25WBTMHXYXVDOVJM.jpg?auth=9eb58e9337c879babcc0e6e3081c3a5571d40a87d16f51a790cccecc626e0182&amp;width=767\" alt=\"Muri\u00f3 el Papa Francisco a los 88 a\u00f1os. (Foto: AP\/Andrew Medichini, Archivo)\" \/><\/picture><\/div><figcaption class=\"caption_image\" data-testid=\"figcaption-testid\">\n<div class=\"image_caption font__body\"><em><strong>Muri\u00f3 el Papa Francisco a los 88 a\u00f1os.\u00a0<\/strong><\/em><\/div>\n<\/figcaption><\/figure>\n<\/div>\n<\/div>\n<\/div>\n<div class=\"default-article-color article__body article__article\">\n<p class=\"paragraph font__body-regular\">El\u00a0<b>papa Francisco<\/b>\u00a0muri\u00f3<b>\u00a0este lunes a las 7:35\u00a0<\/b>(hora de Roma) en su residencia del Vaticano,\u00a0<b>la Casa Santa Marta<\/b>, seg\u00fan inform\u00f3 el Vaticano mediante un video del cardenal\u00a0<b>Kevin Joseph Farrel<\/b>. El sumo pont\u00edfice muri\u00f3 de un\u00a0<b>paro card\u00edaco<\/b> mientras dorm\u00eda<b>. <\/b>Jorge Mario Bergoglio, de 88 a\u00f1os, hab\u00eda sido internado en varias ocasiones durante el \u00faltimo a\u00f1o por\u00a0<b>problemas respiratorios y de movilidad<\/b>, aunque su entorno aseguraba que se encontraba \u201cestable\u201d en los \u00faltimos d\u00edas.<\/p>\n<p class=\"paragraph font__body-regular\">En su \u00faltima internaci\u00f3n estuvo hospitalizado durante\u00a0<b>38 d\u00edas<\/b>\u00a0en el centro de salud Gemelli de Roma por una\u00a0<b>doble neumon\u00eda.<\/b><\/p>\n<figure class=\"\" data-testid=\"figure-testid\">\n<div class=\"aspect_ratio__container\"><picture class=\"responsive-image\"><source srcset=\"https:\/\/tn.com.ar\/resizer\/v2\/el-domingo-fue-la-ultima-aparicion-del-papa-francisco-que-murio-a-los-88-anos-foto-reuters-guglielmo-mangiapane-6Q2XJMH6L4JX7OKEHAYKEVVBHQ.jpg?auth=010ddb4159c5a6ffc48f9ca6fff38bcf18daa08cc1706be369f9614c06abe379&amp;width=767\" type=\"image\/jpg\" media=\"(max-width: 728px)\" \/><source srcset=\"https:\/\/tn.com.ar\/resizer\/v2\/el-domingo-fue-la-ultima-aparicion-del-papa-francisco-que-murio-a-los-88-anos-foto-reuters-guglielmo-mangiapane-6Q2XJMH6L4JX7OKEHAYKEVVBHQ.jpg?auth=010ddb4159c5a6ffc48f9ca6fff38bcf18daa08cc1706be369f9614c06abe379&amp;width=1023\" type=\"image\/jpg\" media=\"(max-width: 1023px)\" \/><source srcset=\"https:\/\/tn.com.ar\/resizer\/v2\/el-domingo-fue-la-ultima-aparicion-del-papa-francisco-que-murio-a-los-88-anos-foto-reuters-guglielmo-mangiapane-6Q2XJMH6L4JX7OKEHAYKEVVBHQ.jpg?auth=010ddb4159c5a6ffc48f9ca6fff38bcf18daa08cc1706be369f9614c06abe379&amp;width=1440\" type=\"image\/jpg\" \/><img loading=\"lazy\" decoding=\"async\" class=\"image content-image image_placeholder\" src=\"https:\/\/tn.com.ar\/resizer\/v2\/el-domingo-fue-la-ultima-aparicion-del-papa-francisco-que-murio-a-los-88-anos-foto-reuters-guglielmo-mangiapane-6Q2XJMH6L4JX7OKEHAYKEVVBHQ.jpg?auth=010ddb4159c5a6ffc48f9ca6fff38bcf18daa08cc1706be369f9614c06abe379&amp;width=767\" alt=\"El domingo fue la \u00faltima aparici\u00f3n del papa Francisco, que muri\u00f3 a los 88 a\u00f1os. (Foto: Reuters - Guglielmo Mangiapane)\" width=\"767\" height=\"510\" data-testid=\"loading-testid\" \/><\/picture><\/div><figcaption class=\"caption_image\" data-testid=\"figcaption-testid\">\n<div class=\"image_caption \">El domingo fue la \u00faltima aparici\u00f3n del papa Francisco, que muri\u00f3 a los 88 a\u00f1os.<\/div>\n<\/figcaption><\/figure>\n<p class=\"paragraph font__body-regular\">Su \u00faltima aparici\u00f3n fue ayer, en la\u00a0<b>bendici\u00f3n de Pascua<\/b><b>,<\/b>\u00a0donde estuvo en\u00a0<b>silla de ruedas\u00a0<\/b>y\u00a0<b>sin c\u00e1nulas nasales\u00a0<\/b>para el ox\u00edgeno, ante miles de fieles que fueron a la plaza de San Pedro por el Domingo de Resurrecci\u00f3n.<\/p>\n<p class=\"paragraph font__body-regular\">El santo padre\u00a0<b>hab\u00eda sido internado el 14 de febrero por una bronquitis\u00a0<\/b>y, desde su hospitalizaci\u00f3n, su cuadro cl\u00ednico fue calificado como \u201ccomplejo\u201d y requiri\u00f3 varios cambios de terapia farmacol\u00f3gica. Los m\u00e9dicos explicaron que, unos d\u00edas despu\u00e9s de haber ingresado, surgi\u00f3 una neumon\u00eda bilateral. Luego de varios d\u00edas de mejor\u00eda, una fuente del Vaticano confirm\u00f3 a AFP durante el viernes 28 de febrero que Francisco<b>\u00a0hab\u00eda salido del estado \u201ccr\u00edtico\u201d<\/b>. Sin embargo, unas horas despu\u00e9s, se anunci\u00f3 que el papa hab\u00eda sufrido \u201cuna crisis aislada de broncoespasmo\u201d. Por esto, desde la Santa Sede se report\u00f3 \u201cun empeoramiento repentino de la afecci\u00f3n respiratoria\u201d. Al igual que en otros avances sobre la salud del sumo pont\u00edfice, se indic\u00f3 que el pron\u00f3stico era \u201creservado\u201d, y\u00a0el 23 de marzo hab\u00eda recibido el alta.<\/p>\n<p class=\"font--primary font__display\"><strong>Muri\u00f3 el papa Francisco: as\u00ed fue el anuncio oficial del Vaticano<\/strong><\/p>\n<p class=\"paragraph font__body-regular\">El Vaticano anunci\u00f3 esta madrugada la muerte de Francisco, a trav\u00e9s de un comunicado: \u201cDesde la Capilla de Casa Santa Marta,\u00a0<b>el cardenal Kevin Farrell<\/b>, Prefecto del Dicasterio para los Laicos, la Familia y la Vida,<b>\u00a0anunci\u00f3 la muerte del papa Francisco<\/b> este lunes 21 de abril de 2025\u2033. El texto indic\u00f3: \u201cQueridos hermanos y hermanas, con profundo dolor, debo anunciar el\u00a0<b>fallecimiento de nuestro Santo Padre Francisco.\u00a0<\/b>A las 7:35 de esta ma\u00f1ana, el Obispo de Roma, Francisco, regres\u00f3 a la casa del Padre\u201d.<\/p>\n<p class=\"paragraph font__body-regular\">El documento expres\u00f3 adem\u00e1s: \u201cToda su vida estuvo dedicada al servicio del se\u00f1or y de su Iglesia. Nos ense\u00f1\u00f3 a\u00a0<b>vivir los valores del Evangelio<\/b>\u00a0con fidelidad, valent\u00eda y amor universa<b>l<\/b>, especialmente en favor de los m\u00e1s pobres y marginados. Con inmensa gratitud por su ejemplo de verdadero disc\u00edpulo del se\u00f1or Jes\u00fas, encomendamos el alma del Papa Francisco al infinito amor misericordioso del Dios Uno y Trino\u201d.<\/p>\n<p class=\"font--primary font__display\"><strong>El camino de Jorge Bergoglio hasta convertirse en Francisco<\/strong><\/p>\n<p class=\"paragraph font__body-regular\"><b>Jorge Mario Bergoglio\u00a0<\/b>naci\u00f3 en Buenos Aires el 17 de diciembre de 1936. Fue el mayor de cinco hermanos en una familia de origen piamontesa. Su padre, Mario Jos\u00e9 Bergoglio, y su madre, Regina Mar\u00eda S\u00edvori, se asentaron en el barrio porte\u00f1o de Flores, donde Jorge pas\u00f3 su infancia y los primeros a\u00f1os de su vida adulta.<\/p>\n<ul class=\"ul__list list\">\n<li class=\"list__item\"><b>En 1969, fue ordenado sacerdote<\/b>, y entre 1973 y 1979 fue el superior provincial de los jesuitas en Argentina. Entre 1980 y 1986 fue rector del Colegio M\u00e1ximo y de la Facultad de Filosof\u00eda y Teolog\u00eda del Partido de San Miguel. En 1992, fue nombrado obispo auxiliar de Buenos Aires y consagrado obispo el 27 de junio de ese mismo a\u00f1o. Luego, fue designado arzobispo coadjutor y finalmente asumi\u00f3 el arzobispado el 28 de febrero de 1998.<\/li>\n<li class=\"list__item\">Por ser<b>\u00a0arzobispo\u00a0<\/b>de Buenos Aires tambi\u00e9n era miembro de la Conferencia Episcopal Argentina, de la que fue presidente en dos per\u00edodos consecutivos, desde noviembre de 2005 hasta noviembre de 2011.<\/li>\n<li class=\"list__item\"><b>El 13 de marzo de 2013 fue elegido Papa de la Iglesia cat\u00f3lica,<\/b>\u00a0luego de la renuncia de Benedicto XVI. Bergoglio solicit\u00f3 ser conocido como Francisco, en honor a San Francisco de As\u00eds, y se convirti\u00f3 as\u00ed en el primer papa jesuita y el primero proveniente de Latinoam\u00e9rica.\u00a0<b>Fue tambi\u00e9n el primer pont\u00edfice originario de Am\u00e9rica.<\/b><\/li>\n<li class=\"list__item\">En su vida personal, disfrutaba del tango y de la lectura, adem\u00e1s de seguir a San Lorenzo, club del que era hincha.<\/li>\n<\/ul>\n<\/div>\n","protected":false},"excerpt":{"rendered":"<p>Jorge Mario Bergoglio ten\u00eda 88 a\u00f1os y hab\u00eda reaparecido el domingo para dar la bendici\u00f3n por la Pascua. Sufri\u00f3 un paro card\u00edaco mientras dorm\u00eda. Muri\u00f3 el Papa Francisco a los 88 a\u00f1os.\u00a0 El\u00a0papa Francisco\u00a0muri\u00f3\u00a0este lunes a las 7:35\u00a0(hora de Roma) en su residencia del Vaticano,\u00a0la Casa Santa Marta, seg\u00fan inform\u00f3 el Vaticano mediante un video &hellip;<\/p>\n","protected":false},"author":2,"featured_media":7520,"comment_status":"open","ping_status":"open","sticky":false,"template":"","format":"standard","meta":{"footnotes":""},"categories":[54,35],"tags":[518],"class_list":["post-7519","post","type-post","status-publish","format-standard","has-post-thumbnail","hentry","category-interes-ganeral","category-internacionales","tag-papa-francisco"],"_links":{"self":[{"href":"https:\/\/cafeprensa.com.ar\/index.php\/wp-json\/wp\/v2\/posts\/7519","targetHints":{"allow":["GET"]}}],"collection":[{"href":"https:\/\/cafeprensa.com.ar\/index.php\/wp-json\/wp\/v2\/posts"}],"about":[{"href":"https:\/\/cafeprensa.com.ar\/index.php\/wp-json\/wp\/v2\/types\/post"}],"author":[{"embeddable":true,"href":"https:\/\/cafeprensa.com.ar\/index.php\/wp-json\/wp\/v2\/users\/2"}],"replies":[{"embeddable":true,"href":"https:\/\/cafeprensa.com.ar\/index.php\/wp-json\/wp\/v2\/comments?post=7519"}],"version-history":[{"count":1,"href":"https:\/\/cafeprensa.com.ar\/index.php\/wp-json\/wp\/v2\/posts\/7519\/revisions"}],"predecessor-version":[{"id":7521,"href":"https:\/\/cafeprensa.com.ar\/index.php\/wp-json\/wp\/v2\/posts\/7519\/revisions\/7521"}],"wp:featuredmedia":[{"embeddable":true,"href":"https:\/\/cafeprensa.com.ar\/index.php\/wp-json\/wp\/v2\/media\/7520"}],"wp:attachment":[{"href":"https:\/\/cafeprensa.com.ar\/index.php\/wp-json\/wp\/v2\/media?parent=7519"}],"wp:term":[{"taxonomy":"category","embeddable":true,"href":"https:\/\/cafeprensa.com.ar\/index.php\/wp-json\/wp\/v2\/categories?post=7519"},{"taxonomy":"post_tag","embeddable":true,"href":"https:\/\/cafeprensa.com.ar\/index.php\/wp-json\/wp\/v2\/tags?post=7519"}],"curies":[{"name":"wp","href":"https:\/\/api.w.org\/{rel}","templated":true}]}}