{"id":7536,"date":"2025-04-21T14:05:20","date_gmt":"2025-04-21T12:05:20","guid":{"rendered":"https:\/\/cafeprensa.com.ar\/?p=7536"},"modified":"2025-04-21T14:05:20","modified_gmt":"2025-04-21T12:05:20","slug":"quienes-fueron-los-legisladores-que-presentaron-mas-proyectos","status":"publish","type":"post","link":"https:\/\/cafeprensa.com.ar\/index.php\/2025\/04\/21\/quienes-fueron-los-legisladores-que-presentaron-mas-proyectos\/","title":{"rendered":"Qui\u00e9nes fueron los legisladores que presentaron m\u00e1s proyectos"},"content":{"rendered":"<div class=\"post-content\">\n<p>Los diputados y senadores que m\u00e1s iniciativas de ley presentaron, y qui\u00e9nes fueron los que menos presentaron en todo concepto.<\/p>\n<div class=\"content-meta\">\n<div class=\"meta content-fecha\"><img loading=\"lazy\" decoding=\"async\" class=\"attachment-post-thumbnail size-post-thumbnail wp-post-image\" src=\"https:\/\/www.parlamentario.com\/wp-content\/uploads\/2022\/07\/proyectos-presentados-imagen-informe.jpg\" sizes=\"auto, (max-width: 1200px) 100vw, 1200px\" srcset=\"https:\/\/www.parlamentario.com\/wp-content\/uploads\/2022\/07\/proyectos-presentados-imagen-informe.jpg 1200w, https:\/\/www.parlamentario.com\/wp-content\/uploads\/2022\/07\/proyectos-presentados-imagen-informe-300x200.jpg 300w, https:\/\/www.parlamentario.com\/wp-content\/uploads\/2022\/07\/proyectos-presentados-imagen-informe-1024x683.jpg 1024w, https:\/\/www.parlamentario.com\/wp-content\/uploads\/2022\/07\/proyectos-presentados-imagen-informe-768x512.jpg 768w\" alt=\"\" width=\"1200\" height=\"800\" \/><\/div>\n<\/div>\n<\/div>\n<div class=\"opinion\">El r\u00e1nking de los diputados y senadores nacionales que m\u00e1s proyectos presentaron a lo largo del \u00faltimo per\u00edodo legislativo.<\/div>\n<div class=\"contenido-post\">\n<p>Se trata de un an\u00e1lisis cuantitativo, no cualitativo, como siempre aclaramos, porque este trabajo no analiza el tenor o importancia de las iniciativas presentadas, sino simplemente la cantidad presentada. En este informe tambi\u00e9n encontrar\u00e1 a los que menos proyectos presentaron, o al menos los que quedaron en cero al finalizar el a\u00f1o legislativo.<\/p>\n<p>Es clave destacar que para el \u00cdndice de Calidad Legislativa realizamos un conteo de las iniciativas de todo tipo presentadas durante el 142\u00b0 per\u00edodo ordinario. Esto es,\u00a0<strong>entre el 1 de marzo de 2024 y el 28 de febrero de 2025<\/strong>. Remarcamos este dato, porque hay quienes han presentado ya durante el actual per\u00edodo iniciativas, o bien presentaron en los meses de enero y febrero del a\u00f1o pasado proyectos que no entraron en este conteo. La publicaci\u00f3n de este informe tiene el\u00a0<em>delay<\/em>\u00a0l\u00f3gico que corresponde a la espera de que se completen todos los datos que buscamos medir.<\/p>\n<p><strong>Proyectos de ley<\/strong><\/p>\n<p>Citamos los proyectos de ley por ser los m\u00e1s importantes. Y vayamos a la C\u00e1mara baja, donde encontramos que la presidenta del bloque Innovaci\u00f3n Federal\u00a0<strong>Pamela Calletti\u00a0<\/strong>es la que m\u00e1s iniciativas de ese tipo present\u00f3 en el \u00faltimo per\u00edodo ordinario: 70. El \u00faltimo que present\u00f3 durante el per\u00edodo analizado fue en diciembre del a\u00f1o pasado y propone la actualizaci\u00f3n de multas para la Ley de Estupefacientes. T<strong>ambi\u00e9n impuls\u00f3 un proyecto para establecer que la remuneraci\u00f3n mensual del presidente de la Naci\u00f3n ser\u00e1 la m\u00e1s alta del sector p\u00fablico y organismos que se encuentren bajo control directo o indirecto del Estado nacional.<\/strong><\/p>\n<div id=\"attachment_325226\" class=\"wp-caption alignnone\"><img loading=\"lazy\" decoding=\"async\" class=\"wp-image-325226 size-full\" src=\"https:\/\/www.parlamentario.com\/wp-content\/uploads\/2023\/11\/Pamela-Calletti.jpg\" sizes=\"auto, (max-width: 750px) 100vw, 750px\" srcset=\"https:\/\/www.parlamentario.com\/wp-content\/uploads\/2023\/11\/Pamela-Calletti.jpg 750w, https:\/\/www.parlamentario.com\/wp-content\/uploads\/2023\/11\/Pamela-Calletti-300x200.jpg 300w\" alt=\"\" width=\"750\" height=\"500\" aria-describedby=\"caption-attachment-325226\" \/><\/p>\n<p id=\"caption-attachment-325226\" class=\"wp-caption-text\"><em><strong>La presidenta del bloque Innovaci\u00f3n Federal es la que m\u00e1s proyectos de ley present\u00f3 en el a\u00f1o.<\/strong><\/em><\/p>\n<\/div>\n<p>Present\u00f3 tambi\u00e9n un proyecto relacionado con la gratuidad de medicamentos esenciales para jubilados y pensionados, y otro que incorpora el concepto de violencia vicaria en la Ley de Protecci\u00f3n Integral a las Mujeres. <strong>\u00bfQu\u00e9 es la violencia vicaria? Es la que se provoca a los hijos e hijas de las mujeres, instrumentalizada para maltratar y ocasionar un dolor extremo a sus madres.<\/strong><\/p>\n<p>En segundo lugar en este rubro se encuentra otro diputado salte\u00f1o,\u00a0<strong>Emiliano Estrada<\/strong>\u00a0(UP)<strong>,\u00a0<\/strong>con <strong>56 proyectos, siendo el m\u00e1s reciente uno que establece una exenci\u00f3n del impuesto a las indemnizaciones por antig\u00fcedad y cualquier otra que se reciba en casos de despidos o desvinculaci\u00f3n laboral<\/strong>. Tambi\u00e9n impuls\u00f3 la creaci\u00f3n del Programa de Fomento para la articulaci\u00f3n entre instituciones educativas t\u00e9cnico profesionales y proyectos mineros locales; y un R\u00e9gimen de Producci\u00f3n Regional Agropecuaria no tradicional.<\/p>\n<div id=\"attachment_293042\" class=\"wp-caption alignnone\"><img loading=\"lazy\" decoding=\"async\" class=\"wp-image-293042 size-full\" src=\"https:\/\/www.parlamentario.com\/wp-content\/uploads\/2023\/01\/emiliano-estrada-diputado.jpg\" sizes=\"auto, (max-width: 750px) 100vw, 750px\" srcset=\"https:\/\/www.parlamentario.com\/wp-content\/uploads\/2023\/01\/emiliano-estrada-diputado.jpg 750w, https:\/\/www.parlamentario.com\/wp-content\/uploads\/2023\/01\/emiliano-estrada-diputado-300x200.jpg 300w\" alt=\"\" width=\"750\" height=\"500\" aria-describedby=\"caption-attachment-293042\" \/><\/p>\n<p id=\"caption-attachment-293042\" class=\"wp-caption-text\"><strong><em>Emiliano Estrada, segundo en el r\u00e1nking de proyectos de ley.<\/em><\/strong><\/p>\n<\/div>\n<p>Completa el podio el diputado de la Coalici\u00f3n C\u00edvica\u00a0<strong>Juan Manuel L\u00f3pez,\u00a0<\/strong>autor de 52 proyectos de ley. Entre ellos, uno que aplica la prisi\u00f3n e inhabilitaci\u00f3n especial para el funcionario p\u00fablico que dicte, sancione, apruebe o ejecute una ley u ordenanza que implique doble imposici\u00f3n de impuestos.<\/p>\n<div id=\"attachment_295000\" class=\"wp-caption alignnone\"><img loading=\"lazy\" decoding=\"async\" class=\"wp-image-295000 size-full\" src=\"https:\/\/www.parlamentario.com\/wp-content\/uploads\/2023\/02\/Juan-Manuel-Lopez-Comision-de-Juicio-Politico-09-02-23.webp\" sizes=\"auto, (max-width: 750px) 100vw, 750px\" srcset=\"https:\/\/www.parlamentario.com\/wp-content\/uploads\/2023\/02\/Juan-Manuel-Lopez-Comision-de-Juicio-Politico-09-02-23.webp 750w, https:\/\/www.parlamentario.com\/wp-content\/uploads\/2023\/02\/Juan-Manuel-Lopez-Comision-de-Juicio-Politico-09-02-23-300x200.webp 300w\" alt=\"\" width=\"750\" height=\"500\" aria-describedby=\"caption-attachment-295000\" \/><\/p>\n<p id=\"caption-attachment-295000\" class=\"wp-caption-text\"><strong><em>Juan Manuel L\u00f3pez, de los que m\u00e1s proyectos de ley present\u00f3 durante el \u00faltimo per\u00edodo ordinario.<\/em><\/strong><\/p>\n<\/div>\n<p><strong>Proyectos de Ley en Diputados<\/strong><\/p>\n<table>\n<tbody>\n<tr>\n<td>1\u00b0) Pamela Calletti<\/td>\n<td>70<\/td>\n<\/tr>\n<tr>\n<td>2\u00b0) Emiliano Estrada<\/td>\n<td>56<\/td>\n<\/tr>\n<tr>\n<td>3\u00b0) Juan Manuel L\u00f3pez<\/td>\n<td>52<\/td>\n<\/tr>\n<tr>\n<td>4\u00b0) Gisela Marziotta<\/td>\n<td>44<\/td>\n<\/tr>\n<tr>\n<td>5\u00b0) M\u00f3nica Macha<\/td>\n<td>36<\/td>\n<\/tr>\n<tr>\n<td>6\u00b0) Ana Carla Carrizo<\/td>\n<td>34<\/td>\n<\/tr>\n<tr>\n<td>\u00a0Esteban Paul\u00f3n<\/td>\n<td>34<\/td>\n<\/tr>\n<tr>\n<td>8\u00b0) Karina Banfi<\/td>\n<td>32<\/td>\n<\/tr>\n<tr>\n<td>9\u00b0) Silvana Ginocchio<\/td>\n<td>32<\/td>\n<\/tr>\n<tr>\n<td>10\u00b0) Mart\u00edn Tetaz<\/td>\n<td>30<\/td>\n<\/tr>\n<tr>\n<td><\/td>\n<td><em>FUENTE: INDICE DE CALIDAD LEGISLATIVA<\/em><\/td>\n<\/tr>\n<\/tbody>\n<\/table>\n<p>En el Senado, la autora de m\u00e1s proyectos de ley fue la rionegrina\u00a0<strong>Silvana Garc\u00eda Larraburu,\u00a0<\/strong>con 50 iniciativas. La \u00faltima que present\u00f3 durante el per\u00edodo analizado, en febrero pasado, establece un incremento en las penas de los delitos contra la seguridad p\u00fablica relacionados con incendios. Muy preocupada por ese tema, tambi\u00e9n present\u00f3 un proyecto para declarar la emergencia ambiental, econ\u00f3mica y habitacional en zonas afectadas por incendios en la regi\u00f3n patag\u00f3nica.<\/p>\n<div id=\"attachment_257163\" class=\"wp-caption alignnone\"><img loading=\"lazy\" decoding=\"async\" class=\"wp-image-257163 size-full\" src=\"https:\/\/www.parlamentario.com\/wp-content\/uploads\/2022\/03\/Silvina-Garcia-Larraburu-e1713205947944.jpg\" alt=\"\" width=\"750\" height=\"500\" aria-describedby=\"caption-attachment-257163\" \/><\/p>\n<p id=\"caption-attachment-257163\" class=\"wp-caption-text\"><strong><em>Silvina Garc\u00eda Larraburu, la senadora con m\u00e1s proyectos de ley.<\/em><\/strong><\/p>\n<\/div>\n<p>Pero eso no es lo \u00fanico que desvela a esta prol\u00edfica senadora. Tambi\u00e9n present\u00f3 una iniciativa para ampliar penas para delitos contra la integridad sexual, y proyectos relacionados con la ciencia, como el que declara capital nacional de la Ciencia, Investigaci\u00f3n y Desarrollo de Altas Tecnolog\u00edas a San Carlos de Bariloche.<\/p>\n<p>El segundo lugar en proyectos de ley lo ocup\u00f3 la tucumana\u00a0<strong>Beatriz Avila,\u00a0<\/strong>autora de 44 iniciativas de ese tipo, que incluye uno relacionado con los derechos electorales de los ciudadanos argentinos residentes en el exterior, para que puedan votar por correo postal. Tambi\u00e9n impuls\u00f3 la inclusi\u00f3n de la educaci\u00f3n financiera en instituciones educativas de nivel secundario, y otro para regular la utilizaci\u00f3n del uso de celular por parte de estudiantes y docentes durante el horario escolar.<\/p>\n<div id=\"attachment_281978\" class=\"wp-caption alignnone\"><img loading=\"lazy\" decoding=\"async\" class=\"wp-image-281978 size-full\" src=\"https:\/\/www.parlamentario.com\/wp-content\/uploads\/2022\/10\/Beatriz-Avila-Recinto-e1696273843417.jpeg\" sizes=\"auto, (max-width: 750px) 100vw, 750px\" srcset=\"https:\/\/www.parlamentario.com\/wp-content\/uploads\/2022\/10\/Beatriz-Avila-Recinto-e1696273843417.jpeg 750w, https:\/\/www.parlamentario.com\/wp-content\/uploads\/2022\/10\/Beatriz-Avila-Recinto-e1696273843417-300x204.jpeg 300w\" alt=\"\" width=\"750\" height=\"511\" aria-describedby=\"caption-attachment-281978\" \/><\/p>\n<p id=\"caption-attachment-281978\" class=\"wp-caption-text\"><strong><em>Beatriz Avila, segunda senadora en materia de proyectos de ley.<\/em><\/strong><\/p>\n<\/div>\n<p>Con un proyecto menos, 43, aparece en tercer lugar otro salte\u00f1o,\u00a0<strong>Sergio \u201cOso\u201d Leavy,\u00a0<\/strong>autor entre otros de un proyecto para crear en el \u00e1mbito del Congreso una comisi\u00f3n bicameral permanente para la regulaci\u00f3n estrat\u00e9gica de la Inteligencia Artificial; otro para crear el Sistema Integral de Pol\u00edticas de Cuidados de Argentina, y la declaraci\u00f3n de emergencia en materia de posesi\u00f3n y propiedad de las tierras que ocupan las comunidades ind\u00edgenas originarias, por 4 a\u00f1os.<\/p>\n<div id=\"attachment_309015\" class=\"wp-caption alignnone\"><img loading=\"lazy\" decoding=\"async\" class=\"wp-image-309015 size-full\" src=\"https:\/\/www.parlamentario.com\/wp-content\/uploads\/2023\/06\/Sergio-Leavy-despacho.jpg\" sizes=\"auto, (max-width: 750px) 100vw, 750px\" srcset=\"https:\/\/www.parlamentario.com\/wp-content\/uploads\/2023\/06\/Sergio-Leavy-despacho.jpg 750w, https:\/\/www.parlamentario.com\/wp-content\/uploads\/2023\/06\/Sergio-Leavy-despacho-300x200.jpg 300w\" alt=\"\" width=\"750\" height=\"500\" aria-describedby=\"caption-attachment-309015\" \/><\/p>\n<p id=\"caption-attachment-309015\" class=\"wp-caption-text\"><strong><em>Sergio Leavy es uno de los tres senadores con m\u00e1s proyectos de ley.<\/em><\/strong><\/p>\n<\/div>\n<p><strong>Proyectos de Ley en el Senado<\/strong><\/p>\n<table>\n<tbody>\n<tr>\n<td>1\u00b0) Silvana Garc\u00eda Larraburu<\/td>\n<td>50<\/td>\n<\/tr>\n<tr>\n<td>2\u00b0) Beatriz Avila<\/td>\n<td>44<\/td>\n<\/tr>\n<tr>\n<td>3\u00b0) Sergio Leavy<\/td>\n<td>43<\/td>\n<\/tr>\n<tr>\n<td>4\u00b0) Carmen Crexell<\/td>\n<td>33<\/td>\n<\/tr>\n<tr>\n<td>5\u00b0) Anabel Fern\u00e1ndez Sagasti<\/td>\n<td>28<\/td>\n<\/tr>\n<tr>\n<td>\u00a0\u00a0\u00a0Silvia Sapag<\/td>\n<td>28<\/td>\n<\/tr>\n<tr>\n<td>7\u00b0) Ezequiel Atauche<\/td>\n<td>26<\/td>\n<\/tr>\n<tr>\n<td>8\u00b0) Daniel Bensus\u00e1n<\/td>\n<td>24<\/td>\n<\/tr>\n<tr>\n<td>\u00a0 \u00a0Nora Gim\u00e9nez<\/td>\n<td>24<\/td>\n<\/tr>\n<tr>\n<td>10\u00b0) Antonio Jos\u00e9 Rodas<\/td>\n<td>22<\/td>\n<\/tr>\n<tr>\n<td><\/td>\n<td><em>FUENTE: INDICE DE CALIDAD LEGISLATIVA<\/em><\/td>\n<\/tr>\n<\/tbody>\n<\/table>\n<p><strong>Otros proyectos<\/strong><\/p>\n<p>Con 133 proyectos de declaraci\u00f3n, la misionera\u00a0<strong>Yamila Ruiz<\/strong>\u00a0es la que m\u00e1s iniciativas de ese tipo present\u00f3 durante el \u00faltimo per\u00edodo, seguida por Pamela Calletti, con 45.<\/p>\n<p>Igual que el a\u00f1o pasado, y a pesar de haber estado el a\u00f1o pasado muchos meses de licencia, en el Senado el radical chaque\u00f1o\u00a0<strong>V\u00edctor Zimmermann<\/strong>\u00a0encabeza el rubro proyectos de declaraci\u00f3n, con 166, seguido por la camporista\u00a0<strong>Mar\u00eda Eugenia Dur\u00e9<\/strong>, con 117, quien tambi\u00e9n hab\u00eda ocupado ese lugar en el per\u00edodo anterior. El tercer escal\u00f3n en este rubro lo ocup\u00f3 la rionegrina Silvina Garc\u00eda Larraburu, con 69 proyectos.<\/p>\n<div id=\"gallery-1\" class=\"gallery galleryid-391471 gallery-columns-2 gallery-size-full\">\n<dl class=\"gallery-item\">\n<dt class=\"gallery-icon landscape\"><a href=\"https:\/\/www.parlamentario.com\/yamila-ruiz\/\"><img loading=\"lazy\" decoding=\"async\" class=\"attachment-full size-full\" src=\"https:\/\/www.parlamentario.com\/wp-content\/uploads\/2024\/02\/Yamila-Ruiz.webp\" sizes=\"auto, (max-width: 750px) 100vw, 750px\" srcset=\"https:\/\/www.parlamentario.com\/wp-content\/uploads\/2024\/02\/Yamila-Ruiz.webp 750w, https:\/\/www.parlamentario.com\/wp-content\/uploads\/2024\/02\/Yamila-Ruiz-300x200.webp 300w\" alt=\"\" width=\"750\" height=\"500\" aria-describedby=\"gallery-1-334908\" \/><\/a><\/dt>\n<dd id=\"gallery-1-334908\" class=\"wp-caption-text gallery-caption\">Yamila Ruiz<\/dd>\n<\/dl>\n<dl class=\"gallery-item\">\n<dt class=\"gallery-icon landscape\"><a href=\"https:\/\/www.parlamentario.com\/victor-zimmermann-2\/\"><img loading=\"lazy\" decoding=\"async\" class=\"attachment-full size-full\" src=\"https:\/\/www.parlamentario.com\/wp-content\/uploads\/2024\/10\/Victor-Zimmermann.webp\" sizes=\"auto, (max-width: 750px) 100vw, 750px\" srcset=\"https:\/\/www.parlamentario.com\/wp-content\/uploads\/2024\/10\/Victor-Zimmermann.webp 750w, https:\/\/www.parlamentario.com\/wp-content\/uploads\/2024\/10\/Victor-Zimmermann-300x200.webp 300w\" alt=\"\" width=\"750\" height=\"500\" aria-describedby=\"gallery-1-369215\" \/><\/a><\/dt>\n<dd id=\"gallery-1-369215\" class=\"wp-caption-text gallery-caption\">V\u00edctor Zimmermann<\/dd>\n<\/dl>\n<\/div>\n<p><strong>Proyectos de Declaraci\u00f3n en el Senado<\/strong><\/p>\n<table>\n<tbody>\n<tr>\n<td>1\u00b0) V\u00edctor Zimmermann<\/td>\n<td>166<\/td>\n<\/tr>\n<tr>\n<td>2\u00b0) Mar\u00eda Eugenia Dur\u00e9<\/td>\n<td>117<\/td>\n<\/tr>\n<tr>\n<td>3\u00b0) Silvina Garc\u00eda Larraburu<\/td>\n<td>69<\/td>\n<\/tr>\n<tr>\n<td>4\u00b0) Nora Gim\u00e9nez<\/td>\n<td>67<\/td>\n<\/tr>\n<tr>\n<td>5\u00b0) Bartolom\u00e9 Abdala<\/td>\n<td>63<\/td>\n<\/tr>\n<tr>\n<td>6\u00b0) Mar\u00eda In\u00e9s Pilatti Vergara<\/td>\n<td>57<\/td>\n<\/tr>\n<tr>\n<td>7\u00b0) Alicia Kirchner<\/td>\n<td>46<\/td>\n<\/tr>\n<tr>\n<td>8\u00b0) Beatriz Avila<\/td>\n<td>38<\/td>\n<\/tr>\n<tr>\n<td>9\u00b0) Vilma Bedia<\/td>\n<td>26<\/td>\n<\/tr>\n<tr>\n<td>10\u00b0) Sergio Leavy<\/td>\n<td>25<\/td>\n<\/tr>\n<\/tbody>\n<\/table>\n<p><strong>Proyectos de Declaraci\u00f3n en Diputados<\/strong><\/p>\n<table>\n<tbody>\n<tr>\n<td>1\u00b0) Yamila Ruiz<\/td>\n<td>133<\/td>\n<\/tr>\n<tr>\n<td>2\u00b0) Pamela Calletti<\/td>\n<td>45<\/td>\n<\/tr>\n<tr>\n<td>\u00a0Roxana Monz\u00f3n<\/td>\n<td>25<\/td>\n<\/tr>\n<tr>\n<td>4\u00b0) Sabrina Ajmechet<\/td>\n<td>24<\/td>\n<\/tr>\n<tr>\n<td>\u00a0Eduardo Toniolli<\/td>\n<td>24<\/td>\n<\/tr>\n<tr>\n<td>6\u00b0) Karina Banfi<\/td>\n<td>21<\/td>\n<\/tr>\n<tr>\n<td>\u00a0Vanina Biasi<\/td>\n<td>21<\/td>\n<\/tr>\n<tr>\n<td>\u00a0Silvana Giudici<\/td>\n<td>21<\/td>\n<\/tr>\n<tr>\n<td>9\u00b0) Carlos Alberto Fern\u00e1ndez<\/td>\n<td>20<\/td>\n<\/tr>\n<tr>\n<td>\u00a0Esteban Paul\u00f3n<\/td>\n<td>20<\/td>\n<\/tr>\n<tr>\n<td><\/td>\n<td>FUENTE: INDICE DE CALIDAD LEGISLATIVA<\/td>\n<\/tr>\n<\/tbody>\n<\/table>\n<p>Proyectos de resoluci\u00f3n es el \u00faltimo de los rubros que hay en Diputados, siendo la diputada bonaerense de UP\u00a0<strong>Micaela Mor\u00e1n\u00a0<\/strong>la que m\u00e1s present\u00f3 (86), seguida por su compa\u00f1era de bancada\u00a0<strong>Gisela Marziotta\u00a0<\/strong>(78) y el socialista\u00a0<strong>Esteban Paul\u00f3n\u00a0<\/strong>(75).<\/p>\n<p>En el Senado, usan muy poco los proyectos de resoluci\u00f3n, como puede verse en la tabla adjunta.<\/p>\n<p>All\u00ed en cambio tienen un rubro m\u00e1s de proyectos, los de comunicaci\u00f3n, rubro en el cual se destac\u00f3 el \u00faltimo a\u00f1o la senadora salte\u00f1a\u00a0<strong>Nora del Valle Gim\u00e9nez,\u00a0<\/strong>con 45, seguida por la fueguina Mar\u00eda Eugenia Dur\u00e9, con 39.<\/p>\n<div id=\"gallery-2\" class=\"gallery galleryid-391471 gallery-columns-2 gallery-size-full\">\n<dl class=\"gallery-item\">\n<dt class=\"gallery-icon landscape\"><a href=\"https:\/\/www.parlamentario.com\/2023\/02\/15\/de-mendiguren-aseguro-que-la-industria-argentina-crecio-a-niveles-superiores-a-la-prepandemia\/micaela-moran-propuesta-como-secretaria-de-comision-de-industria\/\"><img loading=\"lazy\" decoding=\"async\" class=\"attachment-full size-full\" src=\"https:\/\/www.parlamentario.com\/wp-content\/uploads\/2023\/02\/Micaela-Moran-propuesta-como-secretaria-de-Comision-de-Industria.webp\" sizes=\"auto, (max-width: 750px) 100vw, 750px\" srcset=\"https:\/\/www.parlamentario.com\/wp-content\/uploads\/2023\/02\/Micaela-Moran-propuesta-como-secretaria-de-Comision-de-Industria.webp 750w, https:\/\/www.parlamentario.com\/wp-content\/uploads\/2023\/02\/Micaela-Moran-propuesta-como-secretaria-de-Comision-de-Industria-300x200.webp 300w\" alt=\"\" width=\"750\" height=\"500\" aria-describedby=\"gallery-2-295508\" \/><\/a><\/dt>\n<dd id=\"gallery-2-295508\" class=\"wp-caption-text gallery-caption\">Micaela Mor\u00e1n<\/dd>\n<\/dl>\n<dl class=\"gallery-item\">\n<dt class=\"gallery-icon landscape\"><a href=\"https:\/\/www.parlamentario.com\/2023\/08\/30\/presentaron-en-el-senado-el-proyecto-que-reconoce-los-derechos-de-la-madre-naturaleza\/nora-del-valle-gimenez-presentacion-proyecto-defensa-de-la-naturaleza\/\"><img loading=\"lazy\" decoding=\"async\" class=\"attachment-full size-full\" src=\"https:\/\/www.parlamentario.com\/wp-content\/uploads\/2023\/08\/Nora-del-Valle-Gimenez-presentacion-proyecto-defensa-de-la-naturaleza.jpg\" sizes=\"auto, (max-width: 750px) 100vw, 750px\" srcset=\"https:\/\/www.parlamentario.com\/wp-content\/uploads\/2023\/08\/Nora-del-Valle-Gimenez-presentacion-proyecto-defensa-de-la-naturaleza.jpg 750w, https:\/\/www.parlamentario.com\/wp-content\/uploads\/2023\/08\/Nora-del-Valle-Gimenez-presentacion-proyecto-defensa-de-la-naturaleza-300x200.jpg 300w\" alt=\"\" width=\"750\" height=\"500\" aria-describedby=\"gallery-2-316465\" \/><\/a><\/dt>\n<dd id=\"gallery-2-316465\" class=\"wp-caption-text gallery-caption\">Nora del Valle Gim\u00e9nez<\/dd>\n<\/dl>\n<\/div>\n<p><strong>Proyectos de Resoluci\u00f3n en Diputados<\/strong><\/p>\n<table>\n<tbody>\n<tr>\n<td>1\u00b0) Micaela Mor\u00e1n<\/td>\n<td>86<\/td>\n<td><\/td>\n<\/tr>\n<tr>\n<td>2\u00b0) Gisela Marziotta<\/td>\n<td>78<\/td>\n<td><\/td>\n<\/tr>\n<tr>\n<td>3\u00b0) Esteban Paul\u00f3n<\/td>\n<td>75<\/td>\n<td><\/td>\n<\/tr>\n<tr>\n<td>4\u00b0) Silvana Ginocchio<\/td>\n<td>62<\/td>\n<td><\/td>\n<\/tr>\n<tr>\n<td>5\u00b0) Ana Mar\u00eda Ianni<\/td>\n<td>59<\/td>\n<td><\/td>\n<\/tr>\n<tr>\n<td>6\u00b0) Eugenia Alianiello<\/td>\n<td>50<\/td>\n<td><\/td>\n<\/tr>\n<tr>\n<td>7\u00b0) Agustina Propato<\/td>\n<td>45<\/td>\n<td><\/td>\n<\/tr>\n<tr>\n<td>8\u00b0) Marcela Passo<\/td>\n<td>44<\/td>\n<td><\/td>\n<\/tr>\n<tr>\n<td>9\u00b0) Eduardo Vald\u00e9s<\/td>\n<td>40<\/td>\n<td><\/td>\n<\/tr>\n<tr>\n<td>10\u00b0) Eduardo Toniolli<\/td>\n<td>39<\/td>\n<td><\/td>\n<\/tr>\n<tr>\n<td>11\u00b0) Nicol\u00e1s Del Ca\u00f1o<\/td>\n<td>38<\/td>\n<td><\/td>\n<\/tr>\n<tr>\n<td>12\u00b0) M\u00f3nica Macha<\/td>\n<td>37<\/td>\n<td><\/td>\n<\/tr>\n<tr>\n<td>13\u00b0) M\u00f3nica Fein<\/td>\n<td>35<\/td>\n<td><\/td>\n<\/tr>\n<tr>\n<td>\u00a0Roberto Mirabella<\/td>\n<td>35<\/td>\n<td><\/td>\n<\/tr>\n<\/tbody>\n<\/table>\n<p><strong>Proyectos de Resoluci\u00f3n en el Senado<\/strong><\/p>\n<table>\n<tbody>\n<tr>\n<td>Sergio Leavy<\/td>\n<td>3<\/td>\n<\/tr>\n<tr>\n<td>\u00a0Mart\u00edn Lousteau<\/td>\n<td>3<\/td>\n<\/tr>\n<tr>\n<td>\u00a0Oscar Parrilli<\/td>\n<td>3<\/td>\n<\/tr>\n<tr>\n<td>\u00a0Mar\u00eda In\u00e9s Pilatti Vergara<\/td>\n<td>3<\/td>\n<\/tr>\n<\/tbody>\n<\/table>\n<p><strong>Proyectos de Comunicaci\u00f3n en el Senado<\/strong><\/p>\n<table>\n<tbody>\n<tr>\n<td>1\u00b0) Nora del Valle Gim\u00e9nez\u00a0\u00a0\u00a0\u00a0\u00a0\u00a0\u00a0 45<\/td>\n<td><\/td>\n<td><\/td>\n<\/tr>\n<tr>\n<td>2\u00b0) Mar\u00eda Eugenia Dur\u00e9\u00a0\u00a0\u00a0\u00a0\u00a0\u00a0\u00a0\u00a0\u00a0\u00a0\u00a0\u00a0 39<\/td>\n<td><\/td>\n<td><\/td>\n<\/tr>\n<tr>\n<td>3\u00b0) Mar\u00eda In\u00e9s Pilatti Vergara\u00a0\u00a0\u00a0 25<\/td>\n<td><\/td>\n<td><\/td>\n<\/tr>\n<tr>\n<td>4\u00b0) Alicia Kirchner\u00a0\u00a0\u00a0\u00a0\u00a0\u00a0\u00a0\u00a0\u00a0\u00a0\u00a0\u00a0\u00a0\u00a0\u00a0\u00a0\u00a0\u00a0\u00a0\u00a0\u00a0 24<\/td>\n<td><\/td>\n<td><\/td>\n<\/tr>\n<tr>\n<td><\/td>\n<td><em>FUENTE: INDICE DE CALIDAD LEGISLATIVA<\/em><\/td>\n<td><\/td>\n<\/tr>\n<\/tbody>\n<\/table>\n<p><strong>Los menos productivos<\/strong><\/p>\n<p>Aclarando en primer lugar que en modo alguno la presentaci\u00f3n de m\u00e1s o menos proyectos representa un juicio de valor respecto de la eficiencia de cada legislador, pasamos a continuaci\u00f3n a detallar qui\u00e9nes fueron los legisladores que no presentaron ning\u00fan proyecto en el a\u00f1o. Algo que no necesariamente es se\u00f1al de haraganer\u00eda, pero por supuesto es para tener muy en cuenta, por cuanto la elaboraci\u00f3n de muchas iniciativas representa sin duda una preocupaci\u00f3n especial por ser productivos en la materia. Y lo opuesto, si bien no merece la cr\u00edtica inmediata, amerita un llamado de atenci\u00f3n, sobre todo cuando es sistem\u00e1tico.<\/p>\n<p>Est\u00e1 claro que los diputados o senadores que ocupan lugares m\u00e1s encumbrados no trabajan especialmente de elaborar proyectos -aunque eso no es una regla general-, y hay muchos cuyas funciones principales no pasan por la elaboraci\u00f3n de proyectos.<\/p>\n<p>Est\u00e1n tambi\u00e9n aquellos que quedan en cero en todos los rubros. Cada uno tendr\u00e1 sus razones para justificarlo. A ellos nos referiremos puntualmente.<\/p>\n<p>En materia de proyectos de ley, en el Senado quienes no presentaron en todo el a\u00f1o ning\u00fan proyecto de ley son el correntino\u00a0<strong>Carlos \u201cCamau\u201d Esp\u00ednola,\u00a0<\/strong>la sanjuanina\u00a0<strong>Mar\u00eda Celeste Gim\u00e9nez Navarro,\u00a0<\/strong>la riojana\u00a0<strong>Mar\u00eda Florencia L\u00f3pez,\u00a0<\/strong>los sanjuaninos\u00a0<strong>Gerardo Montenegro\u00a0<\/strong>y\u00a0<strong>Jos\u00e9 Neder,\u00a0<\/strong>y el puntano\u00a0<strong>Fernando Salino.\u00a0<\/strong>De todos ellos el \u00fanico que no present\u00f3 proyectos de ning\u00fan tipo (por segundo a\u00f1o consecutivo) es Esp\u00ednola.<\/p>\n<div id=\"attachment_316655\" class=\"wp-caption alignnone\"><img loading=\"lazy\" decoding=\"async\" class=\"wp-image-316655 size-full\" src=\"https:\/\/www.parlamentario.com\/wp-content\/uploads\/2023\/09\/Mauricio-Camau-Espinola-senador.jpg\" sizes=\"auto, (max-width: 750px) 100vw, 750px\" srcset=\"https:\/\/www.parlamentario.com\/wp-content\/uploads\/2023\/09\/Mauricio-Camau-Espinola-senador.jpg 750w, https:\/\/www.parlamentario.com\/wp-content\/uploads\/2023\/09\/Mauricio-Camau-Espinola-senador-300x200.jpg 300w\" alt=\"\" width=\"750\" height=\"500\" aria-describedby=\"caption-attachment-316655\" \/><\/p>\n<p id=\"caption-attachment-316655\" class=\"wp-caption-text\"><strong><em>Carlos \u00abCamau\u00bb Esp\u00ednola no present\u00f3 ning\u00fan proyecto el \u00faltimo per\u00edodo ordinario.<\/em><\/strong><\/p>\n<\/div>\n<p>En la C\u00e1mara baja, no presentaron ning\u00fan proyecto de ley los diputados de UP\u00a0<strong>Walberto Allende, Luis Basterra, Santiago Cafiero, Celia Campitelli, Elia Fern\u00e1ndez, Ramiro Fern\u00e1ndez Patri, Bernardo Herrera, M\u00e1ximo Kirchner, Magal\u00ed Mastaler, Nilda Moyano, Graciela Parola, Julio Pereyra, Nancy Sand, Rodolfo Tailhade;\u00a0<\/strong>los de La Libertad Avanza\u00a0<strong>Lisandro Almir\u00f3n, Pablo Ansaloni, Bertie Benegas Lynch, Nicol\u00e1s Emma, Jos\u00e9 Luis Espert, Carlos Garc\u00eda, Gerardo Gustavo Gonz\u00e1lez, Nadia M\u00e1rquez, Jos\u00e9 Peluc\u00a0<\/strong>y<strong>\u00a0Mar\u00eda Celeste Ponce<\/strong>; los radicales\u00a0<strong>Mart\u00edn Arjol\u00a0<\/strong>y<strong>\u00a0Alfredo Vallejos<\/strong>; por Encuentro Federal\u00a0<strong>Ignacio Garc\u00eda Aresca, Nicol\u00e1s Massot, Emilio Monz\u00f3\u00a0<\/strong>y<strong>\u00a0Florencio Randazzo<\/strong>; del Pro,\u00a0<strong>Alvaro Gonz\u00e1lez<\/strong>; del MID,\u00a0<strong>Cecilia Ib\u00e1\u00f1ez\u00a0<\/strong>y\u00a0<strong>Oscar Zago,\u00a0<\/strong>y de Innovaci\u00f3n Federal el misionero\u00a0<strong>Daniel Vancsik.<\/strong><\/p>\n<p>De todos estos, <em><strong>Lisandro Ansaloni, Bertie Benegas Lynch, Nicol\u00e1s Emma, Jos\u00e9 Luis Espert, Ramiro Fern\u00e1ndez Patri, Carlos Garc\u00eda, Gerardo Gonz\u00e1lez, M\u00e1ximo Kirchner, Graciela Parola, Jos\u00e9 Peluc, Julio Pereyra y Florencio Randazzo<\/strong><\/em> \u00abno presentaron proyectos de ning\u00fan tipo\u00bb.<\/p>\n<div id=\"gallery-3\" class=\"gallery galleryid-391471 gallery-columns-3 gallery-size-full\">\n<dl class=\"gallery-item\">\n<dt class=\"gallery-icon landscape\"><a href=\"https:\/\/www.parlamentario.com\/lisandro-almiron-2\/\"><img loading=\"lazy\" decoding=\"async\" class=\"attachment-full size-full\" src=\"https:\/\/www.parlamentario.com\/wp-content\/uploads\/2025\/02\/Lisandro-Almiron.webp\" sizes=\"auto, (max-width: 750px) 100vw, 750px\" srcset=\"https:\/\/www.parlamentario.com\/wp-content\/uploads\/2025\/02\/Lisandro-Almiron.webp 750w, https:\/\/www.parlamentario.com\/wp-content\/uploads\/2025\/02\/Lisandro-Almiron-300x200.webp 300w\" alt=\"\" width=\"750\" height=\"500\" aria-describedby=\"gallery-3-384774\" \/><\/a><\/dt>\n<dd id=\"gallery-3-384774\" class=\"wp-caption-text gallery-caption\">Lisandro Almir\u00f3n<\/dd>\n<\/dl>\n<dl class=\"gallery-item\">\n<dt class=\"gallery-icon landscape\"><a href=\"https:\/\/www.parlamentario.com\/2024\/06\/07\/maximo-kirchner-le-respondio-a-milei-por-la-reforma-jubilatoria-es-una-demostracion-de-pereza-intelectual\/maximo-kirchner-radio\/\"><img loading=\"lazy\" decoding=\"async\" class=\"attachment-full size-full\" src=\"https:\/\/www.parlamentario.com\/wp-content\/uploads\/2024\/06\/Maximo-Kirchner-radio.jpg\" sizes=\"auto, (max-width: 750px) 100vw, 750px\" srcset=\"https:\/\/www.parlamentario.com\/wp-content\/uploads\/2024\/06\/Maximo-Kirchner-radio.jpg 750w, https:\/\/www.parlamentario.com\/wp-content\/uploads\/2024\/06\/Maximo-Kirchner-radio-300x200.jpg 300w\" alt=\"\" width=\"750\" height=\"500\" aria-describedby=\"gallery-3-352566\" \/><\/a><\/dt>\n<dd id=\"gallery-3-352566\" class=\"wp-caption-text gallery-caption\">M\u00e1ximo Kirchner<\/dd>\n<\/dl>\n<dl class=\"gallery-item\">\n<dt class=\"gallery-icon landscape\"><a href=\"https:\/\/www.parlamentario.com\/2022\/06\/08\/para-randazzo-el-sistema-partidario-es-fiable-pero-la-bup-aporta-una-modernizacion\/randazzo-sesion-boleta-unica\/\"><img loading=\"lazy\" decoding=\"async\" class=\"attachment-full size-full\" src=\"https:\/\/www.parlamentario.com\/wp-content\/uploads\/2022\/06\/Randazzo-sesion-boleta-unica-e1691154168958.jpg\" sizes=\"auto, (max-width: 750px) 100vw, 750px\" srcset=\"https:\/\/www.parlamentario.com\/wp-content\/uploads\/2022\/06\/Randazzo-sesion-boleta-unica-e1691154168958.jpg 750w, https:\/\/www.parlamentario.com\/wp-content\/uploads\/2022\/06\/Randazzo-sesion-boleta-unica-e1691154168958-300x200.jpg 300w\" alt=\"\" width=\"750\" height=\"500\" aria-describedby=\"gallery-3-266971\" \/><\/a><\/dt>\n<dd id=\"gallery-3-266971\" class=\"wp-caption-text gallery-caption\">Florencio Randazzo<\/dd>\n<\/dl>\n<\/div>\n<div id=\"gallery-4\" class=\"gallery galleryid-391471 gallery-columns-3 gallery-size-full\">\n<dl class=\"gallery-item\">\n<dt class=\"gallery-icon landscape\"><a href=\"https:\/\/www.parlamentario.com\/2023\/08\/30\/avanza-en-el-senado-el-proyecto-de-produccion-organica-para-economias-regionales\/fernandez-patri-en-el-senado\/\"><img loading=\"lazy\" decoding=\"async\" class=\"attachment-full size-full\" src=\"https:\/\/www.parlamentario.com\/wp-content\/uploads\/2023\/08\/Fernandez-Patri-en-el-senado.webp\" sizes=\"auto, (max-width: 750px) 100vw, 750px\" srcset=\"https:\/\/www.parlamentario.com\/wp-content\/uploads\/2023\/08\/Fernandez-Patri-en-el-senado.webp 750w, https:\/\/www.parlamentario.com\/wp-content\/uploads\/2023\/08\/Fernandez-Patri-en-el-senado-300x200.webp 300w\" alt=\"\" width=\"750\" height=\"500\" aria-describedby=\"gallery-4-316357\" \/><\/a><\/dt>\n<dd id=\"gallery-4-316357\" class=\"wp-caption-text gallery-caption\">Ramiro Fern\u00e1ndez Patri<\/dd>\n<\/dl>\n<dl class=\"gallery-item\">\n<dt class=\"gallery-icon landscape\"><a href=\"https:\/\/www.parlamentario.com\/bertie-benegas-lynch-2\/\"><img loading=\"lazy\" decoding=\"async\" class=\"attachment-full size-full\" src=\"https:\/\/www.parlamentario.com\/wp-content\/uploads\/2024\/08\/Bertie-Benegas-Lynch.webp\" sizes=\"auto, (max-width: 750px) 100vw, 750px\" srcset=\"https:\/\/www.parlamentario.com\/wp-content\/uploads\/2024\/08\/Bertie-Benegas-Lynch.webp 750w, https:\/\/www.parlamentario.com\/wp-content\/uploads\/2024\/08\/Bertie-Benegas-Lynch-300x200.webp 300w\" alt=\"\" width=\"750\" height=\"500\" aria-describedby=\"gallery-4-361809\" \/><\/a><\/dt>\n<dd id=\"gallery-4-361809\" class=\"wp-caption-text gallery-caption\">Bertie Benegas Lynch<\/dd>\n<\/dl>\n<dl class=\"gallery-item\">\n<dt class=\"gallery-icon landscape\"><a href=\"https:\/\/www.parlamentario.com\/2024\/11\/19\/sin-acuerdos-el-oficialismo-estira-las-negociaciones-por-el-presupuesto-2025-y-dice-que-evaluara-si-convoca-a-extraordinarias\/jose-luis-espert-anuncio-sobre-presupuesto-2025\/\"><img loading=\"lazy\" decoding=\"async\" class=\"attachment-full size-full\" src=\"https:\/\/www.parlamentario.com\/wp-content\/uploads\/2024\/11\/jose-luis-espert-anuncio-sobre-presupuesto-2025.webp\" sizes=\"auto, (max-width: 750px) 100vw, 750px\" srcset=\"https:\/\/www.parlamentario.com\/wp-content\/uploads\/2024\/11\/jose-luis-espert-anuncio-sobre-presupuesto-2025.webp 750w, https:\/\/www.parlamentario.com\/wp-content\/uploads\/2024\/11\/jose-luis-espert-anuncio-sobre-presupuesto-2025-300x200.webp 300w\" alt=\"\" width=\"750\" height=\"500\" aria-describedby=\"gallery-4-375279\" \/><\/a><\/dt>\n<dd id=\"gallery-4-375279\" class=\"wp-caption-text gallery-caption\">Jos\u00e9 Luis Espert<\/dd>\n<\/dl>\n<\/div>\n<p>De todos estos, el \u00fanico que repite no haber presentado proyectos de ning\u00fan tipo en el per\u00edodo 141\u00b0 y el 142\u00b0 es <em><strong>Florencio Randazzo.<\/strong><\/em><\/p>\n<\/div>\n","protected":false},"excerpt":{"rendered":"<p>Los diputados y senadores que m\u00e1s iniciativas de ley presentaron, y qui\u00e9nes fueron los que menos presentaron en todo concepto. El r\u00e1nking de los diputados y senadores nacionales que m\u00e1s proyectos presentaron a lo largo del \u00faltimo per\u00edodo legislativo. Se trata de un an\u00e1lisis cuantitativo, no cualitativo, como siempre aclaramos, porque este trabajo no analiza &hellip;<\/p>\n","protected":false},"author":2,"featured_media":7537,"comment_status":"open","ping_status":"open","sticky":false,"template":"","format":"standard","meta":{"footnotes":""},"categories":[33,25],"tags":[410,249,670,627],"class_list":["post-7536","post","type-post","status-publish","format-standard","has-post-thumbnail","hentry","category-nacionales","category-politica","tag-congreso-de-la-nacion","tag-diputados","tag-proyectos","tag-senadores"],"_links":{"self":[{"href":"https:\/\/cafeprensa.com.ar\/index.php\/wp-json\/wp\/v2\/posts\/7536","targetHints":{"allow":["GET"]}}],"collection":[{"href":"https:\/\/cafeprensa.com.ar\/index.php\/wp-json\/wp\/v2\/posts"}],"about":[{"href":"https:\/\/cafeprensa.com.ar\/index.php\/wp-json\/wp\/v2\/types\/post"}],"author":[{"embeddable":true,"href":"https:\/\/cafeprensa.com.ar\/index.php\/wp-json\/wp\/v2\/users\/2"}],"replies":[{"embeddable":true,"href":"https:\/\/cafeprensa.com.ar\/index.php\/wp-json\/wp\/v2\/comments?post=7536"}],"version-history":[{"count":1,"href":"https:\/\/cafeprensa.com.ar\/index.php\/wp-json\/wp\/v2\/posts\/7536\/revisions"}],"predecessor-version":[{"id":7538,"href":"https:\/\/cafeprensa.com.ar\/index.php\/wp-json\/wp\/v2\/posts\/7536\/revisions\/7538"}],"wp:featuredmedia":[{"embeddable":true,"href":"https:\/\/cafeprensa.com.ar\/index.php\/wp-json\/wp\/v2\/media\/7537"}],"wp:attachment":[{"href":"https:\/\/cafeprensa.com.ar\/index.php\/wp-json\/wp\/v2\/media?parent=7536"}],"wp:term":[{"taxonomy":"category","embeddable":true,"href":"https:\/\/cafeprensa.com.ar\/index.php\/wp-json\/wp\/v2\/categories?post=7536"},{"taxonomy":"post_tag","embeddable":true,"href":"https:\/\/cafeprensa.com.ar\/index.php\/wp-json\/wp\/v2\/tags?post=7536"}],"curies":[{"name":"wp","href":"https:\/\/api.w.org\/{rel}","templated":true}]}}