{"id":7560,"date":"2025-04-22T13:12:55","date_gmt":"2025-04-22T11:12:55","guid":{"rendered":"https:\/\/cafeprensa.com.ar\/?p=7560"},"modified":"2025-04-22T13:13:12","modified_gmt":"2025-04-22T11:13:12","slug":"las-primeras-imagenes-del-papa-francisco-en-su-feretro","status":"publish","type":"post","link":"https:\/\/cafeprensa.com.ar\/index.php\/2025\/04\/22\/las-primeras-imagenes-del-papa-francisco-en-su-feretro\/","title":{"rendered":"Las primeras im\u00e1genes del papa Francisco en su f\u00e9retro"},"content":{"rendered":"<header class=\"article-header-wrapper\">\n<div class=\"article-header\">\n<p class=\"article-subheadline text_align_left\">El <b>Vaticano<\/b>\u00a0difundi\u00f3 este<b>\u00a0<\/b>martes las\u00a0<b>primeras im\u00e1genes del papa Francisco<\/b>\u00a0dentro del\u00a0<b>f\u00e9retro<\/b>, tras su fallecimiento el lunes a los 88 a\u00f1os en la\u00a0<b>Casa Santa Marta<\/b>, su residencia desde el inicio de su pontificado en 2013. Las fotograf\u00edas, captadas durante el\u00a0<b>acto de constataci\u00f3n de la muerte<\/b>\u00a0a las 20:00 horas (18:00 GMT) del lunes, muestran al pont\u00edfice vestido con una\u00a0<b>t\u00fanica roja<\/b>\u00a0\u2014color lit\u00fargico reservado para funerales papales\u2014, con una\u00a0<b>mitra blanca<\/b>\u00a0sobre la cabeza y un\u00a0<b>rosario negro<\/b>\u00a0entrelazado en sus manos, s\u00edmbolo de su profunda devoci\u00f3n mariana.<\/p>\n<\/div>\n<\/header>\n<article class=\"article\">\n<div class=\"body-article \">\n<div class=\"visual__image\"><picture><source srcset=\"https:\/\/www.infobae.com\/resizer\/v2\/GK3NVMD5NZFZ3JOZ7ZT7H27ZGY.jpg?auth=1a0febaff1797b3e9974f53954ac674cfba7edf236485c1e6698743cc99b8e3a&amp;smart=true&amp;width=992&amp;height=661&amp;quality=85\" media=\"(min-width: 1000px)\" \/><source srcset=\"https:\/\/www.infobae.com\/resizer\/v2\/GK3NVMD5NZFZ3JOZ7ZT7H27ZGY.jpg?auth=1a0febaff1797b3e9974f53954ac674cfba7edf236485c1e6698743cc99b8e3a&amp;smart=true&amp;width=768&amp;height=512&amp;quality=85\" media=\"(min-width: 768px)\" \/><source srcset=\"https:\/\/www.infobae.com\/resizer\/v2\/GK3NVMD5NZFZ3JOZ7ZT7H27ZGY.jpg?auth=1a0febaff1797b3e9974f53954ac674cfba7edf236485c1e6698743cc99b8e3a&amp;smart=true&amp;width=577&amp;height=385&amp;quality=85\" media=\"(min-width: 580px)\" \/><source srcset=\"https:\/\/www.infobae.com\/resizer\/v2\/GK3NVMD5NZFZ3JOZ7ZT7H27ZGY.jpg?auth=1a0febaff1797b3e9974f53954ac674cfba7edf236485c1e6698743cc99b8e3a&amp;smart=true&amp;width=420&amp;height=280&amp;quality=85\" media=\"(min-width: 350px)\" \/><source srcset=\"https:\/\/www.infobae.com\/resizer\/v2\/GK3NVMD5NZFZ3JOZ7ZT7H27ZGY.jpg?auth=1a0febaff1797b3e9974f53954ac674cfba7edf236485c1e6698743cc99b8e3a&amp;smart=true&amp;width=350&amp;height=233&amp;quality=85\" media=\"(min-width: 80px)\" \/><img loading=\"lazy\" decoding=\"async\" class=\"global-image\" src=\"https:\/\/www.infobae.com\/resizer\/v2\/GK3NVMD5NZFZ3JOZ7ZT7H27ZGY.jpg?auth=1a0febaff1797b3e9974f53954ac674cfba7edf236485c1e6698743cc99b8e3a&amp;smart=true&amp;width=350&amp;height=233&amp;quality=85\" alt=\"El Vaticano public\u00f3 las primeras\" width=\"7087\" height=\"4726\" \/><\/picture>El Vaticano public\u00f3 las primeras im\u00e1genes del papa Francisco en su f\u00e9retro (AFP)<\/div>\n<p class=\"paragraph\" data-mrf-recirculation=\"Links inline\">Francisco yace dentro de un\u00a0<b>f\u00e9retro de madera forrado en terciopelo rojo<\/b>, dispuesto en la capilla privada de la residencia, donde permaneci\u00f3 rodeado de\u00a0<b>sus colaboradores m\u00e1s cercanos y numerosos cardenales<\/b> presentes en Roma.<\/p>\n<p class=\"paragraph\" data-mrf-recirculation=\"Links inline\">Estas im\u00e1genes forman parte del riguroso protocolo que se activa tras la muerte de un Papa. Su apartamento en Santa Marta fue\u00a0<b>sellado oficialmente<\/b>, como establece la constituci\u00f3n apost\u00f3lica\u00a0<i>Universi Dominici Gregis<\/i>, en tanto se avanza con la organizaci\u00f3n de los actos f\u00fanebres.<\/p>\n<div class=\"visual__image\"><picture><source srcset=\"https:\/\/www.infobae.com\/resizer\/v2\/REAWBGP4KNB5TOR3TJKSVY23UM.jpg?auth=d7dab337d9ebce61e886ab55860c4dbe6a2311c6506f02be9b9f6b2367870977&amp;smart=true&amp;width=992&amp;height=661&amp;quality=85\" media=\"(min-width: 1000px)\" \/><source srcset=\"https:\/\/www.infobae.com\/resizer\/v2\/REAWBGP4KNB5TOR3TJKSVY23UM.jpg?auth=d7dab337d9ebce61e886ab55860c4dbe6a2311c6506f02be9b9f6b2367870977&amp;smart=true&amp;width=768&amp;height=512&amp;quality=85\" media=\"(min-width: 768px)\" \/><source srcset=\"https:\/\/www.infobae.com\/resizer\/v2\/REAWBGP4KNB5TOR3TJKSVY23UM.jpg?auth=d7dab337d9ebce61e886ab55860c4dbe6a2311c6506f02be9b9f6b2367870977&amp;smart=true&amp;width=577&amp;height=385&amp;quality=85\" media=\"(min-width: 580px)\" \/><source srcset=\"https:\/\/www.infobae.com\/resizer\/v2\/REAWBGP4KNB5TOR3TJKSVY23UM.jpg?auth=d7dab337d9ebce61e886ab55860c4dbe6a2311c6506f02be9b9f6b2367870977&amp;smart=true&amp;width=420&amp;height=280&amp;quality=85\" media=\"(min-width: 350px)\" \/><source srcset=\"https:\/\/www.infobae.com\/resizer\/v2\/REAWBGP4KNB5TOR3TJKSVY23UM.jpg?auth=d7dab337d9ebce61e886ab55860c4dbe6a2311c6506f02be9b9f6b2367870977&amp;smart=true&amp;width=350&amp;height=233&amp;quality=85\" media=\"(min-width: 80px)\" \/><img loading=\"lazy\" decoding=\"async\" class=\"global-image\" src=\"https:\/\/www.infobae.com\/resizer\/v2\/REAWBGP4KNB5TOR3TJKSVY23UM.jpg?auth=d7dab337d9ebce61e886ab55860c4dbe6a2311c6506f02be9b9f6b2367870977&amp;smart=true&amp;width=350&amp;height=233&amp;quality=85\" alt=\"En sus manos sostiene un\" width=\"7087\" height=\"4721\" \/><\/picture>En sus manos sostiene un rosario negro, otro de los emblemas religiosos ligados a la oraci\u00f3n y la devoci\u00f3n mariana, a la que el papa Bergoglio ten\u00eda profunda veneraci\u00f3n (AFP)<\/div>\n<p class=\"paragraph\" data-mrf-recirculation=\"Links inline\">Este mi\u00e9rcoles 23 de abril, el cuerpo ser\u00e1\u00a0<b>trasladado a la Bas\u00edlica de San Pedro<\/b>, donde se instalar\u00e1 la\u00a0<b>capilla ardiente<\/b> para que los fieles puedan despedirse. La ceremonia de traslado, anunciada por la oficina de prensa del Vaticano, marcar\u00e1 el inicio de un multitudinario homenaje que convocar\u00e1 a peregrinos de todo el mundo en Roma.<\/p>\n<div class=\"visual__image\"><picture><source srcset=\"https:\/\/www.infobae.com\/resizer\/v2\/YAGP6FSAJRAITAXVXB6LEQY2SE.jpg?auth=43583ecd22fba0618f1090f94c60f5bb51176438defb2a635901b3ee2cad39c8&amp;smart=true&amp;width=992&amp;height=661&amp;quality=85\" media=\"(min-width: 1000px)\" \/><source srcset=\"https:\/\/www.infobae.com\/resizer\/v2\/YAGP6FSAJRAITAXVXB6LEQY2SE.jpg?auth=43583ecd22fba0618f1090f94c60f5bb51176438defb2a635901b3ee2cad39c8&amp;smart=true&amp;width=768&amp;height=512&amp;quality=85\" media=\"(min-width: 768px)\" \/><source srcset=\"https:\/\/www.infobae.com\/resizer\/v2\/YAGP6FSAJRAITAXVXB6LEQY2SE.jpg?auth=43583ecd22fba0618f1090f94c60f5bb51176438defb2a635901b3ee2cad39c8&amp;smart=true&amp;width=577&amp;height=385&amp;quality=85\" media=\"(min-width: 580px)\" \/><source srcset=\"https:\/\/www.infobae.com\/resizer\/v2\/YAGP6FSAJRAITAXVXB6LEQY2SE.jpg?auth=43583ecd22fba0618f1090f94c60f5bb51176438defb2a635901b3ee2cad39c8&amp;smart=true&amp;width=420&amp;height=280&amp;quality=85\" media=\"(min-width: 350px)\" \/><source srcset=\"https:\/\/www.infobae.com\/resizer\/v2\/YAGP6FSAJRAITAXVXB6LEQY2SE.jpg?auth=43583ecd22fba0618f1090f94c60f5bb51176438defb2a635901b3ee2cad39c8&amp;smart=true&amp;width=350&amp;height=233&amp;quality=85\" media=\"(min-width: 80px)\" \/><img loading=\"lazy\" decoding=\"async\" class=\"global-image\" src=\"https:\/\/www.infobae.com\/resizer\/v2\/YAGP6FSAJRAITAXVXB6LEQY2SE.jpg?auth=43583ecd22fba0618f1090f94c60f5bb51176438defb2a635901b3ee2cad39c8&amp;smart=true&amp;width=350&amp;height=233&amp;quality=85\" alt=\"Durante la noche del lunes,\" width=\"7087\" height=\"4717\" \/><\/picture><\/div>\n<p class=\"paragraph\" data-mrf-recirculation=\"Links inline\">Mientras tanto, en el interior del Vaticano se desarrollan las\u00a0<b>congregaciones generales del Colegio Cardenalicio<\/b>, previas al c\u00f3nclave. La primera tuvo lugar este martes a las 9:00 (7:00 GMT) en el\u00a0<b>Aula del S\u00ednodo<\/b>, presidida por el decano\u00a0<b>Giovanni Battista Re<\/b>, quien convoc\u00f3 tambi\u00e9n a los cardenales mayores de 80 a\u00f1os, con la libertad de participar o no, seg\u00fan lo previsto en el art\u00edculo 7 de la constituci\u00f3n.<\/p>\n<div class=\"visual__image\"><picture><source srcset=\"https:\/\/www.infobae.com\/resizer\/v2\/SAI5DOZY6RGMTNRWSBY6ND5YY4.jpg?auth=3c46ed02d471477a9519f24205bc8e1c3d46a773bd79777215c281f3973586c4&amp;smart=true&amp;width=992&amp;height=661&amp;quality=85\" media=\"(min-width: 1000px)\" \/><source srcset=\"https:\/\/www.infobae.com\/resizer\/v2\/SAI5DOZY6RGMTNRWSBY6ND5YY4.jpg?auth=3c46ed02d471477a9519f24205bc8e1c3d46a773bd79777215c281f3973586c4&amp;smart=true&amp;width=768&amp;height=512&amp;quality=85\" media=\"(min-width: 768px)\" \/><source srcset=\"https:\/\/www.infobae.com\/resizer\/v2\/SAI5DOZY6RGMTNRWSBY6ND5YY4.jpg?auth=3c46ed02d471477a9519f24205bc8e1c3d46a773bd79777215c281f3973586c4&amp;smart=true&amp;width=577&amp;height=385&amp;quality=85\" media=\"(min-width: 580px)\" \/><source srcset=\"https:\/\/www.infobae.com\/resizer\/v2\/SAI5DOZY6RGMTNRWSBY6ND5YY4.jpg?auth=3c46ed02d471477a9519f24205bc8e1c3d46a773bd79777215c281f3973586c4&amp;smart=true&amp;width=420&amp;height=280&amp;quality=85\" media=\"(min-width: 350px)\" \/><source srcset=\"https:\/\/www.infobae.com\/resizer\/v2\/SAI5DOZY6RGMTNRWSBY6ND5YY4.jpg?auth=3c46ed02d471477a9519f24205bc8e1c3d46a773bd79777215c281f3973586c4&amp;smart=true&amp;width=350&amp;height=233&amp;quality=85\" media=\"(min-width: 80px)\" \/><img loading=\"lazy\" decoding=\"async\" class=\"global-image\" src=\"https:\/\/www.infobae.com\/resizer\/v2\/SAI5DOZY6RGMTNRWSBY6ND5YY4.jpg?auth=3c46ed02d471477a9519f24205bc8e1c3d46a773bd79777215c281f3973586c4&amp;smart=true&amp;width=350&amp;height=233&amp;quality=85\" alt=\"Francisco ser\u00e1 sepultado en la\" width=\"7087\" height=\"4725\" \/><\/picture><\/div>\n<p class=\"paragraph\" data-mrf-recirculation=\"Links inline\">Estas congregaciones sirven para coordinar los aspectos log\u00edsticos, lit\u00fargicos y administrativos del\u00a0<b>per\u00edodo de sede vacante<\/b>, y en ellas se definir\u00e1 la\u00a0<b>fecha del funeral<\/b>, que se celebrar\u00e1 previsiblemente\u00a0<b>entre el viernes y el domingo<\/b>, en l\u00ednea con las disposiciones del documento\u00a0<i>Ordo Exsequiarum Romani Pontificis<\/i>, promulgado por el propio Francisco. Seg\u00fan la prensa italiana,\u00a0<b>se espera la asistencia de medio mill\u00f3n de fieles<\/b>.<\/p>\n<p class=\"paragraph\" data-mrf-recirculation=\"Links inline\">Tambi\u00e9n se confirm\u00f3 que el Papa ser\u00e1\u00a0<b>enterrado en la Bas\u00edlica de Santa Mar\u00eda la Mayor<\/b>, en Roma, cumpliendo su voluntad testamentaria. La tumba, ubicada en la\u00a0<b>Capilla Paulina<\/b>, ser\u00e1 austera: sin epitafios, sin ornamentaciones, solo su nombre en lat\u00edn:\u00a0<i>Franciscus<\/i>.<\/p>\n<div class=\"visual__image\"><picture><source srcset=\"https:\/\/www.infobae.com\/resizer\/v2\/JXT3GAVQVJH2LA2BVE7I27HKVU.jpg?auth=c1c8247b99efa6d830501e21fe7961d252cc2b798fe7fad6c8107a45aa3722e7&amp;smart=true&amp;width=992&amp;height=661&amp;quality=85\" media=\"(min-width: 1000px)\" \/><source srcset=\"https:\/\/www.infobae.com\/resizer\/v2\/JXT3GAVQVJH2LA2BVE7I27HKVU.jpg?auth=c1c8247b99efa6d830501e21fe7961d252cc2b798fe7fad6c8107a45aa3722e7&amp;smart=true&amp;width=768&amp;height=512&amp;quality=85\" media=\"(min-width: 768px)\" \/><source srcset=\"https:\/\/www.infobae.com\/resizer\/v2\/JXT3GAVQVJH2LA2BVE7I27HKVU.jpg?auth=c1c8247b99efa6d830501e21fe7961d252cc2b798fe7fad6c8107a45aa3722e7&amp;smart=true&amp;width=577&amp;height=385&amp;quality=85\" media=\"(min-width: 580px)\" \/><source srcset=\"https:\/\/www.infobae.com\/resizer\/v2\/JXT3GAVQVJH2LA2BVE7I27HKVU.jpg?auth=c1c8247b99efa6d830501e21fe7961d252cc2b798fe7fad6c8107a45aa3722e7&amp;smart=true&amp;width=420&amp;height=280&amp;quality=85\" media=\"(min-width: 350px)\" \/><source srcset=\"https:\/\/www.infobae.com\/resizer\/v2\/JXT3GAVQVJH2LA2BVE7I27HKVU.jpg?auth=c1c8247b99efa6d830501e21fe7961d252cc2b798fe7fad6c8107a45aa3722e7&amp;smart=true&amp;width=350&amp;height=233&amp;quality=85\" media=\"(min-width: 80px)\" \/><img loading=\"lazy\" decoding=\"async\" class=\"global-image\" src=\"https:\/\/www.infobae.com\/resizer\/v2\/JXT3GAVQVJH2LA2BVE7I27HKVU.jpg?auth=c1c8247b99efa6d830501e21fe7961d252cc2b798fe7fad6c8107a45aa3722e7&amp;smart=true&amp;width=350&amp;height=233&amp;quality=85\" alt=\"Este mi\u00e9rcoles 23 de abril,\" width=\"7087\" height=\"4726\" \/><\/picture>Este mi\u00e9rcoles 23 de abril, el cuerpo ser\u00e1 trasladado a la Bas\u00edlica de San Pedro, donde se instalar\u00e1 la capilla ardiente para que los fieles puedan despedirse (AFP\/VATICAN MEDIA)<\/div>\n<p class=\"paragraph\" data-mrf-recirculation=\"Links inline\">Con ello, se convertir\u00e1 en el\u00a0<b>primer pont\u00edfice en m\u00e1s de un siglo en ser sepultado fuera del Vaticano<\/b>, justo frente al \u00edcono de la\u00a0<b>Salus Populi Romani<\/b>, ante el cual sol\u00eda rezar antes y despu\u00e9s de cada viaje apost\u00f3lico.<\/p>\n<p class=\"paragraph\" data-mrf-recirculation=\"Links inline\">El gesto de humildad final de Francisco, coherente con su vida sencilla y su estilo pastoral cercano, qued\u00f3 reflejado tambi\u00e9n en el rito de despedida \u00edntimo de la noche del lunes.<\/p>\n<div class=\"visual__image\"><picture><source srcset=\"https:\/\/www.infobae.com\/resizer\/v2\/4E2XGOTBPZFN5P2RHIWZTPVXL4.jpg?auth=96a121fa22e55d4088a609462306089c720b9fb6ee6c55f619f41c3046a92a16&amp;smart=true&amp;width=992&amp;height=1488&amp;quality=85\" media=\"(min-width: 1000px)\" \/><source srcset=\"https:\/\/www.infobae.com\/resizer\/v2\/4E2XGOTBPZFN5P2RHIWZTPVXL4.jpg?auth=96a121fa22e55d4088a609462306089c720b9fb6ee6c55f619f41c3046a92a16&amp;smart=true&amp;width=768&amp;height=1152&amp;quality=85\" media=\"(min-width: 768px)\" \/><source srcset=\"https:\/\/www.infobae.com\/resizer\/v2\/4E2XGOTBPZFN5P2RHIWZTPVXL4.jpg?auth=96a121fa22e55d4088a609462306089c720b9fb6ee6c55f619f41c3046a92a16&amp;smart=true&amp;width=577&amp;height=866&amp;quality=85\" media=\"(min-width: 580px)\" \/><source srcset=\"https:\/\/www.infobae.com\/resizer\/v2\/4E2XGOTBPZFN5P2RHIWZTPVXL4.jpg?auth=96a121fa22e55d4088a609462306089c720b9fb6ee6c55f619f41c3046a92a16&amp;smart=true&amp;width=420&amp;height=630&amp;quality=85\" media=\"(min-width: 350px)\" \/><source srcset=\"https:\/\/www.infobae.com\/resizer\/v2\/4E2XGOTBPZFN5P2RHIWZTPVXL4.jpg?auth=96a121fa22e55d4088a609462306089c720b9fb6ee6c55f619f41c3046a92a16&amp;smart=true&amp;width=350&amp;height=525&amp;quality=85\" media=\"(min-width: 80px)\" \/><img loading=\"lazy\" decoding=\"async\" class=\"global-image\" src=\"https:\/\/www.infobae.com\/resizer\/v2\/4E2XGOTBPZFN5P2RHIWZTPVXL4.jpg?auth=96a121fa22e55d4088a609462306089c720b9fb6ee6c55f619f41c3046a92a16&amp;smart=true&amp;width=350&amp;height=525&amp;quality=85\" alt=\"La ceremonia de traslado, anunciada\" width=\"4721\" height=\"7087\" \/><\/picture>La ceremonia de traslado, anunciada por la oficina de prensa del Vaticano, marcar\u00e1 el inicio de un multitudinario homenaje que convocar\u00e1 a peregrinos de todo el mundo en Roma (AFP)<\/div>\n<p class=\"paragraph\" data-mrf-recirculation=\"Links inline\">Como ocurri\u00f3 en 2005 con\u00a0<b>la muerte de Juan Pablo II<\/b>, el funeral del\u00a0<b>papa Francisco<\/b>\u00a0convocar\u00e1 a\u00a0<b>jefes de Estado y monarcas de todo el mundo<\/b>. Diversos l\u00edderes internacionales ya confirmaron su asistencia a la ceremonia. El presidente de Estados Unidos,\u00a0<b>Donald Trump<\/b>, asegur\u00f3 que viajar\u00e1 a Roma junto a su esposa\u00a0<b>Melania Trump<\/b>. \u201c<b>\u00a1Estamos deseando estar all\u00ed!<\/b>\u201d, expres\u00f3 el lunes, en un mensaje que confirma su intenci\u00f3n de rendir homenaje al pont\u00edfice argentino. Tambi\u00e9n asistir\u00e1n el presidente de Francia,\u00a0<b>Emmanuel Macron<\/b>, entre otras delegaciones de representantes oficiales y l\u00edderes religiosos convocados para la ocasi\u00f3n.<\/p>\n<\/div>\n<\/article>\n","protected":false},"excerpt":{"rendered":"<p>El Vaticano\u00a0difundi\u00f3 este\u00a0martes las\u00a0primeras im\u00e1genes del papa Francisco\u00a0dentro del\u00a0f\u00e9retro, tras su fallecimiento el lunes a los 88 a\u00f1os en la\u00a0Casa Santa Marta, su residencia desde el inicio de su pontificado en 2013. Las fotograf\u00edas, captadas durante el\u00a0acto de constataci\u00f3n de la muerte\u00a0a las 20:00 horas (18:00 GMT) del lunes, muestran al pont\u00edfice vestido con una\u00a0t\u00fanica &hellip;<\/p>\n","protected":false},"author":2,"featured_media":7561,"comment_status":"open","ping_status":"open","sticky":false,"template":"","format":"standard","meta":{"footnotes":""},"categories":[54,35],"tags":[518],"class_list":["post-7560","post","type-post","status-publish","format-standard","has-post-thumbnail","hentry","category-interes-ganeral","category-internacionales","tag-papa-francisco"],"_links":{"self":[{"href":"https:\/\/cafeprensa.com.ar\/index.php\/wp-json\/wp\/v2\/posts\/7560","targetHints":{"allow":["GET"]}}],"collection":[{"href":"https:\/\/cafeprensa.com.ar\/index.php\/wp-json\/wp\/v2\/posts"}],"about":[{"href":"https:\/\/cafeprensa.com.ar\/index.php\/wp-json\/wp\/v2\/types\/post"}],"author":[{"embeddable":true,"href":"https:\/\/cafeprensa.com.ar\/index.php\/wp-json\/wp\/v2\/users\/2"}],"replies":[{"embeddable":true,"href":"https:\/\/cafeprensa.com.ar\/index.php\/wp-json\/wp\/v2\/comments?post=7560"}],"version-history":[{"count":2,"href":"https:\/\/cafeprensa.com.ar\/index.php\/wp-json\/wp\/v2\/posts\/7560\/revisions"}],"predecessor-version":[{"id":7563,"href":"https:\/\/cafeprensa.com.ar\/index.php\/wp-json\/wp\/v2\/posts\/7560\/revisions\/7563"}],"wp:featuredmedia":[{"embeddable":true,"href":"https:\/\/cafeprensa.com.ar\/index.php\/wp-json\/wp\/v2\/media\/7561"}],"wp:attachment":[{"href":"https:\/\/cafeprensa.com.ar\/index.php\/wp-json\/wp\/v2\/media?parent=7560"}],"wp:term":[{"taxonomy":"category","embeddable":true,"href":"https:\/\/cafeprensa.com.ar\/index.php\/wp-json\/wp\/v2\/categories?post=7560"},{"taxonomy":"post_tag","embeddable":true,"href":"https:\/\/cafeprensa.com.ar\/index.php\/wp-json\/wp\/v2\/tags?post=7560"}],"curies":[{"name":"wp","href":"https:\/\/api.w.org\/{rel}","templated":true}]}}