{"id":7564,"date":"2025-04-22T13:48:16","date_gmt":"2025-04-22T11:48:16","guid":{"rendered":"https:\/\/cafeprensa.com.ar\/?p=7564"},"modified":"2025-04-22T13:48:35","modified_gmt":"2025-04-22T11:48:35","slug":"el-testamento-espiritual-del-papa-francisco","status":"publish","type":"post","link":"https:\/\/cafeprensa.com.ar\/index.php\/2025\/04\/22\/el-testamento-espiritual-del-papa-francisco\/","title":{"rendered":"El testamento espiritual del Papa Francisco"},"content":{"rendered":"<div class=\"the-post-header s-head-modern s-head-modern-a has-share-meta-right\">\n<div class=\"post-meta post-meta-a post-meta-left post-meta-single has-below\"><em>Se public\u00f3 el documento redactado por Jorge Mario Bergoglio en Santa Marta, el 29 de junio de 2022.<\/em><\/div>\n<\/div>\n<div class=\"the-post s-post-modern\">\n<article id=\"post-74623\" class=\"post-74623 post type-post status-publish format-standard has-post-thumbnail category-internacionales category-destacada-2 tag-el-testamento-del-papa-francisco tag-muerte-del-papa-francisco tag-papa-francisco\">\n<div class=\"post-content-wrap has-share-float\">\n<div class=\"post-content cf entry-content content-spacious\">\n<p>El rito de la constataci\u00f3n de la muerte y la colocaci\u00f3n en el f\u00e9retro del cuerpo del\u00a0<strong>Papa Francisco<\/strong>, tuvo lugar este lunes a las 20 horas en la capilla de la planta baja de la\u00a0<strong>Casa Santa Marta<\/strong>.<\/p>\n<p>Se ley\u00f3 la constataci\u00f3n del fallecimiento. El acto fue validado por el cardenal\u00a0<strong>Kevin Farrell<\/strong>, camarlengo de la\u00a0<strong>Santa Iglesia Romana<\/strong>. La ceremonia dur\u00f3 algo menos de una hora.<\/p>\n<p><em><strong>Luego la\u00a0Oficina de Prensa del\u00a0Vaticano\u00a0dio\u00a0a conocer el\u00a0testamento del\u00a0Papa Francisco, el cual hab\u00eda escrito el\u00a029 de junio de 2022.\u00a0\u00a0<\/strong><\/em><\/p>\n<p>El\u00a0Papa\u00a0especific\u00f3 que deseaba ser enterrado en la tierra en la\u00a0<strong>Bas\u00edlica de Santa Mar\u00eda la Mayor de Roma<\/strong>, en vez de la\u00a0<strong>Bas\u00edlica de San Pedro<\/strong>\u00a0donde estipulaba el anterior protocolo\u00a0papal,\u00a0y \u00absin decoraci\u00f3n particular\u00bb, m\u00e1s que la inscripci\u00f3n de su nombre\u00a0papal\u00a0en lat\u00edn en su lugar de descanso:\u00a0<strong>Franciscus<\/strong>.<\/p>\n<p class=\"has-text-align-center has-large-font-size\"><span style=\"font-size: 18pt;\"><strong>El testamento del Papa Francisco<\/strong><\/span><\/p>\n<p class=\"has-large-font-size\"><em><strong>En el Nombre de la Sant\u00edsima Trinidad. Am\u00e9n.<\/strong><\/em><\/p>\n<p class=\"has-large-font-size\"><em><strong>Sintiendo que se acerca el ocaso de mi vida terrena, y con viva esperanza en la Vida Eterna, deseo expresar mi voluntad\u00a0testamentaria\u00a0s\u00f3lo en cuanto al lugar de mi sepultura.<\/strong><\/em><\/p>\n<p class=\"has-large-font-size\"><em><strong>Mi vida y mi ministerio sacerdotal y episcopal los he confiado siempre a la Madre de Nuestro Se\u00f1or, Mar\u00eda Sant\u00edsima. Por tanto, pido que mis restos mortales descansen esperando el d\u00eda de la resurrecci\u00f3n en la Bas\u00edlica Papal de Santa Mar\u00eda la Mayor.<\/strong><\/em><\/p>\n<p class=\"has-large-font-size\"><em><strong>Deseo que mi \u00faltimo viaje terrenal termine en este antiqu\u00edsimo santuario mariano, al que acud\u00eda en oraci\u00f3n al inicio y al final de cada Viaje Apost\u00f3lico, para encomendar confiadamente mis intenciones a la Madre Inmaculada y agradecerle sus d\u00f3ciles y maternales cuidados.<\/strong><\/em><\/p>\n<p class=\"has-large-font-size\"><em><strong>Pido que se prepare mi sepulcro en el nicho de la nave lateral entre la Capilla Paulina (Capilla de la Salus Populi Romani) y la Capilla Sforza de la citada Bas\u00edlica Papal, como se indica en el anexo adjunto.<\/strong><\/em><\/p>\n<p class=\"has-large-font-size\"><em><strong>El sepulcro debe estar en la tierra; sencillo, sin decoraci\u00f3n particular y con la \u00fanica inscripci\u00f3n: Franciscus.<\/strong><\/em><\/p>\n<p class=\"has-large-font-size\"><em><strong>Los gastos para la preparaci\u00f3n de mi entierro ser\u00e1n cubiertos por la suma del benefactor que he dispuesto, que ser\u00e1 transferida a la Bas\u00edlica Papal de Santa Mar\u00eda la Mayor y para la cual he encargado las oportunas instrucciones al Arzobispo Rolandas Makrickas, Comisario Extraordinario del Cap\u00edtulo Liberiano.<\/strong><\/em><\/p>\n<p class=\"has-large-font-size\"><em><strong>Que el Se\u00f1or d\u00e9 una merecida recompensa a quienes me han amado y seguir\u00e1n rezando por m\u00ed. El sufrimiento que se hizo presente en la \u00faltima parte de mi vida lo ofrec\u00ed al Se\u00f1or por la paz mundial y la fraternidad entre los pueblos.<\/strong><\/em><\/p>\n<p class=\"has-large-font-size\"><em><strong>Santa Marta, 29 junio 2022<\/strong><\/em><\/p>\n<p class=\"has-large-font-size\"><strong>FRANCISCO<\/strong><\/p>\n<\/div>\n<\/div>\n<\/article>\n<\/div>\n","protected":false},"excerpt":{"rendered":"<p>Se public\u00f3 el documento redactado por Jorge Mario Bergoglio en Santa Marta, el 29 de junio de 2022. El rito de la constataci\u00f3n de la muerte y la colocaci\u00f3n en el f\u00e9retro del cuerpo del\u00a0Papa Francisco, tuvo lugar este lunes a las 20 horas en la capilla de la planta baja de la\u00a0Casa Santa Marta. &hellip;<\/p>\n","protected":false},"author":2,"featured_media":7565,"comment_status":"open","ping_status":"open","sticky":false,"template":"","format":"standard","meta":{"footnotes":""},"categories":[54,35],"tags":[518],"class_list":["post-7564","post","type-post","status-publish","format-standard","has-post-thumbnail","hentry","category-interes-ganeral","category-internacionales","tag-papa-francisco"],"_links":{"self":[{"href":"https:\/\/cafeprensa.com.ar\/index.php\/wp-json\/wp\/v2\/posts\/7564","targetHints":{"allow":["GET"]}}],"collection":[{"href":"https:\/\/cafeprensa.com.ar\/index.php\/wp-json\/wp\/v2\/posts"}],"about":[{"href":"https:\/\/cafeprensa.com.ar\/index.php\/wp-json\/wp\/v2\/types\/post"}],"author":[{"embeddable":true,"href":"https:\/\/cafeprensa.com.ar\/index.php\/wp-json\/wp\/v2\/users\/2"}],"replies":[{"embeddable":true,"href":"https:\/\/cafeprensa.com.ar\/index.php\/wp-json\/wp\/v2\/comments?post=7564"}],"version-history":[{"count":2,"href":"https:\/\/cafeprensa.com.ar\/index.php\/wp-json\/wp\/v2\/posts\/7564\/revisions"}],"predecessor-version":[{"id":7567,"href":"https:\/\/cafeprensa.com.ar\/index.php\/wp-json\/wp\/v2\/posts\/7564\/revisions\/7567"}],"wp:featuredmedia":[{"embeddable":true,"href":"https:\/\/cafeprensa.com.ar\/index.php\/wp-json\/wp\/v2\/media\/7565"}],"wp:attachment":[{"href":"https:\/\/cafeprensa.com.ar\/index.php\/wp-json\/wp\/v2\/media?parent=7564"}],"wp:term":[{"taxonomy":"category","embeddable":true,"href":"https:\/\/cafeprensa.com.ar\/index.php\/wp-json\/wp\/v2\/categories?post=7564"},{"taxonomy":"post_tag","embeddable":true,"href":"https:\/\/cafeprensa.com.ar\/index.php\/wp-json\/wp\/v2\/tags?post=7564"}],"curies":[{"name":"wp","href":"https:\/\/api.w.org\/{rel}","templated":true}]}}