{"id":7573,"date":"2025-04-22T14:09:59","date_gmt":"2025-04-22T12:09:59","guid":{"rendered":"https:\/\/cafeprensa.com.ar\/?p=7573"},"modified":"2025-04-22T14:09:59","modified_gmt":"2025-04-22T12:09:59","slug":"el-diputado-tiene-voz","status":"publish","type":"post","link":"https:\/\/cafeprensa.com.ar\/index.php\/2025\/04\/22\/el-diputado-tiene-voz\/","title":{"rendered":"El diputado tiene voz"},"content":{"rendered":"<h1 class=\"page-header\"><span style=\"font-size: 12pt;\">S\u00e1nchez asegur\u00f3 que Catal\u00e1n \u201cjuega para el peronismo\u201d y que la provincia \u201cest\u00e1 estancada\u201d<\/span><\/h1>\n<div class=\"pull-left col-md-6 fotos-containers\"><a class=\"galeria_fotos_nota\" href=\"https:\/\/www.contextotucuman.com\/\/uploads\/2025\/04\/21\/82001_25.jpg\" rel=\"prettyPhoto[pp_gal]\"><img decoding=\"async\" class=\"img-responsive\" src=\"https:\/\/www.contextotucuman.com\/\/uploads\/2025\/04\/21\/82001_25.jpg\" border=\"0\" \/><\/a><\/div>\n<p><b>El diputado nacional Roberto S\u00e1nchez estuvo en el primer programa de El Avispero y puso en duda el rol opositor de La Libertad Avanza en Tucum\u00e1n y cuestion\u00f3 la gesti\u00f3n de Osvaldo Jaldo.\u00a0<\/b>Asegur\u00f3 que \u00abno se escuch\u00f3 hablar mal de la provincia\u00bb desde el espacio libertario y remarc\u00f3 que \u00abcuando viene Catal\u00e1n le hacen un reportaje, dice \u2018en Tucum\u00e1n hay que hacer esto, esto y esto\u2019 y despu\u00e9s se va a hablar con Jaldo\u00bb.<\/p>\n<p>\u00abLa Libertad Avanza no es oposici\u00f3n en la provincia\u00bb, dispar\u00f3 el radical. Y agreg\u00f3: <strong>\u00abEl gobierno de la Provincia tampoco habla. Algo hay a nivel gobierno tanto nacional como provincia\u00bb.<\/strong><\/p>\n<p>S\u00e1nchez aclar\u00f3 que, a nivel nacional, el bloque al que pertenece acompa\u00f1\u00f3 al gobierno de Javier Milei en temas clave como la Ley Bases, siempre que no afectaran a las econom\u00edas regionales. <strong>\u00abSacamos lo que afectaba a la ca\u00f1a de az\u00facar y acompa\u00f1amos\u00bb, sostuvo, al tiempo que marc\u00f3 diferencias en temas sensibles como los haberes jubilatorios y el ajuste a las universidades. \u00abAh\u00ed estuvimos en desacuerdo, porque los jubilados la est\u00e1n pasando mal y la siguen pasando mal\u00bb, dijo.<\/strong><\/p>\n<p>El dirigente tambi\u00e9n confirm\u00f3 que est\u00e1 en conversaciones con distintos espacios para conformar un frente amplio de cara a las elecciones legislativas del 2025, donde se renovar\u00e1n bancas de diputados nacionales por Tucum\u00e1n. Incluso dijo que est\u00e1n <strong>\u00ablos brazos abiertos\u00bb<\/strong> para que La Libertad Avanza se sume, pero bajo ciertas reglas internas de juego:<strong> \u00abHay metodolog\u00edas para determinar qui\u00e9n encabeza. Est\u00e1n las encuestas y se ve qui\u00e9n est\u00e1 mejor posicionado\u00bb.<\/strong><\/p>\n<p><u><strong>Cr\u00edticas al PJ tucumano<\/strong><\/u><\/p>\n<p>S\u00e1nchez volvi\u00f3 a marcar que su principal objetivo es disputarle el poder al peronismo provincial. <strong>\u00abVenimos peleando a este gobierno que no es el mejor que se merece la provincia de Tucum\u00e1n. No hay una sola obra p\u00fablica. Jaldo paga sueldos y con eso est\u00e1n satisfechos. La provincia tiene la mayor presi\u00f3n fiscal del pa\u00eds y est\u00e1 estancada\u00bb,<\/strong> afirm\u00f3. Respecto al panorama interno de la UCR, sostuvo que mantiene di\u00e1logo con referentes como <strong>Mariano Campero y Pablo Macchiarolla<\/strong>, y fue cauto al referirse a los radicales que se acercaron al oficialismo nacional: <strong>\u00abNo me gusta criticar, pero espero que recapaciten y vuelvan a las filas de nuestro espacio\u00bb<\/strong><\/p>\n","protected":false},"excerpt":{"rendered":"<p>S\u00e1nchez asegur\u00f3 que Catal\u00e1n \u201cjuega para el peronismo\u201d y que la provincia \u201cest\u00e1 estancada\u201d El diputado nacional Roberto S\u00e1nchez estuvo en el primer programa de El Avispero y puso en duda el rol opositor de La Libertad Avanza en Tucum\u00e1n y cuestion\u00f3 la gesti\u00f3n de Osvaldo Jaldo.\u00a0Asegur\u00f3 que \u00abno se escuch\u00f3 hablar mal de la &hellip;<\/p>\n","protected":false},"author":2,"featured_media":7575,"comment_status":"open","ping_status":"open","sticky":false,"template":"","format":"standard","meta":{"footnotes":""},"categories":[34,25],"tags":[493],"class_list":["post-7573","post","type-post","status-publish","format-standard","has-post-thumbnail","hentry","category-locales","category-politica","tag-roberto-sanchez"],"_links":{"self":[{"href":"https:\/\/cafeprensa.com.ar\/index.php\/wp-json\/wp\/v2\/posts\/7573","targetHints":{"allow":["GET"]}}],"collection":[{"href":"https:\/\/cafeprensa.com.ar\/index.php\/wp-json\/wp\/v2\/posts"}],"about":[{"href":"https:\/\/cafeprensa.com.ar\/index.php\/wp-json\/wp\/v2\/types\/post"}],"author":[{"embeddable":true,"href":"https:\/\/cafeprensa.com.ar\/index.php\/wp-json\/wp\/v2\/users\/2"}],"replies":[{"embeddable":true,"href":"https:\/\/cafeprensa.com.ar\/index.php\/wp-json\/wp\/v2\/comments?post=7573"}],"version-history":[{"count":1,"href":"https:\/\/cafeprensa.com.ar\/index.php\/wp-json\/wp\/v2\/posts\/7573\/revisions"}],"predecessor-version":[{"id":7576,"href":"https:\/\/cafeprensa.com.ar\/index.php\/wp-json\/wp\/v2\/posts\/7573\/revisions\/7576"}],"wp:featuredmedia":[{"embeddable":true,"href":"https:\/\/cafeprensa.com.ar\/index.php\/wp-json\/wp\/v2\/media\/7575"}],"wp:attachment":[{"href":"https:\/\/cafeprensa.com.ar\/index.php\/wp-json\/wp\/v2\/media?parent=7573"}],"wp:term":[{"taxonomy":"category","embeddable":true,"href":"https:\/\/cafeprensa.com.ar\/index.php\/wp-json\/wp\/v2\/categories?post=7573"},{"taxonomy":"post_tag","embeddable":true,"href":"https:\/\/cafeprensa.com.ar\/index.php\/wp-json\/wp\/v2\/tags?post=7573"}],"curies":[{"name":"wp","href":"https:\/\/api.w.org\/{rel}","templated":true}]}}