{"id":7577,"date":"2025-04-22T14:17:04","date_gmt":"2025-04-22T12:17:04","guid":{"rendered":"https:\/\/cafeprensa.com.ar\/?p=7577"},"modified":"2025-04-22T14:17:04","modified_gmt":"2025-04-22T12:17:04","slug":"agredieron-a-roberto-navarro-director-de-el-destape","status":"publish","type":"post","link":"https:\/\/cafeprensa.com.ar\/index.php\/2025\/04\/22\/agredieron-a-roberto-navarro-director-de-el-destape\/","title":{"rendered":"Agredieron a Roberto Navarro, director de El Destape:"},"content":{"rendered":"<p class=\"page-header\"><strong>Denuncian que \u201cUn golpe muy fuerte\u201d.<\/strong><\/p>\n<div class=\"pull-left col-md-6 fotos-containers\"><a class=\"galeria_fotos_nota\" href=\"https:\/\/www.contextotucuman.com\/\/uploads\/2025\/04\/21\/89879_6.jpg\" rel=\"prettyPhoto[pp_gal]\"><img decoding=\"async\" class=\"img-responsive\" src=\"https:\/\/www.contextotucuman.com\/\/uploads\/2025\/04\/21\/89879_6.jpg\" border=\"0\" \/><\/a><\/p>\n<div class=\"container-fluid noPadding galeria_fotos_nota\">\n<div class=\"\">El periodista director del sitio <strong>El Destape, Roberto Navarro<\/strong>, fue agredido este lunes en la v\u00eda p\u00fablica por una persona que, seg\u00fan informa el medio que dirige, lo golpe\u00f3 en la cabeza, a la altura de la espalda.<\/div>\n<\/div>\n<p>De acuerdo a lo publicado por el sitio web que dirige, Navarro se encontraba este lunes por la tarde transitando por el centro de la Ciudad de Buenos Aires cuando una persona, a\u00fan no identificada, <strong>\u201clo golpe\u00f3 brutalmente en la cabeza, a la altura de la nuca, por la espalda y sin mediar palabra\u201d.<\/strong><br \/>\nTras la agresi\u00f3n, Navarro se traslad\u00f3 por sus propios medios a una cl\u00ednica con el objetivo de realizarse estudios y un control m\u00e9dico debido a los golpes. Desde El Destape precisaron que su vida no corre peligro, pero que posee <strong>\u201csignos visibles de la agresi\u00f3n\u201d.<\/strong><br \/>\nEl periodista Mariano Martin indic\u00f3 en <strong>Radio El Destape<\/strong> que tiene la cara <strong>\u00abtotalmente hinchada\u00bb<\/strong> y que el director del multimedio est\u00e1 \u00abmuy golpeado\u00bb. Al mismo tiempo, el conductor de radio dijo que Navarro le transmiti\u00f3 que el ataque que recibi\u00f3, dijo, \u00abtiene alg\u00fan tipo de inspiraci\u00f3n en las palabras de Javier Milei cuando dice que los periodistas no han sido lo suficientemente rechazados por la poblaci\u00f3n\u00bb. \/<a href=\"https:\/\/www.clarin.com\/sociedad\/denuncian-agredieron-roberto-navarro-director-destape_0_xMKSmnVCTK.html\">Clarin<\/a><\/div>\n","protected":false},"excerpt":{"rendered":"<p>Denuncian que \u201cUn golpe muy fuerte\u201d. El periodista director del sitio El Destape, Roberto Navarro, fue agredido este lunes en la v\u00eda p\u00fablica por una persona que, seg\u00fan informa el medio que dirige, lo golpe\u00f3 en la cabeza, a la altura de la espalda. De acuerdo a lo publicado por el sitio web que dirige, &hellip;<\/p>\n","protected":false},"author":2,"featured_media":7578,"comment_status":"open","ping_status":"open","sticky":false,"template":"","format":"standard","meta":{"footnotes":""},"categories":[33,25],"tags":[1821,1822],"class_list":["post-7577","post","type-post","status-publish","format-standard","has-post-thumbnail","hentry","category-nacionales","category-politica","tag-el-destape","tag-roberto-navarro"],"_links":{"self":[{"href":"https:\/\/cafeprensa.com.ar\/index.php\/wp-json\/wp\/v2\/posts\/7577","targetHints":{"allow":["GET"]}}],"collection":[{"href":"https:\/\/cafeprensa.com.ar\/index.php\/wp-json\/wp\/v2\/posts"}],"about":[{"href":"https:\/\/cafeprensa.com.ar\/index.php\/wp-json\/wp\/v2\/types\/post"}],"author":[{"embeddable":true,"href":"https:\/\/cafeprensa.com.ar\/index.php\/wp-json\/wp\/v2\/users\/2"}],"replies":[{"embeddable":true,"href":"https:\/\/cafeprensa.com.ar\/index.php\/wp-json\/wp\/v2\/comments?post=7577"}],"version-history":[{"count":1,"href":"https:\/\/cafeprensa.com.ar\/index.php\/wp-json\/wp\/v2\/posts\/7577\/revisions"}],"predecessor-version":[{"id":7579,"href":"https:\/\/cafeprensa.com.ar\/index.php\/wp-json\/wp\/v2\/posts\/7577\/revisions\/7579"}],"wp:featuredmedia":[{"embeddable":true,"href":"https:\/\/cafeprensa.com.ar\/index.php\/wp-json\/wp\/v2\/media\/7578"}],"wp:attachment":[{"href":"https:\/\/cafeprensa.com.ar\/index.php\/wp-json\/wp\/v2\/media?parent=7577"}],"wp:term":[{"taxonomy":"category","embeddable":true,"href":"https:\/\/cafeprensa.com.ar\/index.php\/wp-json\/wp\/v2\/categories?post=7577"},{"taxonomy":"post_tag","embeddable":true,"href":"https:\/\/cafeprensa.com.ar\/index.php\/wp-json\/wp\/v2\/tags?post=7577"}],"curies":[{"name":"wp","href":"https:\/\/api.w.org\/{rel}","templated":true}]}}