{"id":7580,"date":"2025-04-22T14:24:47","date_gmt":"2025-04-22T12:24:47","guid":{"rendered":"https:\/\/cafeprensa.com.ar\/?p=7580"},"modified":"2025-04-22T14:25:03","modified_gmt":"2025-04-22T12:25:03","slug":"elena-la-unica-hermana-del-papa-francisco-que-sigue-vivapor-que-nunca-volvio-a-verlo-desde-2013","status":"publish","type":"post","link":"https:\/\/cafeprensa.com.ar\/index.php\/2025\/04\/22\/elena-la-unica-hermana-del-papa-francisco-que-sigue-vivapor-que-nunca-volvio-a-verlo-desde-2013\/","title":{"rendered":"Elena, la \u00fanica hermana del papa Francisco que sigue viva:por qu\u00e9 nunca volvi\u00f3 a verlo desde 2013"},"content":{"rendered":"<header class=\"news-headline\">\n<p class=\"news-headline__title\"><strong><span style=\"font-size: 16px;\">La mujer es la menor de cinco hermanos en la familia Bergoglio. Deteriorada por su salud, hoy vive bajo cuidado de unas monjas. <\/span><\/strong><\/p>\n<p class=\"news-headline__title\"><strong><span style=\"font-size: 16px;\">El abrazo que nunca pudo volver a darle a Jorge Mario. <\/span><\/strong><span style=\"font-size: 12pt; font-weight: bold;\">Uno de los lazos m\u00e1s \u00edntimos y sensibles que qued\u00f3 marcado por esa ausencia fue el de\u00a0<\/span><strong style=\"font-size: 12pt;\"><a href=\"https:\/\/www.losandes.com.ar\/maria-elena-bergoglio-emocionada-muestras-amor-hacia-hermano-703097\" target=\"_blank\" rel=\"follow noopener\">su hermana menor, Mar\u00eda Elena Bergoglio<\/a><\/strong><span style=\"font-size: 12pt; font-weight: bold;\">, la\u00a0<\/span><strong style=\"font-size: 12pt;\">\u00fanica sobreviviente de los cinco hermanos.<\/strong><\/p>\n<p class=\"news-headline__title\"><span style=\"font-size: 12pt; font-weight: bold;\">Mar\u00eda Elena era la menor de todos los hermanos, mientras que Jorge Mario era el mayor. <\/span><strong style=\"font-size: 12pt;\">Con 11 a\u00f1os de diferencia, Mar\u00eda Elena y Jorge Bergoglio compartieron una relaci\u00f3n entra\u00f1able,<\/strong><span style=\"font-size: 12pt; font-weight: bold;\">\u00a0de esas que no se desgastan con los kil\u00f3metros. Sin embargo,\u00a0<\/span><strong style=\"font-size: 12pt;\">el abrazo entre ambos jam\u00e1s se concret\u00f3\u00a0<\/strong><span style=\"font-size: 12pt; font-weight: bold;\">desde aquel d\u00eda en que \u00e9l parti\u00f3 a Roma para asistir al c\u00f3nclave que lo transform\u00f3 en pont\u00edfice.<\/span><\/p>\n<\/header>\n<div class=\"detail-gallery\">\n<div class=\"detail-gallery__slide-wrapper\">\n<div class=\"detail-gallery__slide\">\n<figure class=\"detail-gallery__figure\">\n<article class=\"article-body article-body--fourth-paragraph\">\n<div id=\"616190-Libre-680011842_wrap\" class=\"embed_cont type_imagen\" contenteditable=\"false\">\n<div id=\"616190-Libre-680011842_content\" class=\"embed_content\"><img decoding=\"async\" id=\"616190-Libre-680011842_embed\" title=\"Mar\u00eda Elena Bergoglio nunca volvi\u00f3 a ver a su hermano mayor Jorge Mario desde que \u00e9l se convirti\u00f3 en el papa Francisco en 2013\" src=\"https:\/\/media.losandes.com.ar\/p\/540f3699250aa6ff48a938d81794d3b1\/adjuntos\/368\/imagenes\/100\/616\/0100616501\/1000x0\/smart\/maria-elena-bergoglio-nunca-volvio-ver-su-hermano-mayor-jorge-mario-que-el-se-convirtio-el-papa-francisco-2013.jpg\" alt=\"Mar\u00eda Elena Bergoglio nunca volvi\u00f3 a ver a su hermano mayor Jorge Mario desde que \u00e9l se convirti\u00f3 en el papa Francisco en 2013\" width=\"1000\" height=\"undefined\" data-td-src-property=\"https:\/\/media.losandes.com.ar\/p\/540f3699250aa6ff48a938d81794d3b1\/adjuntos\/368\/imagenes\/100\/616\/0100616501\/1000x0\/smart\/maria-elena-bergoglio-nunca-volvio-ver-su-hermano-mayor-jorge-mario-que-el-se-convirtio-el-papa-francisco-2013.jpg\" \/><\/div>\n<div id=\"616190-Libre-680011842_epigrafe\" class=\"embed_epigrafe\">\n<p>Mar\u00eda Elena Bergoglio nunca volvi\u00f3 a ver a su hermano mayor Jorge Mario desde que \u00e9l se convirti\u00f3 en el papa Francisco en 2013<\/p>\n<\/div>\n<div id=\"616190-Libre-680011842_copyright\" class=\"embed_copyright\">Archivo<\/div>\n<\/div>\n<h2 data-start=\"1050\" data-end=\"1100\">Una conexi\u00f3n profunda, a pesar de la distancia<\/h2>\n<p class=\"\" data-start=\"1102\" data-end=\"1438\"><strong>A pesar de la distancia geogr\u00e1fica, los hermanos manten\u00edan contacto frecuente.<\/strong>\u00a0\u00abHablamos una vez por semana, nos escribimos cartas&#8230; hasta hace poco \u00e9l cocinaba cuando nos ve\u00edamos. Le encantaban sus calamares rellenos y el risotto de hongos que aprendi\u00f3 de nuestra abuela italiana\u00bb, cont\u00f3 Mar\u00eda Elena en una entrevista con\u00a0<em data-start=\"1426\" data-end=\"1437\">La Naci\u00f3n<\/em>, all\u00e1 por 2013.<\/p>\n<\/article>\n<article class=\"article-body article-body--fifth-paragraph\">\n<p class=\"\" data-start=\"1440\" data-end=\"1750\">Pero con el paso del tiempo, su salud se debilit\u00f3.\u00a0<strong>Separada, con dos hijos, deteriorada f\u00edsicamente y bajo cuidado de monjas en una instituci\u00f3n religiosa en las afueras de Buenos Aires, los m\u00e9dicos le desaconsejaron a Elena viajar al Vaticano<\/strong>. Las emociones pod\u00edan jugarle una mala pasada. As\u00ed, aquel abrazo qued\u00f3 postergado, una y otra vez.<\/p>\n<\/article>\n<article class=\"article-body article-body--third-paragraph\">\n<p class=\"\" data-start=\"1752\" data-end=\"2081\">Durante una audiencia con el\u00a0<strong>sindicalista Rodolfo Aguiar<\/strong>, ya en sus \u00faltimos d\u00edas,<strong>\u00a0Francisco mencion\u00f3 con tristeza c\u00f3mo su hermana padec\u00eda el brutal aumento del costo de vida en Argentina:<\/strong>\u00a0\u00abSus medicamentos se triplicaron\u00bb, dijo. Incluso en su rol de l\u00edder mundial, Jorge no se despeg\u00f3 nunca de su ra\u00edz ni de su familia.<\/p>\n<div id=\"616192-Libre-1786196796_wrap\" class=\"embed_cont type_imagen\" contenteditable=\"false\">\n<div id=\"616192-Libre-1786196796_content\" class=\"embed_content\"><img decoding=\"async\" id=\"616192-Libre-1786196796_embed\" title=\"Mar\u00eda Elena Bergoglio nunca volvi\u00f3 a ver a su hermano mayor Jorge Mario desde que \u00e9l se convirti\u00f3 en el papa Francisco en 2013\" src=\"https:\/\/media.losandes.com.ar\/p\/ee4b3f39cb95b4c025a5dcd745d84c5f\/adjuntos\/368\/imagenes\/100\/616\/0100616503\/1000x0\/smart\/maria-elena-bergoglio-nunca-volvio-ver-su-hermano-mayor-jorge-mario-que-el-se-convirtio-el-papa-francisco-2013.jpg\" alt=\"Mar\u00eda Elena Bergoglio nunca volvi\u00f3 a ver a su hermano mayor Jorge Mario desde que \u00e9l se convirti\u00f3 en el papa Francisco en 2013\" width=\"1000\" height=\"undefined\" data-td-src-property=\"https:\/\/media.losandes.com.ar\/p\/ee4b3f39cb95b4c025a5dcd745d84c5f\/adjuntos\/368\/imagenes\/100\/616\/0100616503\/1000x0\/smart\/maria-elena-bergoglio-nunca-volvio-ver-su-hermano-mayor-jorge-mario-que-el-se-convirtio-el-papa-francisco-2013.jpg\" \/><\/div>\n<div id=\"616192-Libre-1786196796_epigrafe\" class=\"embed_epigrafe\">\n<p>Mar\u00eda Elena Bergoglio nunca volvi\u00f3 a ver a su hermano mayor Jorge Mario desde que \u00e9l se convirti\u00f3 en el papa Francisco en 2013<\/p>\n<\/div>\n<div id=\"616192-Libre-1786196796_copyright\" class=\"embed_copyright\">Archivo<\/div>\n<\/div>\n<h2 data-start=\"2088\" data-end=\"2130\">Un gesto art\u00edstico que cruz\u00f3 fronteras<\/h2>\n<p class=\"\" data-start=\"2132\" data-end=\"2583\">A pesar de los a\u00f1os sin verse, hubo un\u00a0<strong>momento muy especial\u00a0<\/strong>que logr\u00f3\u00a0<strong>unirlos\u00a0<\/strong>simb\u00f3licamente. En 2019, el artista\u00a0<strong>Gustavo Mass\u00f3<\/strong>, amigo del Papa, le entreg\u00f3 una escultura con la forma de una mano femenina y un mensaje grabado que conmovi\u00f3 profundamente a Francisco.\u00a0<strong>La escultura era la mano de Mar\u00eda Elena, y el mensaje dec\u00eda:<\/strong><\/p>\n<p><strong data-start=\"2451\" data-end=\"2583\">\u00abMir\u00e1 que me gustar\u00eda estar con vos y abrazarte. Creeme que estamos abrazados. A pesar de las distancias estamos muy abrazados\u00bb<\/strong>, declar\u00f3.<\/p>\n<p class=\"\" data-start=\"2585\" data-end=\"2857\">Seg\u00fan Mass\u00f3, el Papa no pudo contener la emoci\u00f3n. Acarici\u00f3 esa escultura como si pudiera tocarla a ella, su hermana, su familia, su tierra. Esa mano permaneci\u00f3 hasta el final sobre su escritorio en el Vaticano. Fue el abrazo que nunca ocurri\u00f3 en persona, pero que s\u00ed se dio en el coraz\u00f3n.<\/p>\n<div id=\"616193-Libre-1371464508_wrap\" class=\"embed_cont type_imagen\" contenteditable=\"false\">\n<div id=\"616193-Libre-1371464508_content\" class=\"embed_content\"><img decoding=\"async\" id=\"616193-Libre-1371464508_embed\" title=\" El artista Gustavo Mass\u00f3, amigo del papa Francisco, le entreg\u00f3 una escultura con la forma de una mano: era la de su hermana Elena Bergoglio\" src=\"https:\/\/media.losandes.com.ar\/p\/c8f177b33ab4a8a5d697defd0ba7c960\/adjuntos\/368\/imagenes\/100\/616\/0100616504\/1000x0\/smart\/el-artista-gustavo-masso-amigo-del-papa-francisco-le-entrego-una-escultura-la-forma-una-mano-era-la-su-hermana-elena-bergoglio.jpg\" alt=\" El artista Gustavo Mass\u00f3, amigo del papa Francisco, le entreg\u00f3 una escultura con la forma de una mano: era la de su hermana Elena Bergoglio\" width=\"1000\" height=\"undefined\" \/><\/div>\n<div id=\"616193-Libre-1371464508_epigrafe\" class=\"embed_epigrafe\">\n<p>El artista Gustavo Mass\u00f3, amigo del papa Francisco, le entreg\u00f3 una escultura con la forma de una mano: era la de su hermana Elena Bergoglio<\/p>\n<\/div>\n<\/div>\n<\/article>\n<\/figure>\n<\/div>\n<\/div>\n<\/div>\n","protected":false},"excerpt":{"rendered":"<p>La mujer es la menor de cinco hermanos en la familia Bergoglio. Deteriorada por su salud, hoy vive bajo cuidado de unas monjas. El abrazo que nunca pudo volver a darle a Jorge Mario. Uno de los lazos m\u00e1s \u00edntimos y sensibles que qued\u00f3 marcado por esa ausencia fue el de\u00a0su hermana menor, Mar\u00eda Elena &hellip;<\/p>\n","protected":false},"author":2,"featured_media":7581,"comment_status":"open","ping_status":"open","sticky":false,"template":"","format":"standard","meta":{"footnotes":""},"categories":[54,33],"tags":[1828,1825,1824,1827,1826,1823],"class_list":["post-7580","post","type-post","status-publish","format-standard","has-post-thumbnail","hentry","category-interes-ganeral","category-nacionales","tag-de-esas-que-no-se-desgastan-con-los-kilometros-sin-embargo","tag-la-unica-sobreviviente-de-los-cinco-hermanos-maria-elena-era-la-menor-de-todos-los-hermanos","tag-maria-elena-bergoglio","tag-maria-elena-y-jorge-bergoglio-compartieron-una-relacion-entranable","tag-mientras-que-jorge-mario-era-el-mayor-con-11-anos-de-diferencia","tag-uno-de-los-lazos-mas-intimos-y-sensibles-que-quedo-marcado-por-esa-ausencia-fue-el-de-su-hermana-menor"],"_links":{"self":[{"href":"https:\/\/cafeprensa.com.ar\/index.php\/wp-json\/wp\/v2\/posts\/7580","targetHints":{"allow":["GET"]}}],"collection":[{"href":"https:\/\/cafeprensa.com.ar\/index.php\/wp-json\/wp\/v2\/posts"}],"about":[{"href":"https:\/\/cafeprensa.com.ar\/index.php\/wp-json\/wp\/v2\/types\/post"}],"author":[{"embeddable":true,"href":"https:\/\/cafeprensa.com.ar\/index.php\/wp-json\/wp\/v2\/users\/2"}],"replies":[{"embeddable":true,"href":"https:\/\/cafeprensa.com.ar\/index.php\/wp-json\/wp\/v2\/comments?post=7580"}],"version-history":[{"count":1,"href":"https:\/\/cafeprensa.com.ar\/index.php\/wp-json\/wp\/v2\/posts\/7580\/revisions"}],"predecessor-version":[{"id":7582,"href":"https:\/\/cafeprensa.com.ar\/index.php\/wp-json\/wp\/v2\/posts\/7580\/revisions\/7582"}],"wp:featuredmedia":[{"embeddable":true,"href":"https:\/\/cafeprensa.com.ar\/index.php\/wp-json\/wp\/v2\/media\/7581"}],"wp:attachment":[{"href":"https:\/\/cafeprensa.com.ar\/index.php\/wp-json\/wp\/v2\/media?parent=7580"}],"wp:term":[{"taxonomy":"category","embeddable":true,"href":"https:\/\/cafeprensa.com.ar\/index.php\/wp-json\/wp\/v2\/categories?post=7580"},{"taxonomy":"post_tag","embeddable":true,"href":"https:\/\/cafeprensa.com.ar\/index.php\/wp-json\/wp\/v2\/tags?post=7580"}],"curies":[{"name":"wp","href":"https:\/\/api.w.org\/{rel}","templated":true}]}}