{"id":7628,"date":"2025-04-24T02:14:26","date_gmt":"2025-04-24T00:14:26","guid":{"rendered":"https:\/\/cafeprensa.com.ar\/?p=7628"},"modified":"2025-04-24T02:15:48","modified_gmt":"2025-04-24T00:15:48","slug":"la-ciudaddes-de-san-miguel-y-concecpcion-unidas-por-el-parque-nacional-aconquija","status":"publish","type":"post","link":"https:\/\/cafeprensa.com.ar\/index.php\/2025\/04\/24\/la-ciudaddes-de-san-miguel-y-concecpcion-unidas-por-el-parque-nacional-aconquija\/","title":{"rendered":"Las ciudades de San Miguel y Concepci\u00f2n unidas por el Parque Nacional Aconquija"},"content":{"rendered":"<section class=\"principal\">\n<div class=\"fullpost__encabezado \">\n<p class=\"fullpost__titulo\">La Capital y Concepci\u00f3n tienden lazos para promocionar el Parque Nacional Aconquija<\/p>\n<p class=\"fullpost__copete\">As\u00ed lo acordaron la intendenta <strong>Rossana Chahla y su par de la \u201cPerla del Sur\u201d, Alejandro Molinuevo<\/strong>, quienes se reunieron este mi\u00e9rcoles para definir acciones de colaboraci\u00f3n entre ambas ciudades. <strong>Los municipios de San Miguel y de Concepci\u00f3n<\/strong> trabajar\u00e1n mancomunadamente para promocionar al Parque Nacional Aconquija, que est\u00e1 ubicado en el sur de la provincia, para potenciarlo como atractivo para el desarrollo del turismo interno y externo.<\/p>\n<p><img loading=\"lazy\" decoding=\"async\" class=\"alignnone wp-image-7629 size-large\" src=\"https:\/\/cafeprensa.com.ar\/wp-content\/uploads\/2025\/04\/multimedia.grande.9a5dc33d5700140e.Z3JhbmRlLndlYnA-1024x682.webp\" alt=\"\" width=\"1024\" height=\"682\" srcset=\"https:\/\/cafeprensa.com.ar\/wp-content\/uploads\/2025\/04\/multimedia.grande.9a5dc33d5700140e.Z3JhbmRlLndlYnA-1024x682.webp 1024w, https:\/\/cafeprensa.com.ar\/wp-content\/uploads\/2025\/04\/multimedia.grande.9a5dc33d5700140e.Z3JhbmRlLndlYnA-300x200.webp 300w, https:\/\/cafeprensa.com.ar\/wp-content\/uploads\/2025\/04\/multimedia.grande.9a5dc33d5700140e.Z3JhbmRlLndlYnA-768x512.webp 768w, https:\/\/cafeprensa.com.ar\/wp-content\/uploads\/2025\/04\/multimedia.grande.9a5dc33d5700140e.Z3JhbmRlLndlYnA-1536x1024.webp 1536w, https:\/\/cafeprensa.com.ar\/wp-content\/uploads\/2025\/04\/multimedia.grande.9a5dc33d5700140e.Z3JhbmRlLndlYnA-2048x1365.webp 2048w\" sizes=\"auto, (max-width: 1024px) 100vw, 1024px\" \/><\/p>\n<\/div>\n<\/section>\n<section class=\"extra1\">\n<div class=\"fullpost__main \">\n<div class=\"fullpost__cuerpo\">\n<p>As\u00ed lo acordaron este mi\u00e9rcoles la intendenta\u00a0<strong>Rossana Chahla<\/strong>\u00a0y su par de la \u201cPerla del Sur\u201d,\u00a0<strong>Alejandro Molinuevo<\/strong>, quienes se reunieron a los fines de definir una agenda en com\u00fan y establecer lineamientos de colaboraci\u00f3n rec\u00edproca entre las dos ciudades m\u00e1s importantes de la provincia.<\/p>\n<p>De la audiencia, que se realiz\u00f3 en la sede municipal de 9 de Julio y Lavalle, tambi\u00e9n participaron funcionarios del gabinete municipal y el nuevo intendente del Parque Nacional Aconquija,\u00a0<strong>Fernando Moray<\/strong>.<\/p>\n<p><strong>\u201cVamos a trabajar de forma comprometida en el cuidado y en la promoci\u00f3n del Parque Nacional Aconquija, que es el \u00fanico parque nacional que tiene Tucum\u00e1n y que queremos que nuestra gente conozca y que todos puedan visitarlo\u201d<\/strong>, expres\u00f3 Chahla al finalizar la reuni\u00f3n.<\/p>\n<p>La intendente agreg\u00f3 que para avanzar con esa premisa el Municipio de San Miguel de Tucum\u00e1n facilitar\u00e1 el traslado gratuito de vecinos y turistas que est\u00e9n interesados en conocer esta maravilla natural ubicada en el sur de la provincia.<\/p>\n<p>\u201cVamos a trabajar de manera coordinada con la Municipalidad de Concepci\u00f3n y la Intendencia del Parque Nacional Aconquija para que nuestros vecinos y tambi\u00e9n los turistas que lleguen de otras provincias y de distintas partes del mundo puedan conocer este lugar, que es de una belleza incre\u00edble y es el \u00fanico parque nacional que tiene Tucum\u00e1n, que cuenta con gu\u00edas y con guardaparques\u201d, remarc\u00f3 Chahla.<\/p>\n<p><img loading=\"lazy\" decoding=\"async\" class=\"alignnone wp-image-7631 size-large\" src=\"https:\/\/cafeprensa.com.ar\/wp-content\/uploads\/2025\/04\/multimedia.normal.bf32f6c16a31aee5.bm9ybWFsLndlYnA-1024x682.webp\" alt=\"\" width=\"1024\" height=\"682\" srcset=\"https:\/\/cafeprensa.com.ar\/wp-content\/uploads\/2025\/04\/multimedia.normal.bf32f6c16a31aee5.bm9ybWFsLndlYnA-1024x682.webp 1024w, https:\/\/cafeprensa.com.ar\/wp-content\/uploads\/2025\/04\/multimedia.normal.bf32f6c16a31aee5.bm9ybWFsLndlYnA-300x200.webp 300w, https:\/\/cafeprensa.com.ar\/wp-content\/uploads\/2025\/04\/multimedia.normal.bf32f6c16a31aee5.bm9ybWFsLndlYnA-768x511.webp 768w, https:\/\/cafeprensa.com.ar\/wp-content\/uploads\/2025\/04\/multimedia.normal.bf32f6c16a31aee5.bm9ybWFsLndlYnA.webp 1221w\" sizes=\"auto, (max-width: 1024px) 100vw, 1024px\" \/><\/p>\n<p><strong>A su turno, Molinuevo agradeci\u00f3 la predisposici\u00f3n del Municipio capitalino de colaborar en las tareas de promoci\u00f3n y difusi\u00f3n del Parque Nacional Aconquija. \u201cRossana Chahla es realmente una persona abierta y generosa, dispuesta a ayudarnos a visibilizar nuestro parque nacional, que tiene una belleza incre\u00edble y que tienen que conocerlo todos los tucumanos, por lo que se comprometi\u00f3 a brindarnos un espacio en la oficina de Turismo para difundirlo\u201d, expres\u00f3.<\/strong><\/p>\n<p>El intendente de Concepci\u00f3n dijo que en la reuni\u00f3n tambi\u00e9n se analiz\u00f3 la posibilidad de firmar un convenio entre ambos municipios para coordinar el traslado de visitantes, desde San Miguel de Tucum\u00e1n hasta el Parque Nacional Aconquija.<\/p>\n<p>Por su parte, Moray cont\u00f3 que<strong> \u201chay una necesidad de darles a conocer el Parque Nacional Aconquija a todos los tucumanos, que es una joya que tiene la provincia\u201d. Agreg\u00f3 que \u201cen esta primera charla se analiz\u00f3 c\u00f3mo articular el tema del transporte para el traslado de la gente que se acerque a la Direcci\u00f3n de Turismo de la Municipalidad de San Miguel de Tucum\u00e1n hasta los portales del Parque Nacional\u201d.\u00a0<\/strong><\/p>\n<\/div>\n<\/div>\n<\/section>\n","protected":false},"excerpt":{"rendered":"<p>La Capital y Concepci\u00f3n tienden lazos para promocionar el Parque Nacional Aconquija As\u00ed lo acordaron la intendenta Rossana Chahla y su par de la \u201cPerla del Sur\u201d, Alejandro Molinuevo, quienes se reunieron este mi\u00e9rcoles para definir acciones de colaboraci\u00f3n entre ambas ciudades. Los municipios de San Miguel y de Concepci\u00f3n trabajar\u00e1n mancomunadamente para promocionar al &hellip;<\/p>\n","protected":false},"author":2,"featured_media":7630,"comment_status":"open","ping_status":"open","sticky":false,"template":"","format":"standard","meta":{"footnotes":""},"categories":[34,25],"tags":[1851],"class_list":["post-7628","post","type-post","status-publish","format-standard","has-post-thumbnail","hentry","category-locales","category-politica","tag-alejandro-molinuevo-municipalidad-de-concepcion-municipalidad-de-san-miguel-de-tucuman-parque-nacional-aconquija-rossana-chahla"],"_links":{"self":[{"href":"https:\/\/cafeprensa.com.ar\/index.php\/wp-json\/wp\/v2\/posts\/7628","targetHints":{"allow":["GET"]}}],"collection":[{"href":"https:\/\/cafeprensa.com.ar\/index.php\/wp-json\/wp\/v2\/posts"}],"about":[{"href":"https:\/\/cafeprensa.com.ar\/index.php\/wp-json\/wp\/v2\/types\/post"}],"author":[{"embeddable":true,"href":"https:\/\/cafeprensa.com.ar\/index.php\/wp-json\/wp\/v2\/users\/2"}],"replies":[{"embeddable":true,"href":"https:\/\/cafeprensa.com.ar\/index.php\/wp-json\/wp\/v2\/comments?post=7628"}],"version-history":[{"count":3,"href":"https:\/\/cafeprensa.com.ar\/index.php\/wp-json\/wp\/v2\/posts\/7628\/revisions"}],"predecessor-version":[{"id":7634,"href":"https:\/\/cafeprensa.com.ar\/index.php\/wp-json\/wp\/v2\/posts\/7628\/revisions\/7634"}],"wp:featuredmedia":[{"embeddable":true,"href":"https:\/\/cafeprensa.com.ar\/index.php\/wp-json\/wp\/v2\/media\/7630"}],"wp:attachment":[{"href":"https:\/\/cafeprensa.com.ar\/index.php\/wp-json\/wp\/v2\/media?parent=7628"}],"wp:term":[{"taxonomy":"category","embeddable":true,"href":"https:\/\/cafeprensa.com.ar\/index.php\/wp-json\/wp\/v2\/categories?post=7628"},{"taxonomy":"post_tag","embeddable":true,"href":"https:\/\/cafeprensa.com.ar\/index.php\/wp-json\/wp\/v2\/tags?post=7628"}],"curies":[{"name":"wp","href":"https:\/\/api.w.org\/{rel}","templated":true}]}}