{"id":7636,"date":"2025-04-24T12:48:54","date_gmt":"2025-04-24T10:48:54","guid":{"rendered":"https:\/\/cafeprensa.com.ar\/?p=7636"},"modified":"2025-04-24T12:49:10","modified_gmt":"2025-04-24T10:49:10","slug":"en-vivo-la-basilica-de-san-pedro-recibe-a-los-fieles-para-rendir-homenaje-al-papa-francisco","status":"publish","type":"post","link":"https:\/\/cafeprensa.com.ar\/index.php\/2025\/04\/24\/en-vivo-la-basilica-de-san-pedro-recibe-a-los-fieles-para-rendir-homenaje-al-papa-francisco\/","title":{"rendered":"MIR\u00c1 EN VIVO; La bas\u00edlica de San Pedro recibe a los fieles para rendir homenaje al papa Francisco."},"content":{"rendered":"<div class=\"article-header article-headline-live-blogging\">\n<p class=\"article-subheadline text_align_left article-subheadline-live-blogging\">Se prev\u00e9 un incremento en la afluencia de personas que buscan dar el \u00faltimo adi\u00f3s al pont\u00edfice antes del funeral, programado para este s\u00e1bado 26 de abril.<\/p>\n<p>\u00a0<iframe loading=\"lazy\" title=\"YouTube video player\" src=\"https:\/\/www.youtube.com\/embed\/BzsyKhilLGI?si=F0FOHthZaTLRCADj\" width=\"560\" height=\"315\" frameborder=\"0\" allowfullscreen=\"allowfullscreen\"><\/iframe><\/p>\n<\/div>\n<div class=\"body-blogging-article\">\n<p class=\"paragraph\">La\u00a0<b>bas\u00edlica de San Pedro<\/b>\u00a0contin\u00faa, por segundo d\u00eda consecutivo, recibiendo a miles de fieles que dar\u00e1n el \u00faltimo adi\u00f3s al\u00a0<b>papa Francisco<\/b>. Se espera que la afluencia sea a\u00fan mayor que la del mi\u00e9rcoles, cuando se estima que m\u00e1s de\u00a0<b>45.000 personas<\/b>\u00a0pasaron frente al ata\u00fad del pont\u00edfice.<\/p>\n<p class=\"paragraph\">El\u00a0<b>gobierno italiano<\/b>\u00a0despleg\u00f3 un gran\u00a0<b>operativo de seguridad<\/b> en Roma para controlar la afluencia de visitantes durante estos d\u00edas previos al funeral, sobre todo con la llegada de importantes figuras internacionales. Entre los asistentes confirmados se encuentran el presidente de\u00a0<b>Estados Unidos<\/b>,\u00a0<b>Donald Trump<\/b>, el presidente de\u00a0<b>Ucrania<\/b>,\u00a0<b>Volodimir Zelensky<\/b>, el presidente de\u00a0<b>Argentina<\/b>,\u00a0<b>Javier Milei<\/b>, y el pr\u00edncipe\u00a0<b>William de Inglaterra<\/b>.<\/p>\n<p class=\"paragraph\"><b>Protecci\u00f3n Civil de Italia<\/b>\u00a0ha estimado que\u00a0<b>varias centenas de miles<\/b> de personas llegar\u00e1n a la ciudad, coincidiendo con un fin de semana largo debido a un feriado p\u00fablico. Despu\u00e9s del funeral, el cuerpo de Francisco ser\u00e1 trasladado a la Bas\u00edlica de\u00a0<b>Santa Mar\u00eda la Mayor<\/b>\u00a0en Roma, uno de sus lugares preferidos, donde se cumplir\u00e1 su \u00faltima voluntad: ser enterrado en una tumba sencilla.<\/p>\n<p class=\"paragraph\"><u>A continuaci\u00f3n, la cobertura en vivo del segundo d\u00eda de exequias del papa Francisco:<\/u><\/p>\n<\/div>\n<div class=\"body-blogging\">\n<div id=\"parrafo_0\" class=\"body-blogging-container\">\n<div class=\"body-blogging-time-line\">\n<div class=\"body-blogging-time\"><span class=\"body-blogging-time-hour\">06:57\u00a0hs<\/span><span class=\"body-blogging-time-date\">Hoy<\/span><\/div>\n<div class=\"body-blogging-figures\">\n<p class=\"body-blogging-figures-line\">\n<\/div>\n<\/div>\n<div class=\"body-blogging-article \">\n<div class=\"article-header article-headline-live-blogging\">\n<p id=\"asi-es-la-guardia-suiza-del-vaticano-que-protege-al-papa:-requisitos-y-deberes\" class=\"display-block article-headline text_align_left article-headline-live-blogging\"><strong>As\u00ed es la Guardia Suiza del Vaticano que protege al papa: requisitos y deberes<\/strong><\/p>\n<p class=\"article-subheadline text_align_left article-subheadline-live-blogging\"><strong>Este cuerpo militar protege desde hace m\u00e1s de 500 a\u00f1os al Sumo Pont\u00edfice<\/strong><\/p>\n<div class=\"display_flex align_items_center flex_row byline byline-live-blogging\">\n<div class=\"display_flex byline-image-ctn\">\n<div class=\"author-image-header\"><picture><img loading=\"lazy\" decoding=\"async\" class=\"global-image\" src=\"https:\/\/www.infobae.com\/resizer\/v2\/GZWBTGMFALONT7IX5HKIOQ3ERA.jpg?auth=112efaced83d8d04d4f4427547b2be40c6d256c50fa94344344cdb3de118d4a3&amp;smart=true&amp;width=350&amp;height=233&amp;quality=85\" alt=\"Imagen de archivo de la\" width=\"800\" height=\"536\" \/><\/picture>Imagen de archivo de la \u00e9lite de la Guardia Suiza del Vaticano marchando frente a la torre del banco del Vaticano, en el Vaticano, el 6 de mayo de 2014. REUTERS\/Tony Gentile\/File Photo<\/div>\n<\/div>\n<\/div>\n<\/div>\n<p class=\"paragraph\">Desde inicios del siglo XVI, un reducido grupo de soldados se encarga de la protecci\u00f3n del<a title=\"https:\/\/www.infobae.com\/espana\/2025\/04\/21\/el-papa-francisco-y-su-relacion-con-espana-gestos-de-cercania-y-apoyo-en-temas-clave-como-migracion-pero-sin-una-visita-oficial\/\" href=\"https:\/\/www.infobae.com\/espana\/2025\/04\/21\/el-papa-francisco-y-su-relacion-con-espana-gestos-de-cercania-y-apoyo-en-temas-clave-como-migracion-pero-sin-una-visita-oficial\/\" target=\"_blank\" rel=\"noopener noreferrer\">\u00a0papa y del Vaticano<\/a>. Destacan por su postura recta, sus picas afilada y un traje colorido que llama la atenci\u00f3n de cada persona que visita la Bas\u00edlica de San Pedro. Se trata de la<b>\u00a0Guardia Suiza<\/b>, un cuerpo de \u00e9lite de protecci\u00f3n que tiempo atr\u00e1s fue la envidia de toda Europa. Su v\u00ednculo con la Santa Sede se remonta al a\u00f1o 1506, cuando el papa Julio II encarg\u00f3 su protecci\u00f3n a los suizos, famosos entonces por su destreza militar.<\/p>\n<div class=\"text-element\"><a class=\"paragraph\" href=\"https:\/\/www.infobae.com\/espana\/2025\/04\/24\/asi-es-la-guardia-suiza-del-vaticano-que-protege-al-papa-requisitos-y-deberes\/\" target=\"_blank\" rel=\"noopener noreferrer\" aria-label=\"As\u00ed es la Guardia Suiza del Vaticano que protege al papa: requisitos y deberes\"><b class=\"read-full-note\">Leer la nota completa<\/b><\/a><\/div>\n<\/div>\n<\/div>\n<div id=\"parrafo_1\" class=\"body-blogging-container\">\n<div class=\"body-blogging-time-line\">\n<div class=\"body-blogging-time\"><span class=\"body-blogging-time-hour\">06:00\u00a0hs<\/span><span class=\"body-blogging-time-date\">Hoy<\/span><\/div>\n<\/div>\n<div class=\"body-blogging-article body-blogging-article-title\">\n<p id=\"el-presidente-interino-de-siria-ahmed-al-sharaa-rindio-homenaje-al-papa-francisco\" class=\"header body-blogging-sub-header\"><strong>El presidente interino de Siria, Ahmed al-Sharaa, rindi\u00f3 homenaje al papa Francisco<\/strong><\/p>\n<\/div>\n<div class=\"body-blogging-article \">\n<div class=\"visual-image\"><picture><source srcset=\"https:\/\/www.infobae.com\/resizer\/v2\/WG42CDMV3JCQLIIV3ZDAH5B3CY.jpg?auth=db61cf96861749b3addf5fe25b90f8611ddf785e8b05d43169a0c7383737e8a6&amp;smart=true&amp;width=992&amp;height=661&amp;quality=85\" media=\"(min-width: 1000px)\" \/><source srcset=\"https:\/\/www.infobae.com\/resizer\/v2\/WG42CDMV3JCQLIIV3ZDAH5B3CY.jpg?auth=db61cf96861749b3addf5fe25b90f8611ddf785e8b05d43169a0c7383737e8a6&amp;smart=true&amp;width=768&amp;height=512&amp;quality=85\" media=\"(min-width: 768px)\" \/><source srcset=\"https:\/\/www.infobae.com\/resizer\/v2\/WG42CDMV3JCQLIIV3ZDAH5B3CY.jpg?auth=db61cf96861749b3addf5fe25b90f8611ddf785e8b05d43169a0c7383737e8a6&amp;smart=true&amp;width=577&amp;height=385&amp;quality=85\" media=\"(min-width: 580px)\" \/><source srcset=\"https:\/\/www.infobae.com\/resizer\/v2\/WG42CDMV3JCQLIIV3ZDAH5B3CY.jpg?auth=db61cf96861749b3addf5fe25b90f8611ddf785e8b05d43169a0c7383737e8a6&amp;smart=true&amp;width=420&amp;height=280&amp;quality=85\" media=\"(min-width: 350px)\" \/><source srcset=\"https:\/\/www.infobae.com\/resizer\/v2\/WG42CDMV3JCQLIIV3ZDAH5B3CY.jpg?auth=db61cf96861749b3addf5fe25b90f8611ddf785e8b05d43169a0c7383737e8a6&amp;smart=true&amp;width=350&amp;height=233&amp;quality=85\" media=\"(min-width: 80px)\" \/><img loading=\"lazy\" decoding=\"async\" class=\"global-image\" src=\"https:\/\/www.infobae.com\/resizer\/v2\/WG42CDMV3JCQLIIV3ZDAH5B3CY.jpg?auth=db61cf96861749b3addf5fe25b90f8611ddf785e8b05d43169a0c7383737e8a6&amp;smart=true&amp;width=350&amp;height=233&amp;quality=85\" alt=\"El presidente interino de Siria,\" width=\"4710\" height=\"3117\" \/><\/picture>El presidente interino de Siria, Ahmed al-Sharaa (REUTERS\/Khalil Ashawi)<\/div>\n<\/div>\n<div class=\"body-blogging-article \">\n<p class=\"paragraph\">El presidente interino de Siria,\u00a0<b>Ahmed al-Sharaa<\/b>, rindi\u00f3 homenaje al\u00a0<b>papa Francisco<\/b>\u00a0y destac\u00f3 su apoyo al pueblo sirio durante los momentos m\u00e1s oscuros de la guerra.<\/p>\n<\/div>\n<div class=\"body-blogging-article \">\n<p class=\"paragraph\">En un comunicado emitido el mi\u00e9rcoles, Sharaa afirm\u00f3 que el pont\u00edfice argentino, quien falleci\u00f3 el lunes a los 88 a\u00f1os,\u00a0<b>\u201calz\u00f3 constantemente su voz contra la violencia y la injusticia\u201d que enfrentaba Siria<\/b>, subrayando su respaldo a la poblaci\u00f3n en medio de la devastadora guerra civil.<\/p>\n<\/div>\n<div class=\"body-blogging-article \">\n<p class=\"paragraph\">A pesar de ser un pa\u00eds mayoritariamente musulm\u00e1n sunita, Siria alberga una significativa\u00a0<b>comunidad cristiana<\/b>, aunque esta ha disminuido dr\u00e1sticamente debido a las migraciones y desplazamientos forzados por el conflicto. <b>Damasco<\/b>, la capital, albergaba una de las comunidades cristianas m\u00e1s antiguas del mundo, pero su poblaci\u00f3n cristiana se redujo a apenas un\u00a0<b>2%<\/b> el a\u00f1o pasado, seg\u00fan datos del Vaticano. Sharaa extendi\u00f3 sus condolencias a la comunidad cat\u00f3lica y destac\u00f3 que los <b>llamados de Francisco \u201ctrascendieron las fronteras pol\u00edticas\u201d<\/b>, asegurando que su legado de coraje moral y solidaridad permanecer\u00eda vivo en los corazones de muchas personas en Siria.<\/p>\n<\/div>\n<\/div>\n<div id=\"parrafo_2\" class=\"body-blogging-container\">\n<div class=\"body-blogging-time-line\">\n<div class=\"body-blogging-time\"><span class=\"body-blogging-time-hour\">05:44\u00a0hs<\/span><span class=\"body-blogging-time-date\">Hoy<\/span><\/div>\n<div class=\"body-blogging-figures\">\n<div class=\"body-blogging-figures-line\"><\/div>\n<\/div>\n<\/div>\n<div class=\"body-blogging-article body-blogging-article-title\">\n<p id=\"la-fila-de-fieles-y-religiosos-que-esperan-para-rendir-homenaje-al-cuerpo-del-papa-francisco-ya-alcanzo-los-2-kilometros-de-longitud\" class=\"header body-blogging-sub-header\"><strong>La fila de fieles y religiosos que esperan para rendir homenaje al cuerpo del papa Francisco ya alcanz\u00f3 los 2 kil\u00f3metros de longitud<\/strong><\/p>\n<\/div>\n<div class=\"body-blogging-article \">\n<div class=\"visual-image\"><picture><source srcset=\"https:\/\/www.infobae.com\/resizer\/v2\/CGUOW5XLD5EZFNB3RFP3LQEH4A.JPG?auth=1f1ebd0d668ffb5a477c90a0a22561b9d7650b49429fb9c472995421fba78988&amp;smart=true&amp;width=992&amp;height=661&amp;quality=85\" media=\"(min-width: 1000px)\" \/><source srcset=\"https:\/\/www.infobae.com\/resizer\/v2\/CGUOW5XLD5EZFNB3RFP3LQEH4A.JPG?auth=1f1ebd0d668ffb5a477c90a0a22561b9d7650b49429fb9c472995421fba78988&amp;smart=true&amp;width=768&amp;height=512&amp;quality=85\" media=\"(min-width: 768px)\" \/><source srcset=\"https:\/\/www.infobae.com\/resizer\/v2\/CGUOW5XLD5EZFNB3RFP3LQEH4A.JPG?auth=1f1ebd0d668ffb5a477c90a0a22561b9d7650b49429fb9c472995421fba78988&amp;smart=true&amp;width=577&amp;height=385&amp;quality=85\" media=\"(min-width: 580px)\" \/><source srcset=\"https:\/\/www.infobae.com\/resizer\/v2\/CGUOW5XLD5EZFNB3RFP3LQEH4A.JPG?auth=1f1ebd0d668ffb5a477c90a0a22561b9d7650b49429fb9c472995421fba78988&amp;smart=true&amp;width=420&amp;height=280&amp;quality=85\" media=\"(min-width: 350px)\" \/><source srcset=\"https:\/\/www.infobae.com\/resizer\/v2\/CGUOW5XLD5EZFNB3RFP3LQEH4A.JPG?auth=1f1ebd0d668ffb5a477c90a0a22561b9d7650b49429fb9c472995421fba78988&amp;smart=true&amp;width=350&amp;height=233&amp;quality=85\" media=\"(min-width: 80px)\" \/><img loading=\"lazy\" decoding=\"async\" class=\"global-image\" src=\"https:\/\/www.infobae.com\/resizer\/v2\/CGUOW5XLD5EZFNB3RFP3LQEH4A.JPG?auth=1f1ebd0d668ffb5a477c90a0a22561b9d7650b49429fb9c472995421fba78988&amp;smart=true&amp;width=350&amp;height=233&amp;quality=85\" alt=\"La fila de fieles y\" width=\"5500\" height=\"3667\" \/><\/picture>La fila de fieles y religiosos que esperan para rendir homenaje al cuerpo del papa Francisco ya alcanza los 2 kil\u00f3metros de largo (REUTERS\/Mohammed Salem)<\/div>\n<\/div>\n<div class=\"body-blogging-article \">\n<p class=\"paragraph\">La\u00a0<b>fila de fieles y religiosos<\/b>\u00a0que esperan para rendir homenaje al cuerpo del\u00a0<b>papa Francisco<\/b>\u00a0ya ha alcanzado los\u00a0<b>2 kil\u00f3metros<\/b>, extendi\u00e9ndose desde Piazza Risorgimento hasta Porta Angelica, cerca de la\u00a0<b>Plaza de San Pedro<\/b>.<\/p>\n<\/div>\n<div class=\"body-blogging-article \">\n<p class=\"paragraph\">La cola, que serpentea a trav\u00e9s de varias curvas, sigue hasta\u00a0<b>Via di Porta Angelica<\/b>, donde las personas se alinean entre barreras para mantener el orden.<\/p>\n<\/div>\n<\/div>\n<div id=\"parrafo_3\" class=\"body-blogging-container\">\n<div class=\"body-blogging-time-line\">\n<div class=\"body-blogging-time\"><span class=\"body-blogging-time-hour\">05:23\u00a0hs<\/span><span class=\"body-blogging-time-date\">Hoy<\/span><\/div>\n<div class=\"body-blogging-figures\">\n<div class=\"body-blogging-figures-line\"><\/div>\n<\/div>\n<\/div>\n<div class=\"body-blogging-article body-blogging-article-title\">\n<p id=\"&quot;se-percibe-dolor-pero-tambien-esperanza&quot;-afirmo-el-cardenal-chileno-natalio-chomali-garib-al-llegar-a-roma-para-el-conclave\" class=\"header body-blogging-sub-header\"><strong>\u201cSe percibe dolor, pero tambi\u00e9n esperanza\u201d, afirm\u00f3 el cardenal chileno Natalio Chomal\u00ed Garib al llegar a Roma para el c\u00f3nclave.<\/strong><\/p>\n<\/div>\n<div class=\"body-blogging-article \">\n<div class=\"visual-image\"><picture><source srcset=\"https:\/\/www.infobae.com\/resizer\/v2\/PIYX3HYPQKDMUSKWYLRHR4RZMA.jpg?auth=bd26956af34f9c0620d5e3641d362eeb4be5863f7fa2cb21d86bc4bedc7efafd&amp;smart=true&amp;width=992&amp;height=661&amp;quality=85\" media=\"(min-width: 1000px)\" \/><source srcset=\"https:\/\/www.infobae.com\/resizer\/v2\/PIYX3HYPQKDMUSKWYLRHR4RZMA.jpg?auth=bd26956af34f9c0620d5e3641d362eeb4be5863f7fa2cb21d86bc4bedc7efafd&amp;smart=true&amp;width=768&amp;height=512&amp;quality=85\" media=\"(min-width: 768px)\" \/><source srcset=\"https:\/\/www.infobae.com\/resizer\/v2\/PIYX3HYPQKDMUSKWYLRHR4RZMA.jpg?auth=bd26956af34f9c0620d5e3641d362eeb4be5863f7fa2cb21d86bc4bedc7efafd&amp;smart=true&amp;width=577&amp;height=385&amp;quality=85\" media=\"(min-width: 580px)\" \/><source srcset=\"https:\/\/www.infobae.com\/resizer\/v2\/PIYX3HYPQKDMUSKWYLRHR4RZMA.jpg?auth=bd26956af34f9c0620d5e3641d362eeb4be5863f7fa2cb21d86bc4bedc7efafd&amp;smart=true&amp;width=420&amp;height=280&amp;quality=85\" media=\"(min-width: 350px)\" \/><source srcset=\"https:\/\/www.infobae.com\/resizer\/v2\/PIYX3HYPQKDMUSKWYLRHR4RZMA.jpg?auth=bd26956af34f9c0620d5e3641d362eeb4be5863f7fa2cb21d86bc4bedc7efafd&amp;smart=true&amp;width=350&amp;height=233&amp;quality=85\" media=\"(min-width: 80px)\" \/><img loading=\"lazy\" decoding=\"async\" class=\"global-image\" src=\"https:\/\/www.infobae.com\/resizer\/v2\/PIYX3HYPQKDMUSKWYLRHR4RZMA.jpg?auth=bd26956af34f9c0620d5e3641d362eeb4be5863f7fa2cb21d86bc4bedc7efafd&amp;smart=true&amp;width=350&amp;height=233&amp;quality=85\" alt=\"El cardenal Fernando Natalio Chomali\" width=\"5096\" height=\"3398\" \/><\/picture>El cardenal Fernando Natalio Chomali Garib (REUTERS\/Guglielmo Mangiapane)<\/div>\n<\/div>\n<div class=\"body-blogging-article \">\n<p class=\"paragraph\">El arzobispo de Santiago de Chile, el cardenal\u00a0<b>Fernando Natalio Chomal\u00ed Garib<\/b>, expres\u00f3 este jueves que entre los cardenales que llegan a Roma para el funeral del\u00a0<b>papa Francisco<\/b>\u00a0y el posterior c\u00f3nclave para elegir a su sucesor, se percibe un clima de\u00a0<b>dolor y esperanza<\/b>.<\/p>\n<\/div>\n<div class=\"body-blogging-article \">\n<p class=\"paragraph\">Chomal\u00ed, quien con 68 a\u00f1os participar\u00e1 en el c\u00f3nclave, destac\u00f3 que el Papa Francisco dej\u00f3 un mensaje de\u00a0<b>paz y amor<\/b>\u00a0que todos deben reflexionar en sus vidas. El cardenal chileno, junto a su compatriota\u00a0<b>Celestino Aos<\/b>, tambi\u00e9n cardenal pero de origen espa\u00f1ol y quien no podr\u00e1 participar en el c\u00f3nclave por haber cumplido 80 a\u00f1os, asisti\u00f3 a la\u00a0<b>tercera congregaci\u00f3n<\/b>\u00a0donde los purpurados se re\u00fanen para discutir los pr\u00f3ximos pasos.<\/p>\n<\/div>\n<div class=\"body-blogging-article \">\n<p class=\"paragraph\">En cuanto al ambiente en Roma, Chomal\u00ed coment\u00f3 que la\u00a0<b>Casa Santa Marta<\/b>, residencia donde los cardenales vivir\u00e1n durante el c\u00f3nclave, ya alberga a varios purpurados, mientras otros llegan a pie al\u00a0<b>Vaticano<\/b>\u00a0para ingresar al\u00a0<b>Aula del S\u00ednodo<\/b>.<\/p>\n<\/div>\n<div class=\"body-blogging-article \">\n<p class=\"paragraph\">Durante su llegada a la congregaci\u00f3n, el arzobispo chileno expres\u00f3 lo emotivo que resulta ver a tanta gente en la Plaza de San Pedro rindiendo homenaje a Francisco.\u00a0<b>\u201cEs muy triste, pero seguimos adelante\u201d<\/b>, a\u00f1adi\u00f3, resaltando que el dolor se combina con la esperanza por lo que est\u00e1 por venir. En palabras de Chomal\u00ed, el Papa dej\u00f3 \u201cun legado de comuni\u00f3n y hermandad\u201d que deben seguir los cardenales.<\/p>\n<\/div>\n<\/div>\n<div id=\"parrafo_4\" class=\"body-blogging-container\">\n<div class=\"body-blogging-time-line\">\n<div class=\"body-blogging-time\"><span class=\"body-blogging-time-hour\">04:55\u00a0hs<\/span><span class=\"body-blogging-time-date\">Hoy<\/span><\/div>\n<\/div>\n<div class=\"body-blogging-article body-blogging-article-title\">\n<p id=\"la-misa-dominical-en-memoria-del-papa-francisco-sera-abierta-a-todos-en-la-plaza-de-san-pedro\" class=\"header body-blogging-sub-header\"><strong>La misa dominical en memoria del papa Francisco ser\u00e1 abierta a todos en la Plaza de San Pedro<\/strong><\/p>\n<\/div>\n<div class=\"body-blogging-article \">\n<p class=\"paragraph\">La misa del domingo, en\u00a0<b>memoria del papa Francisco<\/b>, que se celebrar\u00e1 en la\u00a0<b>Plaza de San Pedro<\/b>\u00a0el d\u00eda despu\u00e9s de su funeral, estar\u00e1<b>\u00a0abierta a todos sin necesidad de entrada<\/b>.<\/p>\n<\/div>\n<div class=\"body-blogging-article \">\n<p class=\"paragraph\">Seg\u00fan una nota divulgada por la Santa Sede, esta misa ser\u00e1 un acto de recuerdo y oraci\u00f3n por el pont\u00edfice, y se espera la participaci\u00f3n de numerosos j\u00f3venes, quienes tambi\u00e9n estar\u00e1n involucrados en el\u00a0<b>Jubileo de los Adolescentes<\/b>\u00a0que comienza ma\u00f1ana.<\/p>\n<\/div>\n<div class=\"body-blogging-article \">\n<p class=\"paragraph\">La celebraci\u00f3n dominical ser\u00e1 presidida por el\u00a0<b>cardenal Pietro Parolin<\/b>, el Secretario de Estado del Vaticano. En la misma nota, se explica que este evento forma parte de los\u00a0<b>\u201cnovendiali\u201d<\/b>, los\u00a0<b>nueve d\u00edas de luto<\/b>\u00a0por la muerte del Papa.<\/p>\n<\/div>\n<div class=\"body-blogging-article \">\n<p class=\"paragraph\">Se destaca que, en particular,\u00a0<b>estar\u00e1n invitados los empleados del Vaticano y los fieles de la Ciudad del Vaticano<\/b>, quienes se unir\u00e1n a la misa para rendir homenaje a Francisco, cuyo legado contin\u00faa marcando la vida religiosa y espiritual del mundo entero.<\/p>\n<\/div>\n<\/div>\n<div id=\"parrafo_5\" class=\"body-blogging-container\">\n<div class=\"body-blogging-time-line\">\n<div class=\"body-blogging-time\"><span class=\"body-blogging-time-hour\">04:28\u00a0hs<\/span><span class=\"body-blogging-time-date\">Hoy<\/span><\/div>\n<div class=\"body-blogging-figures\">\n<div class=\"body-blogging-figures-line\"><\/div>\n<\/div>\n<\/div>\n<div class=\"body-blogging-article body-blogging-article-title\">\n<p id=\"italia-activo-un-plan-de-trafico-nacional-por-la-llegada-de-fieles-y-lideres-mundiales-al-funeral-del-papa-francisco\" class=\"header body-blogging-sub-header\"><strong>Italia activ\u00f3 un plan de tr\u00e1fico nacional por la llegada de fieles y l\u00edderes mundiales al funeral del papa Francisco<\/strong><\/p>\n<\/div>\n<div class=\"body-blogging-article \">\n<p class=\"paragraph\">Con motivo de los\u00a0<b>funerales del papa Francisco<\/b>, previstos para el s\u00e1bado 26 de abril, la empresa estatal\u00a0<b>ANAS (Compa\u00f1\u00eda Nacional Aut\u00f3noma de Carreteras)<\/b>\u00a0ha puesto en marcha un\u00a0<b>plan de tr\u00e1fico nacional extraordinario<\/b>\u00a0ante la llegada de jefes de Estado, de gobierno y representantes de instituciones internacionales a los aeropuertos de Roma, as\u00ed como por la esperada afluencia masiva de fieles desde todas las regiones del pa\u00eds hacia la capital.<\/p>\n<\/div>\n<div class=\"body-blogging-article \">\n<p class=\"paragraph\">Seg\u00fan inform\u00f3 la compa\u00f1\u00eda, se ha\u00a0<b>reforzado la presencia de personal<\/b>\u00a0en las principales v\u00edas de acceso a Roma, donde se prev\u00e9 una alta concentraci\u00f3n de veh\u00edculos.<\/p>\n<\/div>\n<div class=\"body-blogging-article \">\n<p class=\"paragraph\">Las medidas incluyen controles especiales en la autopista A90, conocida como el\u00a0<b>\u201cGrande Raccordo Anulare\u201d<\/b>, la A91 Roma-Fiumicino y la carretera estatal SS7 Appia. Estas arterias ser\u00e1n claves para gestionar el flujo de tr\u00e1fico hacia el centro de la ciudad, especialmente en las horas previas y posteriores a la ceremonia f\u00fanebre.<\/p>\n<\/div>\n<div class=\"body-blogging-article \">\n<p class=\"paragraph\">Tambi\u00e9n se ha intensificado la\u00a0<b>vigilancia en las rutas consulares<\/b>\u00a0que rodean la capital, como las v\u00edas Aurelia, Cassia, Flaminia y Salaria, fundamentales para el acceso de delegaciones internacionales y peregrinos.<\/p>\n<\/div>\n<div class=\"body-blogging-article \">\n<p class=\"paragraph\">El operativo busca asegurar la\u00a0<b>fluidez del tr\u00e1nsito y garantizar la seguridad vial<\/b>\u00a0durante uno de los eventos m\u00e1s significativos de los \u00faltimos a\u00f1os en el Vaticano, que reunir\u00e1 a decenas de miles de personas en torno a la Bas\u00edlica de San Pedro.<\/p>\n<\/div>\n<\/div>\n<div id=\"parrafo_6\" class=\"body-blogging-container\">\n<div class=\"body-blogging-time-line\">\n<div class=\"body-blogging-time\"><span class=\"body-blogging-time-hour\">04:20\u00a0hs<\/span><span class=\"body-blogging-time-date\">Hoy<\/span><\/div>\n<div class=\"body-blogging-figures\">\n<div class=\"body-blogging-figures-big-circle\">\n<div class=\"body-blogging-figures-sm-circle\"><\/div>\n<\/div>\n<\/div>\n<\/div>\n<div class=\"body-blogging-article \">\n<div class=\"article-header article-headline-live-blogging\">\n<p id=\"este-es-el-cardenal-mas-joven-que-votara-para-elegir-al-sucesor-del-papa-francisco\" class=\"display-block article-headline text_align_left article-headline-live-blogging\"><strong>Este es el cardenal m\u00e1s joven que votar\u00e1 para elegir al sucesor del papa Francisco<\/strong><\/p>\n<p class=\"article-subheadline text_align_left article-subheadline-live-blogging\"><strong>Mykola Bychok recibi\u00f3 la birreta cardenalicia el 7 de diciembre de 2024, en el \u00faltimo consistorio celebrado por pont\u00edfice.<\/strong><\/p>\n<\/div>\n<div class=\"visual-image\"><picture><source srcset=\"https:\/\/www.infobae.com\/resizer\/v2\/U2FZTJ4RNF7BNXXWRAP4353JYE.jpg?auth=2d992ed10eab13835cd65a0b9717f359250f18c1bfa4cbc5909f104475b8ea88&amp;smart=true&amp;width=992&amp;height=661&amp;quality=85\" media=\"(min-width: 1000px)\" \/><source srcset=\"https:\/\/www.infobae.com\/resizer\/v2\/U2FZTJ4RNF7BNXXWRAP4353JYE.jpg?auth=2d992ed10eab13835cd65a0b9717f359250f18c1bfa4cbc5909f104475b8ea88&amp;smart=true&amp;width=768&amp;height=512&amp;quality=85\" media=\"(min-width: 768px)\" \/><source srcset=\"https:\/\/www.infobae.com\/resizer\/v2\/U2FZTJ4RNF7BNXXWRAP4353JYE.jpg?auth=2d992ed10eab13835cd65a0b9717f359250f18c1bfa4cbc5909f104475b8ea88&amp;smart=true&amp;width=577&amp;height=385&amp;quality=85\" media=\"(min-width: 580px)\" \/><source srcset=\"https:\/\/www.infobae.com\/resizer\/v2\/U2FZTJ4RNF7BNXXWRAP4353JYE.jpg?auth=2d992ed10eab13835cd65a0b9717f359250f18c1bfa4cbc5909f104475b8ea88&amp;smart=true&amp;width=420&amp;height=280&amp;quality=85\" media=\"(min-width: 350px)\" \/><source srcset=\"https:\/\/www.infobae.com\/resizer\/v2\/U2FZTJ4RNF7BNXXWRAP4353JYE.jpg?auth=2d992ed10eab13835cd65a0b9717f359250f18c1bfa4cbc5909f104475b8ea88&amp;smart=true&amp;width=350&amp;height=233&amp;quality=85\" media=\"(min-width: 80px)\" \/><img loading=\"lazy\" decoding=\"async\" class=\"global-image\" src=\"https:\/\/www.infobae.com\/resizer\/v2\/U2FZTJ4RNF7BNXXWRAP4353JYE.jpg?auth=2d992ed10eab13835cd65a0b9717f359250f18c1bfa4cbc5909f104475b8ea88&amp;smart=true&amp;width=350&amp;height=233&amp;quality=85\" alt=\"Mykola Bychok recibi\u00f3 la birreta\" width=\"5223\" height=\"3482\" \/><\/picture>Mykola Bychok recibi\u00f3 la birreta cardenalicia el 7 de diciembre de 2024, en el \u00faltimo consistorio celebrado por pont\u00edfice (REUTERS\/Guglielmo Mangiapane)<\/div>\n<p class=\"paragraph\">Con apenas\u00a0<b>45 a\u00f1os<\/b>, el ucraniano\u00a0<b>Mykola Bychok<\/b>, obispo de la\u00a0<b>Eparqu\u00eda Cat\u00f3lica Ucraniana de Melbourne<\/b>, se convertir\u00e1 en el\u00a0<b>miembro m\u00e1s joven<\/b>\u00a0del pr\u00f3ximo\u00a0<b>c\u00f3nclave<\/b>, donde 117 cardenales con derecho a voto elegir\u00e1n al sucesor del\u00a0<b>papa Francisco<\/b>, fallecido el pasado lunes.<\/p>\n<div class=\"text-element\"><a class=\"paragraph\" href=\"https:\/\/www.infobae.com\/america\/mundo\/2025\/04\/24\/este-es-el-cardenal-mas-joven-que-votara-para-elegir-al-sucesor-del-papa-francisco\/\" target=\"_blank\" rel=\"noopener noreferrer\" aria-label=\"Este es el cardenal m\u00e1s joven que votar\u00e1 para elegir al sucesor del papa Francisco\"><b class=\"read-full-note\">Leer la nota completa<\/b><\/a><\/div>\n<div class=\"body-blogging-btm-line\"><\/div>\n<\/div>\n<\/div>\n<div id=\"parrafo_7\" class=\"body-blogging-container\">\n<div class=\"body-blogging-time-line\">\n<div class=\"body-blogging-time\"><span class=\"body-blogging-time-hour\">04:14\u00a0hs<\/span><span class=\"body-blogging-time-date\">Hoy<\/span><\/div>\n<div class=\"body-blogging-figures\">\n<div class=\"body-blogging-figures-line\"><\/div>\n<\/div>\n<\/div>\n<div class=\"body-blogging-article \">\n<div class=\"article-header article-headline-live-blogging\">\n<p id=\"mas-de-45.000-fieles-rindieron-homenaje-al-papa-francisco-en-el-primer-dia-de-exposicion-de-su-feretro\" class=\"display-block article-headline text_align_left article-headline-live-blogging\"><strong>M\u00e1s de 45.000 fieles rindieron homenaje al papa Francisco en el primer d\u00eda de exposici\u00f3n de su f\u00e9retro<\/strong><\/p>\n<p class=\"article-subheadline text_align_left article-subheadline-live-blogging\"><strong>Ante la masiva afluencia, el Vaticano decidi\u00f3 extender el horario de visita en la bas\u00edlica de San Pedro, que permaneci\u00f3 abierta durante la madrugada, con el fin de que m\u00e1s personas pudieran despedirse del pont\u00edfice.<\/strong><\/p>\n<\/div>\n<div class=\"visual-image\"><picture><source srcset=\"https:\/\/www.infobae.com\/resizer\/v2\/4W4DJG7MXBCPVC7QWTZSGMUFUI.jpg?auth=2d5778c885a370a2f72fa198b7adaca30e80164707a9d1dd6a3bf185ce02e724&amp;smart=true&amp;width=992&amp;height=661&amp;quality=85\" media=\"(min-width: 1000px)\" \/><source srcset=\"https:\/\/www.infobae.com\/resizer\/v2\/4W4DJG7MXBCPVC7QWTZSGMUFUI.jpg?auth=2d5778c885a370a2f72fa198b7adaca30e80164707a9d1dd6a3bf185ce02e724&amp;smart=true&amp;width=768&amp;height=512&amp;quality=85\" media=\"(min-width: 768px)\" \/><source srcset=\"https:\/\/www.infobae.com\/resizer\/v2\/4W4DJG7MXBCPVC7QWTZSGMUFUI.jpg?auth=2d5778c885a370a2f72fa198b7adaca30e80164707a9d1dd6a3bf185ce02e724&amp;smart=true&amp;width=577&amp;height=385&amp;quality=85\" media=\"(min-width: 580px)\" \/><source srcset=\"https:\/\/www.infobae.com\/resizer\/v2\/4W4DJG7MXBCPVC7QWTZSGMUFUI.jpg?auth=2d5778c885a370a2f72fa198b7adaca30e80164707a9d1dd6a3bf185ce02e724&amp;smart=true&amp;width=420&amp;height=280&amp;quality=85\" media=\"(min-width: 350px)\" \/><source srcset=\"https:\/\/www.infobae.com\/resizer\/v2\/4W4DJG7MXBCPVC7QWTZSGMUFUI.jpg?auth=2d5778c885a370a2f72fa198b7adaca30e80164707a9d1dd6a3bf185ce02e724&amp;smart=true&amp;width=350&amp;height=233&amp;quality=85\" media=\"(min-width: 80px)\" \/><img loading=\"lazy\" decoding=\"async\" class=\"global-image\" src=\"https:\/\/www.infobae.com\/resizer\/v2\/4W4DJG7MXBCPVC7QWTZSGMUFUI.jpg?auth=2d5778c885a370a2f72fa198b7adaca30e80164707a9d1dd6a3bf185ce02e724&amp;smart=true&amp;width=350&amp;height=233&amp;quality=85\" alt=\"M\u00e1s de 45.000 fieles rindieron\" width=\"5152\" height=\"3440\" \/><\/picture>M\u00e1s de 45.000 fieles rindieron homenaje al papa Francisco en el primer d\u00eda de exposici\u00f3n de su f\u00e9retro (REUTERS\/Hannah McKay)<\/div>\n<p class=\"paragraph\">M\u00e1s de<b>\u00a045.000 fieles<\/b>\u00a0pasaron este mi\u00e9rcoles ante el f\u00e9retro del papa\u00a0<b>Francisco<\/b>\u00a0en la\u00a0<b>bas\u00edlica de San Pedro<\/b>\u00a0del\u00a0<b>Vaticano<\/b>, en el primer d\u00eda de los tres de exposici\u00f3n del cuerpo del pont\u00edfice antes de su funeral, previsto para este s\u00e1bado.<\/p>\n<div class=\"text-element\"><a class=\"paragraph\" href=\"https:\/\/www.infobae.com\/america\/mundo\/2025\/04\/24\/mas-de-45000-fieles-rindieron-homenaje-al-papa-francisco-en-el-primer-dia-de-exposicion-de-su-feretro\/\" target=\"_blank\" rel=\"noopener noreferrer\" aria-label=\"M\u00e1s de 45.000 fieles rindieron homenaje al papa Francisco en el primer d\u00eda de exposici\u00f3n de su f\u00e9retro \"><b class=\"read-full-note\">Leer la nota completa<\/b><\/a><\/div>\n<div class=\"body-blogging-btm-line\"><\/div>\n<\/div>\n<\/div>\n<div id=\"parrafo_8\" class=\"body-blogging-container\">\n<div class=\"body-blogging-time-line\">\n<div class=\"body-blogging-time\"><span class=\"body-blogging-time-hour\">04:05\u00a0hs<\/span><span class=\"body-blogging-time-date\">Hoy<\/span><\/div>\n<\/div>\n<div class=\"body-blogging-article body-blogging-article-title\">\n<p id=\"el-vaticano-definira-hoy-la-disposicion-de-los-asientos-para-el-funeral-del-papa-francisco\" class=\"header body-blogging-sub-header\"><strong>El Vaticano definir\u00e1 hoy la disposici\u00f3n de los asientos para el funeral del papa Francisco.<\/strong><\/p>\n<\/div>\n<div class=\"body-blogging-article \">\n<p class=\"paragraph\">Un total de\u00a0<b>170 delegaciones<\/b>\u00a0internacionales aterrizar\u00e1n en Roma para asistir a los funerales del\u00a0<b>papa Francisco<\/b>, y la Santa Sede prev\u00e9 formalizar en las pr\u00f3ximas horas la\u00a0<b>disposici\u00f3n de los asientos<\/b>\u00a0para las autoridades que estar\u00e1n presentes en la escalinata de la\u00a0<b>Bas\u00edlica de San Pedro<\/b>. Como ocurri\u00f3 durante las exequias del papa <b>Juan Pablo II<\/b>, se espera que el\u00a0<b>orden alfab\u00e9tico en franc\u00e9s<\/b>\u00a0determine la ubicaci\u00f3n de los jefes de Estado y representantes.<\/p>\n<\/div>\n<div class=\"body-blogging-article \">\n<p class=\"paragraph\">De confirmarse esta disposici\u00f3n, el presidente estadounidense\u00a0<b>Donald Trump<\/b>\u00a0se sentar\u00eda cerca del presidente franc\u00e9s\u00a0<b>Emmanuel Macron<\/b>, mientras que la primera ministra italiana\u00a0<b>Giorgia Meloni<\/b>\u00a0ocupar\u00eda una posici\u00f3n ligeramente m\u00e1s adelantada. En cambio, el presidente ucraniano\u00a0<b>Volodimir Zelensky\u00a0<\/b>quedar\u00eda situado a una considerable distancia, reflejando la l\u00f3gica del protocolo m\u00e1s que criterios pol\u00edticos.<\/p>\n<\/div>\n<\/div>\n<div id=\"parrafo_9\" class=\"body-blogging-container\">\n<div class=\"body-blogging-time-line\">\n<div class=\"body-blogging-time\"><span class=\"body-blogging-time-hour\">03:38\u00a0hs<\/span><span class=\"body-blogging-time-date\">Hoy<\/span><\/div>\n<\/div>\n<div class=\"body-blogging-article body-blogging-article-title\">\n<p id=\"hasta-altas-horas-de-la-noche-cientos-de-fieles-seguian-haciendo-fila-para-rendir-homenaje-al-papa-francisco\" class=\"header body-blogging-sub-header\"><strong>Hasta altas horas de la noche, cientos de fieles segu\u00edan haciendo fila para rendir homenaje al papa Francisco.<\/strong><\/p>\n<\/div>\n<div class=\"body-blogging-article \">\n<div class=\"jwplayer-ctn\">\n<div>\n<div id=\"DOQKO6AAE5H75LFBPHUIX2YFUQ-DOQKO6AAE5H75LFBPHUIX2YFUQ-9-2\" class=\"jwplayer jw-reset jw-state-idle jw-stretch-uniform jw-flag-aspect-mode jw-breakpoint-4 jw-floating-dismissible jw-keep-thumbnail jw-flag-user-inactive\" tabindex=\"0\" role=\"application\" aria-label=\"Video Player - Hasta altas horas de la noche, cientos de fieles segu\u00edan haciendo fila para rendir homenaje al papa Francisco\" aria-describedby=\"jw-DOQKO6AAE5H75LFBPHUIX2YFUQ-DOQKO6AAE5H75LFBPHUIX2YFUQ-9-2-shortcuts-tooltip-explanation\" data-compass-listening=\"true\">\n<div class=\"jw-wrapper jw-reset\">\n<div class=\"jw-title jw-reset-text\" dir=\"auto\">\n<div class=\"jw-title-primary jw-reset-text\">Hasta altas horas de la noche, cientos de fieles segu\u00edan haciendo fila para rendir homenaje al papa Francisco<\/div>\n<\/div>\n<\/div>\n<\/div>\n<\/div>\n<\/div>\n<\/div>\n<div class=\"body-blogging-article \">\n<p class=\"paragraph\">La\u00a0<b>Bas\u00edlica de San Pedro<\/b>\u00a0permaneci\u00f3 abierta hasta las\u00a0<b>5:30 de la ma\u00f1ana<\/b>\u00a0de este viernes para permitir que fieles y ciudadanos contin\u00faen rindiendo homenaje al\u00a0<b>papa Francisco<\/b>, seg\u00fan informaron medios del\u00a0<b>Vaticano<\/b>. El acceso al templo se reanud\u00f3 a las\u00a0<b>7:00<\/b>, tras una breve pausa de una hora y media destinada a tareas de limpieza y reorganizaci\u00f3n.<\/p>\n<\/div>\n<div class=\"body-blogging-article \">\n<p class=\"paragraph\">Incluso pasada la medianoche, las\u00a0<b>filas de personas<\/b>\u00a0que esperaban ingresar al recinto segu\u00edan siendo largas, reflejo de la profunda conmoci\u00f3n provocada por el fallecimiento del pont\u00edfice argentino. Ante esta situaci\u00f3n, las autoridades decidieron mantener la\u00a0<b>bas\u00edlica abierta de forma indefinida<\/b>, con el fin de facilitar el ingreso del creciente n\u00famero de fieles que buscan despedirse de Francisco.<\/p>\n<\/div>\n<\/div>\n<div id=\"parrafo_10\" class=\"body-blogging-container\">\n<div class=\"body-blogging-time-line\">\n<div class=\"body-blogging-time\"><span class=\"body-blogging-time-hour\">03:08\u00a0hs<\/span><span class=\"body-blogging-time-date\">Hoy<\/span><\/div>\n<\/div>\n<div class=\"body-blogging-article body-blogging-article-title\">\n<p id=\"rusia-enviara-a-su-ministra-de-cultura-al-funeral-del-papa-francisco\" class=\"header body-blogging-sub-header\"><strong>Rusia enviar\u00e1 a su Ministra de Cultura al funeral del papa Francisco<\/strong><\/p>\n<\/div>\n<div class=\"body-blogging-article \">\n<div class=\"visual-image\"><picture><source srcset=\"https:\/\/www.infobae.com\/resizer\/v2\/KCFBRAAWAIZXTZWKKLQXAO25QM.jpg?auth=96317ea8119d24a74b0fc7435a40ae994a5744f1427f506f7eedce3853c12161&amp;smart=true&amp;width=992&amp;height=661&amp;quality=85\" media=\"(min-width: 1000px)\" \/><source srcset=\"https:\/\/www.infobae.com\/resizer\/v2\/KCFBRAAWAIZXTZWKKLQXAO25QM.jpg?auth=96317ea8119d24a74b0fc7435a40ae994a5744f1427f506f7eedce3853c12161&amp;smart=true&amp;width=768&amp;height=512&amp;quality=85\" media=\"(min-width: 768px)\" \/><source srcset=\"https:\/\/www.infobae.com\/resizer\/v2\/KCFBRAAWAIZXTZWKKLQXAO25QM.jpg?auth=96317ea8119d24a74b0fc7435a40ae994a5744f1427f506f7eedce3853c12161&amp;smart=true&amp;width=577&amp;height=385&amp;quality=85\" media=\"(min-width: 580px)\" \/><source srcset=\"https:\/\/www.infobae.com\/resizer\/v2\/KCFBRAAWAIZXTZWKKLQXAO25QM.jpg?auth=96317ea8119d24a74b0fc7435a40ae994a5744f1427f506f7eedce3853c12161&amp;smart=true&amp;width=420&amp;height=280&amp;quality=85\" media=\"(min-width: 350px)\" \/><source srcset=\"https:\/\/www.infobae.com\/resizer\/v2\/KCFBRAAWAIZXTZWKKLQXAO25QM.jpg?auth=96317ea8119d24a74b0fc7435a40ae994a5744f1427f506f7eedce3853c12161&amp;smart=true&amp;width=350&amp;height=233&amp;quality=85\" media=\"(min-width: 80px)\" \/><img loading=\"lazy\" decoding=\"async\" class=\"global-image\" src=\"https:\/\/www.infobae.com\/resizer\/v2\/KCFBRAAWAIZXTZWKKLQXAO25QM.jpg?auth=96317ea8119d24a74b0fc7435a40ae994a5744f1427f506f7eedce3853c12161&amp;smart=true&amp;width=350&amp;height=233&amp;quality=85\" alt=\"Rusia enviar\u00e1 a su Ministra\" width=\"6330\" height=\"4126\" \/><\/picture>Rusia enviar\u00e1 a su Ministra de Cultura al funeral del Papa Francisco (REUTERS\/Maxim Shemetov)<\/div>\n<\/div>\n<div class=\"body-blogging-article \">\n<p class=\"paragraph\"><b>Rusia<\/b>\u00a0estar\u00e1 representada en el funeral del\u00a0<b>Papa Francisco<\/b>, que se celebrar\u00e1 el s\u00e1bado por la ma\u00f1ana en Roma, por la Ministra de Cultura,\u00a0<b>Olga Lyubimova<\/b>.\u00a0<b>Vladimir Putin<\/b>, presidente de Rusia, no estar\u00e1 presente en la ceremonia.<\/p>\n<\/div>\n<\/div>\n<div id=\"parrafo_11\" class=\"body-blogging-container\">\n<div class=\"body-blogging-time-line\">\n<div class=\"body-blogging-time\"><span class=\"body-blogging-time-hour\">02:57\u00a0hs<\/span><span class=\"body-blogging-time-date\">Hoy<\/span><\/div>\n<\/div>\n<div class=\"body-blogging-article body-blogging-article-title\">\n<p id=\"feligreses-surcoreanos-le-rindieron-homenaje-al-papa-francisco-en-una-misa-solemne-en-la-catedral-de-myeongdong\" class=\"header body-blogging-sub-header\"><strong>Feligreses surcoreanos le rindieron homenaje al papa Francisco en una misa solemne en la catedral de Myeongdong.<\/strong><\/p>\n<\/div>\n<div class=\"body-blogging-article \">\n<div class=\"visual-image\"><picture><source srcset=\"https:\/\/www.infobae.com\/resizer\/v2\/TUALQXUSRJCHVJQFQNVRIPTXOY.jpg?auth=47f1ca61541acb1e72191217e67dbabd8f121c2bdf714129a966f99f7875533b&amp;smart=true&amp;width=992&amp;height=661&amp;quality=85\" media=\"(min-width: 1000px)\" \/><source srcset=\"https:\/\/www.infobae.com\/resizer\/v2\/TUALQXUSRJCHVJQFQNVRIPTXOY.jpg?auth=47f1ca61541acb1e72191217e67dbabd8f121c2bdf714129a966f99f7875533b&amp;smart=true&amp;width=768&amp;height=512&amp;quality=85\" media=\"(min-width: 768px)\" \/><source srcset=\"https:\/\/www.infobae.com\/resizer\/v2\/TUALQXUSRJCHVJQFQNVRIPTXOY.jpg?auth=47f1ca61541acb1e72191217e67dbabd8f121c2bdf714129a966f99f7875533b&amp;smart=true&amp;width=577&amp;height=385&amp;quality=85\" media=\"(min-width: 580px)\" \/><source srcset=\"https:\/\/www.infobae.com\/resizer\/v2\/TUALQXUSRJCHVJQFQNVRIPTXOY.jpg?auth=47f1ca61541acb1e72191217e67dbabd8f121c2bdf714129a966f99f7875533b&amp;smart=true&amp;width=420&amp;height=280&amp;quality=85\" media=\"(min-width: 350px)\" \/><source srcset=\"https:\/\/www.infobae.com\/resizer\/v2\/TUALQXUSRJCHVJQFQNVRIPTXOY.jpg?auth=47f1ca61541acb1e72191217e67dbabd8f121c2bdf714129a966f99f7875533b&amp;smart=true&amp;width=350&amp;height=233&amp;quality=85\" media=\"(min-width: 80px)\" \/><img loading=\"lazy\" decoding=\"async\" class=\"global-image\" src=\"https:\/\/www.infobae.com\/resizer\/v2\/TUALQXUSRJCHVJQFQNVRIPTXOY.jpg?auth=47f1ca61541acb1e72191217e67dbabd8f121c2bdf714129a966f99f7875533b&amp;smart=true&amp;width=350&amp;height=233&amp;quality=85\" alt=\"Feligreses surcoreanos le rindieron homenaje\" width=\"6572\" height=\"4381\" \/><\/picture>Feligreses surcoreanos le rindieron homenaje al papa Francisco en una misa solemne en la catedral de Myeongdong (ANTHONY WALLACE\/REUTERS)<\/div>\n<\/div>\n<div class=\"body-blogging-article \">\n<p class=\"paragraph\">Este jueves,\u00a0<b>feligreses surcoreanos<\/b>\u00a0se reunieron en la\u00a0<b>catedral de Myeongdong<\/b>\u00a0en Se\u00fal para dar el \u00faltimo adi\u00f3s al\u00a0<b>papa Francisco<\/b>\u00a0en una misa solemne, donde se honr\u00f3 la dedicaci\u00f3n del pont\u00edfice por fomentar una\u00a0<b>Iglesia m\u00e1s abierta y misericordiosa<\/b>.<\/p>\n<\/div>\n<div class=\"body-blogging-article \">\n<p class=\"paragraph\">El arzobispo\u00a0<b>Peter Chung Soon-taick<\/b>\u00a0expres\u00f3 la \u201cprofunda tristeza\u201d que su fallecimiento, ocurrido este lunes, caus\u00f3 en la comunidad, pero subray\u00f3 con firmeza su convicci\u00f3n de que el papa ha \u201centrado en la vida eterna por la gloria de la resurrecci\u00f3n del Se\u00f1or\u201d.<\/p>\n<\/div>\n<div class=\"body-blogging-article \">\n<p class=\"paragraph\">El arzobispo tambi\u00e9n record\u00f3 la\u00a0<b>especial conexi\u00f3n que Francisco tuvo con Corea del Sur<\/b>, especialmente durante su visita en 2014 para la VI Jornada de la Juventud Asi\u00e1tica. Durante ese viaje, el papa se reuni\u00f3 con personas marginadas, discapacitadas y dolientes, incluidos sobrevivientes de las\u00a0<b>\u201cesclavas sexuales\u201d<\/b>\u00a0forzadas a servir al ej\u00e9rcito imperial japon\u00e9s durante la Segunda Guerra Mundial.<\/p>\n<\/div>\n<div class=\"body-blogging-article \">\n<p class=\"paragraph\">Adem\u00e1s, <strong>Francisco eligi\u00f3 Corea del Sur<\/strong> como su primer destino en Asia tras convertirse en papa en 2013. En esa ocasi\u00f3n, nombr\u00f3 a dos de los actuales cuatro cardenales coreanos, incluido\u00a0<b>Lazzaro You Heung-Sik<\/b>, quien es considerado uno de los posibles candidatos papables en futuras elecciones. Durante la misa, se proyect\u00f3 un emotivo video sobre la vida de Francisco, que destac\u00f3 su dedicaci\u00f3n a la teolog\u00eda y la fe, provocando l\u00e1grimas entre los asistentes.<\/p>\n<\/div>\n<div class=\"body-blogging-article \">\n<p class=\"paragraph\">Seg\u00fan la\u00a0<b>Arquidi\u00f3cesis de Se\u00fal<\/b>, alrededor de\u00a0<b>10.000 personas<\/b> hab\u00edan visitado el altar conmemorativo instalado en la catedral hasta la tarde del mi\u00e9rcoles, para presentar sus respetos al papa. Adem\u00e1s, la <b>Iglesia Cat\u00f3lica de Corea del Sur<\/b> enviar\u00e1 una delegaci\u00f3n de tres de sus altos cargos al Vaticano para asistir al funeral de Francisco, previsto para este s\u00e1bado 26 de abril.<\/p>\n<\/div>\n<\/div>\n<div id=\"parrafo_12\" class=\"body-blogging-container\">\n<div class=\"body-blogging-time-line\">\n<div class=\"body-blogging-time\"><span class=\"body-blogging-time-hour\">02:33\u00a0hs<\/span><span class=\"body-blogging-time-date\">Hoy<\/span><\/div>\n<\/div>\n<div class=\"body-blogging-article body-blogging-article-title\">\n<p id=\"la-basilica-de-san-pedro-recibe-a-los-fieles-por-segundo-dia-para-rendir-homenaje-al-papa-francisco\" class=\"header body-blogging-sub-header\"><strong>La bas\u00edlica de San Pedro recibe a los fieles por segundo d\u00eda para rendir homenaje al papa Francisco<\/strong><\/p>\n<\/div>\n<div class=\"body-blogging-article \">\n<div class=\"visual-image\"><picture><source srcset=\"https:\/\/www.infobae.com\/resizer\/v2\/EAGBO2544VEXZMN5RNGQJZ6UQM.JPG?auth=75477ed53fa8770efcd5daa23e9ba1454b9dd441bef1870c86237067c7b5905c&amp;smart=true&amp;width=992&amp;height=661&amp;quality=85\" media=\"(min-width: 1000px)\" \/><source srcset=\"https:\/\/www.infobae.com\/resizer\/v2\/EAGBO2544VEXZMN5RNGQJZ6UQM.JPG?auth=75477ed53fa8770efcd5daa23e9ba1454b9dd441bef1870c86237067c7b5905c&amp;smart=true&amp;width=768&amp;height=512&amp;quality=85\" media=\"(min-width: 768px)\" \/><source srcset=\"https:\/\/www.infobae.com\/resizer\/v2\/EAGBO2544VEXZMN5RNGQJZ6UQM.JPG?auth=75477ed53fa8770efcd5daa23e9ba1454b9dd441bef1870c86237067c7b5905c&amp;smart=true&amp;width=577&amp;height=385&amp;quality=85\" media=\"(min-width: 580px)\" \/><source srcset=\"https:\/\/www.infobae.com\/resizer\/v2\/EAGBO2544VEXZMN5RNGQJZ6UQM.JPG?auth=75477ed53fa8770efcd5daa23e9ba1454b9dd441bef1870c86237067c7b5905c&amp;smart=true&amp;width=420&amp;height=280&amp;quality=85\" media=\"(min-width: 350px)\" \/><source srcset=\"https:\/\/www.infobae.com\/resizer\/v2\/EAGBO2544VEXZMN5RNGQJZ6UQM.JPG?auth=75477ed53fa8770efcd5daa23e9ba1454b9dd441bef1870c86237067c7b5905c&amp;smart=true&amp;width=350&amp;height=233&amp;quality=85\" media=\"(min-width: 80px)\" \/><img loading=\"lazy\" decoding=\"async\" class=\"global-image\" src=\"https:\/\/www.infobae.com\/resizer\/v2\/EAGBO2544VEXZMN5RNGQJZ6UQM.JPG?auth=75477ed53fa8770efcd5daa23e9ba1454b9dd441bef1870c86237067c7b5905c&amp;smart=true&amp;width=350&amp;height=233&amp;quality=85\" alt=\"Fieles hacen cola para presentar\" width=\"5900\" height=\"3883\" \/><\/picture>Fieles hacen cola para presentar sus respetos mientras el Papa Francisco reposa en la Bas\u00edlica de San Pedro, en el Vaticano<\/div>\n<\/div>\n<div class=\"body-blogging-article \">\n<p class=\"paragraph\">La\u00a0<b>bas\u00edlica de San Pedro<\/b>\u00a0sigue recibiendo a miles de fieles, por segundo d\u00eda consecutivo, para rendir su \u00faltimo homenaje al papa Francisco. Se anticipa que la afluencia de personas ser\u00e1 incluso mayor que la del mi\u00e9rcoles.<\/p>\n<\/div>\n<div class=\"body-blogging-article \">\n<p class=\"paragraph\">El d\u00eda anterior, alrededor de\u00a0<b>20.000 personas<\/b>\u00a0pasaron frente al ata\u00fad del pont\u00edfice, que hab\u00eda sido trasladado desde la\u00a0<b>Capilla de Santa Marta<\/b>, donde fue velado por arzobispos y cardenales. Este jueves, se espera un aumento significativo en el n\u00famero de visitantes, quienes desean rendir homenaje al Papa antes del funeral, previsto para este s\u00e1bado 26 de abril.<\/p>\n<\/div>\n<\/div>\n<div id=\"parrafo_13\" class=\"body-blogging-container\">\n<div class=\"body-blogging-time-line\">\n<div class=\"body-blogging-time\"><span class=\"body-blogging-time-hour\">02:17\u00a0hs<\/span><span class=\"body-blogging-time-date\">Hoy<\/span><\/div>\n<\/div>\n<div class=\"body-blogging-article body-blogging-article-title\">\n<p id=\"el-cardenal-joseph-zen-de-hong-kong-recibio-el-permiso-para-viajar-al-vaticano-y-asistir-al-funeral-del-papa-francisco\" class=\"header body-blogging-sub-header\"><strong>El cardenal Joseph Zen de Hong Kong recibi\u00f3 el permiso para viajar al Vaticano y asistir al funeral del papa Francisco<\/strong><\/p>\n<\/div>\n<div class=\"body-blogging-article \">\n<div class=\"visual-image\"><picture><source srcset=\"https:\/\/www.infobae.com\/resizer\/v2\/SBCZ4UIDK6RMEI2VHVJNJYVYVI.jpg?auth=b72bd74a67358d5473395483ef22834a185d1ebba3a7911678209ad3e10c74e1&amp;smart=true&amp;width=992&amp;height=606&amp;quality=85\" media=\"(min-width: 1000px)\" \/><source srcset=\"https:\/\/www.infobae.com\/resizer\/v2\/SBCZ4UIDK6RMEI2VHVJNJYVYVI.jpg?auth=b72bd74a67358d5473395483ef22834a185d1ebba3a7911678209ad3e10c74e1&amp;smart=true&amp;width=768&amp;height=469&amp;quality=85\" media=\"(min-width: 768px)\" \/><source srcset=\"https:\/\/www.infobae.com\/resizer\/v2\/SBCZ4UIDK6RMEI2VHVJNJYVYVI.jpg?auth=b72bd74a67358d5473395483ef22834a185d1ebba3a7911678209ad3e10c74e1&amp;smart=true&amp;width=577&amp;height=353&amp;quality=85\" media=\"(min-width: 580px)\" \/><source srcset=\"https:\/\/www.infobae.com\/resizer\/v2\/SBCZ4UIDK6RMEI2VHVJNJYVYVI.jpg?auth=b72bd74a67358d5473395483ef22834a185d1ebba3a7911678209ad3e10c74e1&amp;smart=true&amp;width=420&amp;height=257&amp;quality=85\" media=\"(min-width: 350px)\" \/><source srcset=\"https:\/\/www.infobae.com\/resizer\/v2\/SBCZ4UIDK6RMEI2VHVJNJYVYVI.jpg?auth=b72bd74a67358d5473395483ef22834a185d1ebba3a7911678209ad3e10c74e1&amp;smart=true&amp;width=350&amp;height=214&amp;quality=85\" media=\"(min-width: 80px)\" \/><img loading=\"lazy\" decoding=\"async\" class=\"global-image\" src=\"https:\/\/www.infobae.com\/resizer\/v2\/SBCZ4UIDK6RMEI2VHVJNJYVYVI.jpg?auth=b72bd74a67358d5473395483ef22834a185d1ebba3a7911678209ad3e10c74e1&amp;smart=true&amp;width=350&amp;height=214&amp;quality=85\" alt=\"El cardenal Joseph Zen (AP\/Vincent\" width=\"2537\" height=\"1465\" \/><\/picture>El cardenal Joseph Zen (AP\/Vincent Yu)<\/div>\n<\/div>\n<div class=\"body-blogging-article \">\n<p class=\"paragraph\">El cardenal\u00a0<b>Joseph Zen<\/b>, obispo jubilado de\u00a0<b>Hong Kong<\/b>, recibi\u00f3 finalmente el permiso para salir de la ciudad y viajar al\u00a0<b>Vaticano<\/b>\u00a0para asistir al funeral del\u00a0<b>papa Francisco<\/b>. Zen, de <b>93 a\u00f1os<\/b>, hab\u00eda solicitado la devoluci\u00f3n de su pasaporte ante un tribunal, luego de que las autoridades lo confiscara tras su arresto en 2022 bajo la ley de seguridad nacional impuesta por\u00a0<b>Beijing<\/b>.<\/p>\n<\/div>\n<div class=\"body-blogging-article \">\n<p class=\"paragraph\">Seg\u00fan su secretaria, Zen sali\u00f3 de Hong Kong la noche del mi\u00e9rcoles y regresar\u00e1 despu\u00e9s del funeral, programado para el s\u00e1bado, aunque a\u00fan no se ha confirmado la fecha exacta de su regreso.<\/p>\n<\/div>\n<\/div>\n<div id=\"parrafo_14\" class=\"body-blogging-container\">\n<div class=\"body-blogging-time-line\">\n<div class=\"body-blogging-time\"><span class=\"body-blogging-time-hour\">02:14\u00a0hs<\/span><span class=\"body-blogging-time-date\">Hoy<\/span><\/div>\n<\/div>\n<div class=\"body-blogging-article body-blogging-article-title\">\n<p id=\"hinchas-de-san-lorenzo-celebraron-un-misa-en-buenos-aires-por-el-eterno-descanso-del-papa-francisco\" class=\"header body-blogging-sub-header\"><strong>Hinchas de San Lorenzo celebraron un misa en Buenos Aires por el eterno descanso del papa Francisco.<\/strong><\/p>\n<\/div>\n<div class=\"body-blogging-article \">\n<div class=\"visual-image\"><picture><source srcset=\"https:\/\/www.infobae.com\/resizer\/v2\/UMGPRQJETJCM7HFCOYR2Q7XTH4.jpg?auth=31d50428c93163a17f5c04ca544e95b9297f786d4aa8acf014bb26a11a9c32d0&amp;smart=true&amp;width=992&amp;height=661&amp;quality=85\" media=\"(min-width: 1000px)\" \/><source srcset=\"https:\/\/www.infobae.com\/resizer\/v2\/UMGPRQJETJCM7HFCOYR2Q7XTH4.jpg?auth=31d50428c93163a17f5c04ca544e95b9297f786d4aa8acf014bb26a11a9c32d0&amp;smart=true&amp;width=768&amp;height=512&amp;quality=85\" media=\"(min-width: 768px)\" \/><source srcset=\"https:\/\/www.infobae.com\/resizer\/v2\/UMGPRQJETJCM7HFCOYR2Q7XTH4.jpg?auth=31d50428c93163a17f5c04ca544e95b9297f786d4aa8acf014bb26a11a9c32d0&amp;smart=true&amp;width=577&amp;height=385&amp;quality=85\" media=\"(min-width: 580px)\" \/><source srcset=\"https:\/\/www.infobae.com\/resizer\/v2\/UMGPRQJETJCM7HFCOYR2Q7XTH4.jpg?auth=31d50428c93163a17f5c04ca544e95b9297f786d4aa8acf014bb26a11a9c32d0&amp;smart=true&amp;width=420&amp;height=280&amp;quality=85\" media=\"(min-width: 350px)\" \/><source srcset=\"https:\/\/www.infobae.com\/resizer\/v2\/UMGPRQJETJCM7HFCOYR2Q7XTH4.jpg?auth=31d50428c93163a17f5c04ca544e95b9297f786d4aa8acf014bb26a11a9c32d0&amp;smart=true&amp;width=350&amp;height=233&amp;quality=85\" media=\"(min-width: 80px)\" \/><img loading=\"lazy\" decoding=\"async\" class=\"global-image\" src=\"https:\/\/www.infobae.com\/resizer\/v2\/UMGPRQJETJCM7HFCOYR2Q7XTH4.jpg?auth=31d50428c93163a17f5c04ca544e95b9297f786d4aa8acf014bb26a11a9c32d0&amp;smart=true&amp;width=350&amp;height=233&amp;quality=85\" alt=\"El sacerdote Juan Pablo Sclippa\" width=\"6751\" height=\"4501\" \/><\/picture>El sacerdote Juan Pablo Sclippa oficia una misa en memoria del papa Francisco en la capilla San Antonio del barrio de Almagro, en Buenos Aires (Argentina) (EFE)<\/div>\n<\/div>\n<div class=\"body-blogging-article \">\n<p class=\"paragraph\">Aficionados del\u00a0<b>club San Lorenzo de Almagro<\/b>\u00a0de Argentina celebraron el mi\u00e9rcoles una misa en Buenos Aires por el eterno descanso del\u00a0<b>papa Francisco<\/b>, el hincha m\u00e1s c\u00e9lebre del club. La ceremonia se realiz\u00f3 en la capilla San Antonio, ubicada en el barrio de Almagro, lugar emblem\u00e1tico donde en 1908 el sacerdote salesiano\u00a0<b>Lorenzo Massa<\/b>\u00a0fund\u00f3 el club.<\/p>\n<\/div>\n<div class=\"body-blogging-article \">\n<p class=\"paragraph\">Cerca de\u00a0<b>doscientas personas<\/b>\u00a0participaron en la misa, dedicada a recordar al papa como \u201c<b>el mejor jugador del mundo<\/b>\u201d, como lo definieron los asistentes, por su inquebrantable amor al club y su profunda conexi\u00f3n con su barrio y la Iglesia.<\/p>\n<\/div>\n<div class=\"body-blogging-article \">\n<p class=\"paragraph\">El sacerdote\u00a0<b>Juan Pablo Sclippa<\/b>, quien presidi\u00f3 la misa, destac\u00f3 durante su homil\u00eda que el papa Francisco, conocido como\u00a0<b>Jorge Bergoglio<\/b>\u00a0antes de su elecci\u00f3n, \u201cfue un grande que supo ser peque\u00f1o\u201d, resaltando su humildad a pesar de su relevancia global.<\/p>\n<\/div>\n<div class=\"body-blogging-article \">\n<p class=\"paragraph\">Sclippa record\u00f3 que \u201cel padre Jorge, desde que era chico, se dej\u00f3 apasionar por las ense\u00f1anzas del padre Lorenzo\u201d, y subray\u00f3 la cercan\u00eda entre la labor social de Bergoglio y la misi\u00f3n original del club. \u201c<b>Francisco supo ocuparse mucho de aquellos que nadie tuvo demasiado en cuenta\u201d<\/b>, agreg\u00f3 el sacerdote, reflejando la simbiosis entre el club y el papado de Francisco.<\/p>\n<\/div>\n<div class=\"body-blogging-article \">\n<p class=\"paragraph\">Durante la misa, se coloc\u00f3 una bandera del club con el rostro del papa frente al altar, como homenaje a su legado tanto en la Iglesia como en la pasi\u00f3n futbol\u00edstica.<\/p>\n<\/div>\n<\/div>\n<div id=\"parrafo_15\" class=\"body-blogging-container\">\n<div class=\"body-blogging-time-line\">\n<div class=\"body-blogging-time\"><span class=\"body-blogging-time-hour\">01:42\u00a0hs<\/span><span class=\"body-blogging-time-date\">Hoy<\/span><\/div>\n<\/div>\n<div class=\"body-blogging-article body-blogging-article-title\">\n<p id=\"uruguay-despidio-al-papa-francisco-con-una-emotiva-misa-en-montevideo\" class=\"header body-blogging-sub-header\"><strong>Uruguay despidi\u00f3 al papa Francisco con una emotiva misa en Montevideo<\/strong><\/p>\n<\/div>\n<div class=\"body-blogging-article \">\n<div class=\"visual-image\"><picture><source srcset=\"https:\/\/www.infobae.com\/resizer\/v2\/VJVLCDP6ZBG5XFTXU5736ABNAM.PNG?auth=31389af61ed40b3614f140e20bdbefef2be4693fadc15bcd575ece67ca2b9113&amp;smart=true&amp;width=992&amp;height=558&amp;quality=85\" media=\"(min-width: 1000px)\" \/><source srcset=\"https:\/\/www.infobae.com\/resizer\/v2\/VJVLCDP6ZBG5XFTXU5736ABNAM.PNG?auth=31389af61ed40b3614f140e20bdbefef2be4693fadc15bcd575ece67ca2b9113&amp;smart=true&amp;width=768&amp;height=432&amp;quality=85\" media=\"(min-width: 768px)\" \/><source srcset=\"https:\/\/www.infobae.com\/resizer\/v2\/VJVLCDP6ZBG5XFTXU5736ABNAM.PNG?auth=31389af61ed40b3614f140e20bdbefef2be4693fadc15bcd575ece67ca2b9113&amp;smart=true&amp;width=577&amp;height=325&amp;quality=85\" media=\"(min-width: 580px)\" \/><source srcset=\"https:\/\/www.infobae.com\/resizer\/v2\/VJVLCDP6ZBG5XFTXU5736ABNAM.PNG?auth=31389af61ed40b3614f140e20bdbefef2be4693fadc15bcd575ece67ca2b9113&amp;smart=true&amp;width=420&amp;height=236&amp;quality=85\" media=\"(min-width: 350px)\" \/><source srcset=\"https:\/\/www.infobae.com\/resizer\/v2\/VJVLCDP6ZBG5XFTXU5736ABNAM.PNG?auth=31389af61ed40b3614f140e20bdbefef2be4693fadc15bcd575ece67ca2b9113&amp;smart=true&amp;width=350&amp;height=197&amp;quality=85\" media=\"(min-width: 80px)\" \/><img loading=\"lazy\" decoding=\"async\" class=\"global-image\" src=\"https:\/\/www.infobae.com\/resizer\/v2\/VJVLCDP6ZBG5XFTXU5736ABNAM.PNG?auth=31389af61ed40b3614f140e20bdbefef2be4693fadc15bcd575ece67ca2b9113&amp;smart=true&amp;width=350&amp;height=197&amp;quality=85\" alt=\"Catedral de Montevideo (@iglesiauy)\" width=\"1151\" height=\"617\" \/><\/picture>Catedral de Montevideo (@iglesiauy)<\/div>\n<\/div>\n<div class=\"body-blogging-article \">\n<p class=\"paragraph\">En una sentida ceremonia celebrada en la\u00a0<b>Catedral de Montevideo<\/b>, los obispos de Uruguay ofrecieron este mi\u00e9rcoles una misa en honor al papa Francisco, fallecido el lunes a los 88 a\u00f1os. El acto reuni\u00f3 a unas<b>\u00a0mil personas<\/b>, que llenaron cada rinc\u00f3n del templo hist\u00f3rico para rendir homenaje al pont\u00edfice argentino, cuyo legado marc\u00f3 profundamente a la Iglesia cat\u00f3lica.<\/p>\n<\/div>\n<div class=\"body-blogging-article \">\n<p class=\"paragraph\">El obispo de San Jos\u00e9 de Mayo,\u00a0<b>Fabi\u00e1n Ant\u00fanez<\/b>, explic\u00f3 que el objetivo era unirse como episcopado para agradecer y encomendar el futuro de la Iglesia tras la partida del papa. Ant\u00fanez, quien fue ordenado sacerdote en Montevideo y designado obispo por el propio Francisco, comparti\u00f3 vivencias con \u00e9l tanto en\u00a0<b>Buenos Aires<\/b>\u00a0como en\u00a0<b>Roma<\/b>, destacando su espiritualidad, sabidur\u00eda y cercan\u00eda.<\/p>\n<\/div>\n<div class=\"body-blogging-article \">\n<p class=\"paragraph\">Ant\u00fanez record\u00f3 con afecto los a\u00f1os en los que conoci\u00f3 a\u00a0<b>Jorge Mario Bergoglio<\/b>, al tiempo que destac\u00f3 su perfil humano y su enfoque pastoral.<\/p>\n<\/div>\n<div class=\"body-blogging-article \">\n<p class=\"paragraph\">\u201c<b>Un hombre de gran misericordia, profundidad espiritual y atenci\u00f3n a los detalles<\/b>\u201d, se\u00f1al\u00f3.<\/p>\n<\/div>\n<div class=\"body-blogging-article \">\n<p class=\"paragraph\">El papa Francisco, seg\u00fan destac\u00f3 el obispo, deja una Iglesia transformada: m\u00e1s compasiva, abierta a las periferias y al lenguaje de los tiempos actuales.<\/p>\n<\/div>\n<\/div>\n<div id=\"parrafo_16\" class=\"body-blogging-container\">\n<div class=\"body-blogging-time-line\">\n<div class=\"body-blogging-time\"><span class=\"body-blogging-time-hour\">01:27\u00a0hs<\/span><span class=\"body-blogging-time-date\">Hoy<\/span><\/div>\n<div class=\"body-blogging-figures\">\n<div class=\"body-blogging-figures-line\"><\/div>\n<\/div>\n<\/div>\n<div class=\"body-blogging-article \">\n<div class=\"article-header article-headline-live-blogging\">\n<p id=\"dos-cardenales-reflexionaron-sobre-el-legado-del-papa-francisco:-&quot;su-bondad-y-su-cercania-a-jesus-es-algo-enorme-que-nos-ha-dejado&quot;\" class=\"display-block article-headline text_align_left article-headline-live-blogging\"><strong>Dos cardenales reflexionaron sobre el legado del papa Francisco: \u201cSu bondad y su cercan\u00eda a Jes\u00fas es algo enorme que nos ha dejado\u201d.<\/strong><\/p>\n<p class=\"display-block article-headline text_align_left article-headline-live-blogging\"><strong>\u201cL\u00e1grimas y miradas perdidas se alternaron en los rostros de los fieles y los misioneros\u201d, record\u00f3 Giorgio Marengo sobre el impacto que caus\u00f3 la muerte del pont\u00edfice en la peque\u00f1a comunidad cat\u00f3lica de Ul\u00e1n Bator<\/strong><\/p>\n<\/div>\n<div class=\"visual-image\"><picture><source srcset=\"https:\/\/www.infobae.com\/resizer\/v2\/SDUSRORZOTBZJKX6XYOHKO5FMM.jpg?auth=e6a9900c265f49e2302e431fbc67a96a433f68c1be9efa0cbd57cd298384f679&amp;smart=true&amp;width=992&amp;height=744&amp;quality=85\" media=\"(min-width: 1000px)\" \/><source srcset=\"https:\/\/www.infobae.com\/resizer\/v2\/SDUSRORZOTBZJKX6XYOHKO5FMM.jpg?auth=e6a9900c265f49e2302e431fbc67a96a433f68c1be9efa0cbd57cd298384f679&amp;smart=true&amp;width=768&amp;height=576&amp;quality=85\" media=\"(min-width: 768px)\" \/><source srcset=\"https:\/\/www.infobae.com\/resizer\/v2\/SDUSRORZOTBZJKX6XYOHKO5FMM.jpg?auth=e6a9900c265f49e2302e431fbc67a96a433f68c1be9efa0cbd57cd298384f679&amp;smart=true&amp;width=577&amp;height=433&amp;quality=85\" media=\"(min-width: 580px)\" \/><source srcset=\"https:\/\/www.infobae.com\/resizer\/v2\/SDUSRORZOTBZJKX6XYOHKO5FMM.jpg?auth=e6a9900c265f49e2302e431fbc67a96a433f68c1be9efa0cbd57cd298384f679&amp;smart=true&amp;width=420&amp;height=315&amp;quality=85\" media=\"(min-width: 350px)\" \/><source srcset=\"https:\/\/www.infobae.com\/resizer\/v2\/SDUSRORZOTBZJKX6XYOHKO5FMM.jpg?auth=e6a9900c265f49e2302e431fbc67a96a433f68c1be9efa0cbd57cd298384f679&amp;smart=true&amp;width=350&amp;height=263&amp;quality=85\" media=\"(min-width: 80px)\" \/><img loading=\"lazy\" decoding=\"async\" class=\"global-image\" src=\"https:\/\/www.infobae.com\/resizer\/v2\/SDUSRORZOTBZJKX6XYOHKO5FMM.jpg?auth=e6a9900c265f49e2302e431fbc67a96a433f68c1be9efa0cbd57cd298384f679&amp;smart=true&amp;width=350&amp;height=263&amp;quality=85\" alt=\"Giorgio Marengo saluda a amigos\" width=\"4767\" height=\"3477\" \/><\/picture>Giorgio Marengo saluda a amigos y familiares tras ser elevado al rango de cardenal en el Vaticano el 27 de agosto de 2022 (REUTERS\/Remo Casilli)<\/div>\n<p class=\"paragraph\">La muerte del\u00a0<a title=\"https:\/\/www.infobae.com\/tag\/papa-francisco\/\" href=\"https:\/\/www.infobae.com\/tag\/papa-francisco\/\" target=\"_blank\" rel=\"noopener noreferrer\">papa Francisco<\/a>\u00a0ha dejado una profunda marca en la Iglesia Cat\u00f3lica y en los corazones de los cardenales que lo acompa\u00f1aron durante su pontificado. En este contexto,\u00a0<b>el cardenal Giorgio Marengo, prefecto apost\u00f3lico de Ul\u00e1n Bator, y el cardenal Jean-Claude Hollerich, arzobispo de Luxemburgo<\/b>, ofrecieron relatos conmovedores sobre su relaci\u00f3n con el pont\u00edfice, su legado y la direcci\u00f3n que la Iglesia tomar\u00e1 tras su fallecimiento.<\/p>\n<div class=\"text-element\"><a class=\"paragraph\" href=\"https:\/\/www.infobae.com\/america\/mundo\/2025\/04\/24\/dos-cardenales-reflexionaron-sobre-el-legado-del-papa-francisco-su-bondad-y-su-cercania-a-jesus-es-algo-enorme-que-nos-ha-dejado\/\" target=\"_blank\" rel=\"noopener noreferrer\" aria-label=\"Dos cardenales reflexionaron sobre el legado del papa Francisco: \u201cSu bondad y su cercan\u00eda a Jes\u00fas es algo enorme que nos ha dejado\u201d\"><b class=\"read-full-note\">Leer la nota completa<\/b><\/a><\/div>\n<div class=\"body-blogging-btm-line\"><\/div>\n<\/div>\n<\/div>\n<div id=\"parrafo_17\" class=\"body-blogging-container\">\n<div class=\"body-blogging-time-line\">\n<div class=\"body-blogging-time\"><span class=\"body-blogging-time-hour\">01:16\u00a0hs<\/span><span class=\"body-blogging-time-date\">Hoy<\/span><\/div>\n<\/div>\n<div class=\"body-blogging-article \">\n<div class=\"article-header article-headline-live-blogging\">\n<p id=\"el-cardenal-matteo-zuppi-uno-de-los-candidatos-para-ser-papa-despidio-a-francisco:-&quot;queria-comunicar-el-amor-sin-hipocresia&quot;\" class=\"display-block article-headline text_align_left article-headline-live-blogging\"><strong>El cardenal Matteo Zuppi, uno de los candidatos para ser Papa, despidi\u00f3 a Francisco: \u201cQuer\u00eda comunicar el amor sin hipocres\u00eda\u201d. <\/strong><strong>El presidente de la Conferencia Episcopal Italiana subray\u00f3 la capacidad del pont\u00edfice para unir a personas con distintas sensibilidades, reflejando su profunda humanidad y cercan\u00eda.<\/strong><\/p>\n<\/div>\n<div class=\"visual-image\"><picture><source srcset=\"https:\/\/www.infobae.com\/resizer\/v2\/O2POJ3JIEY7WWIQXBSMTRAUNW4.jpg?auth=56a66ed3961ae2145a84be5ac77f61ebd902884a3f964e8917cc34bc2af075a8&amp;smart=true&amp;width=992&amp;height=661&amp;quality=85\" media=\"(min-width: 1000px)\" \/><source srcset=\"https:\/\/www.infobae.com\/resizer\/v2\/O2POJ3JIEY7WWIQXBSMTRAUNW4.jpg?auth=56a66ed3961ae2145a84be5ac77f61ebd902884a3f964e8917cc34bc2af075a8&amp;smart=true&amp;width=768&amp;height=512&amp;quality=85\" media=\"(min-width: 768px)\" \/><source srcset=\"https:\/\/www.infobae.com\/resizer\/v2\/O2POJ3JIEY7WWIQXBSMTRAUNW4.jpg?auth=56a66ed3961ae2145a84be5ac77f61ebd902884a3f964e8917cc34bc2af075a8&amp;smart=true&amp;width=577&amp;height=385&amp;quality=85\" media=\"(min-width: 580px)\" \/><source srcset=\"https:\/\/www.infobae.com\/resizer\/v2\/O2POJ3JIEY7WWIQXBSMTRAUNW4.jpg?auth=56a66ed3961ae2145a84be5ac77f61ebd902884a3f964e8917cc34bc2af075a8&amp;smart=true&amp;width=420&amp;height=280&amp;quality=85\" media=\"(min-width: 350px)\" \/><source srcset=\"https:\/\/www.infobae.com\/resizer\/v2\/O2POJ3JIEY7WWIQXBSMTRAUNW4.jpg?auth=56a66ed3961ae2145a84be5ac77f61ebd902884a3f964e8917cc34bc2af075a8&amp;smart=true&amp;width=350&amp;height=233&amp;quality=85\" media=\"(min-width: 80px)\" \/><img loading=\"lazy\" decoding=\"async\" class=\"global-image\" src=\"https:\/\/www.infobae.com\/resizer\/v2\/O2POJ3JIEY7WWIQXBSMTRAUNW4.jpg?auth=56a66ed3961ae2145a84be5ac77f61ebd902884a3f964e8917cc34bc2af075a8&amp;smart=true&amp;width=350&amp;height=233&amp;quality=85\" alt=\"El papa Francisco se sienta\" width=\"3142\" height=\"2095\" \/><\/picture>El papa Francisco se sienta con el cardenal Matteo Zuppi a su lado, mientras asiste a la 50\u00aa Semana Social de los Cat\u00f3licos en el <strong>\u00abCentro de Convenciones Generali\u00bb<\/strong> en Trieste, Italia, el 7 de julio de 2024 (REUTERS\/Alessandro Garofalo)<\/div>\n<p class=\"paragraph\">El cardenal\u00a0<b>Matteo Maria Zuppi<\/b>, presidente de la\u00a0<b>Conferencia Episcopal Italiana<\/b>, record\u00f3 al\u00a0<b>papa Francisco<\/b>\u00a0en un emotivo video difundido por la web oficial de la instituci\u00f3n, donde destac\u00f3 el amor y la dedicaci\u00f3n del Pont\u00edfice hasta el final de su vida. El\u00a0<a title=\"https:\/\/www.infobae.com\/politica\/2025\/04\/23\/las-intimidades-que-el-papa-francisco-revelo-en-una-entrevista-que-autorizo-publicar-despues-de-su-muerte\/\" href=\"https:\/\/www.infobae.com\/politica\/2025\/04\/23\/las-intimidades-que-el-papa-francisco-revelo-en-una-entrevista-que-autorizo-publicar-despues-de-su-muerte\/\" target=\"_blank\" rel=\"noopener noreferrer\"><b>pont\u00edfice argentino<\/b><\/a>, quien falleci\u00f3 el 21 de abril, fue recordado por su incansable cercan\u00eda con el pueblo, un gesto que Zuppi describe como el de un Papa \u201cque nunca se escatim\u00f3\u201d.<\/p>\n<div class=\"text-element\"><a class=\"paragraph\" href=\"https:\/\/www.infobae.com\/america\/mundo\/2025\/04\/24\/el-cardenal-matteo-zuppi-uno-de-los-candidatos-para-ser-papa-despidio-a-francisco-queria-comunicar-el-amor-sin-hipocresia\/\" target=\"_blank\" rel=\"noopener noreferrer\" aria-label=\"El cardenal Matteo Zuppi, uno de los candidatos para ser Papa, despidi\u00f3 a Francisco: \u201cQuer\u00eda comunicar el amor sin hipocres\u00eda\u201d\"><b class=\"read-full-note\">Leer la nota completa<\/b><\/a><\/div>\n<div class=\"body-blogging-btm-line\"><\/div>\n<\/div>\n<\/div>\n<div id=\"parrafo_18\" class=\"body-blogging-container\">\n<div class=\"body-blogging-time-line\">\n<div class=\"body-blogging-time\"><span class=\"body-blogging-time-hour\">00:52\u00a0hs<\/span><span class=\"body-blogging-time-date\">Hoy<\/span><\/div>\n<\/div>\n<div class=\"body-blogging-article \">\n<div class=\"article-header article-headline-live-blogging\">\n<p id=\"los-nueve-dias-de-duelo-en-el-vaticano-por-el-papa-francisco-comenzaran-el-sabado\" class=\"display-block article-headline text_align_left article-headline-live-blogging\"><strong>Los nueve d\u00edas de duelo en el Vaticano por el papa Francisco comenzar\u00e1n el s\u00e1bado. <\/strong><strong>La Segunda Congregaci\u00f3n General de Cardenales estableci\u00f3 el calendario de las celebraciones eucar\u00edsticas en memoria del fallecido pont\u00edfice.<\/strong><\/p>\n<\/div>\n<div class=\"visual-image\"><picture><source srcset=\"https:\/\/www.infobae.com\/resizer\/v2\/K3EYAP4B4NB2NOSFMXOPQ5DSSY.jpg?auth=e5a2b0e68b8a9473ff57ce95c11c935e441b68202f7f46de4b31c66e60d1d9a4&amp;smart=true&amp;width=992&amp;height=661&amp;quality=85\" media=\"(min-width: 1000px)\" \/><source srcset=\"https:\/\/www.infobae.com\/resizer\/v2\/K3EYAP4B4NB2NOSFMXOPQ5DSSY.jpg?auth=e5a2b0e68b8a9473ff57ce95c11c935e441b68202f7f46de4b31c66e60d1d9a4&amp;smart=true&amp;width=768&amp;height=512&amp;quality=85\" media=\"(min-width: 768px)\" \/><source srcset=\"https:\/\/www.infobae.com\/resizer\/v2\/K3EYAP4B4NB2NOSFMXOPQ5DSSY.jpg?auth=e5a2b0e68b8a9473ff57ce95c11c935e441b68202f7f46de4b31c66e60d1d9a4&amp;smart=true&amp;width=577&amp;height=385&amp;quality=85\" media=\"(min-width: 580px)\" \/><source srcset=\"https:\/\/www.infobae.com\/resizer\/v2\/K3EYAP4B4NB2NOSFMXOPQ5DSSY.jpg?auth=e5a2b0e68b8a9473ff57ce95c11c935e441b68202f7f46de4b31c66e60d1d9a4&amp;smart=true&amp;width=420&amp;height=280&amp;quality=85\" media=\"(min-width: 350px)\" \/><source srcset=\"https:\/\/www.infobae.com\/resizer\/v2\/K3EYAP4B4NB2NOSFMXOPQ5DSSY.jpg?auth=e5a2b0e68b8a9473ff57ce95c11c935e441b68202f7f46de4b31c66e60d1d9a4&amp;smart=true&amp;width=350&amp;height=233&amp;quality=85\" media=\"(min-width: 80px)\" \/><img loading=\"lazy\" decoding=\"async\" class=\"global-image\" src=\"https:\/\/www.infobae.com\/resizer\/v2\/K3EYAP4B4NB2NOSFMXOPQ5DSSY.jpg?auth=e5a2b0e68b8a9473ff57ce95c11c935e441b68202f7f46de4b31c66e60d1d9a4&amp;smart=true&amp;width=350&amp;height=233&amp;quality=85\" alt=\"Una multitud se reuni\u00f3 este\" width=\"8640\" height=\"5760\" \/><\/picture>Una multitud se reuni\u00f3 este mi\u00e9rcoles en la Plaza de San Pedro para presenciar la llegada del cuerpo del papa Francisco, que yacer\u00e1 en la Bas\u00edlica de San Pedro durante tres d\u00edas (AP Photo\/Markus Schreiber)<\/div>\n<p class=\"paragraph\">El\u00a0<a title=\"https:\/\/www.infobae.com\/tag\/vaticano\/\" href=\"https:\/\/www.infobae.com\/tag\/vaticano\/\" target=\"_blank\" rel=\"noopener noreferrer\">Vaticano<\/a>\u00a0anunci\u00f3 este mi\u00e9rcoles que los tradicionales nueve d\u00edas de duelo por un papa, conocidos como\u00a0<b>Novendiales<\/b>, comenzar\u00e1n el s\u00e1bado 26 de abril, con la celebraci\u00f3n de la Misa funeral en la Bas\u00edlica de San Pedro.<\/p>\n<p class=\"paragraph\">Este per\u00edodo de homenajes se extender\u00e1 hasta el domingo 4 de mayo y tiene como prop\u00f3sito\u00a0<b>honrar al\u00a0<\/b><a title=\"https:\/\/www.infobae.com\/tag\/papa-francisco\/\" href=\"https:\/\/www.infobae.com\/tag\/papa-francisco\/\" target=\"_blank\" rel=\"noopener noreferrer\"><b>papa Francisco<\/b><\/a><b>, el primer pont\u00edfice latinoamericano de la historia.<\/b><\/p>\n<p><em><span style=\"font-size: 8pt;\"><strong>FUENTE, INFOBAE<\/strong><\/span><\/em><\/p>\n<\/div>\n<\/div>\n<\/div>\n","protected":false},"excerpt":{"rendered":"<p>Se prev\u00e9 un incremento en la afluencia de personas que buscan dar el \u00faltimo adi\u00f3s al pont\u00edfice antes del funeral, programado para este s\u00e1bado 26 de abril. \u00a0 La\u00a0bas\u00edlica de San Pedro\u00a0contin\u00faa, por segundo d\u00eda consecutivo, recibiendo a miles de fieles que dar\u00e1n el \u00faltimo adi\u00f3s al\u00a0papa Francisco. Se espera que la afluencia sea a\u00fan &hellip;<\/p>\n","protected":false},"author":2,"featured_media":7637,"comment_status":"open","ping_status":"open","sticky":false,"template":"","format":"standard","meta":{"footnotes":""},"categories":[54,35],"tags":[518],"class_list":["post-7636","post","type-post","status-publish","format-standard","has-post-thumbnail","hentry","category-interes-ganeral","category-internacionales","tag-papa-francisco"],"_links":{"self":[{"href":"https:\/\/cafeprensa.com.ar\/index.php\/wp-json\/wp\/v2\/posts\/7636","targetHints":{"allow":["GET"]}}],"collection":[{"href":"https:\/\/cafeprensa.com.ar\/index.php\/wp-json\/wp\/v2\/posts"}],"about":[{"href":"https:\/\/cafeprensa.com.ar\/index.php\/wp-json\/wp\/v2\/types\/post"}],"author":[{"embeddable":true,"href":"https:\/\/cafeprensa.com.ar\/index.php\/wp-json\/wp\/v2\/users\/2"}],"replies":[{"embeddable":true,"href":"https:\/\/cafeprensa.com.ar\/index.php\/wp-json\/wp\/v2\/comments?post=7636"}],"version-history":[{"count":2,"href":"https:\/\/cafeprensa.com.ar\/index.php\/wp-json\/wp\/v2\/posts\/7636\/revisions"}],"predecessor-version":[{"id":7639,"href":"https:\/\/cafeprensa.com.ar\/index.php\/wp-json\/wp\/v2\/posts\/7636\/revisions\/7639"}],"wp:featuredmedia":[{"embeddable":true,"href":"https:\/\/cafeprensa.com.ar\/index.php\/wp-json\/wp\/v2\/media\/7637"}],"wp:attachment":[{"href":"https:\/\/cafeprensa.com.ar\/index.php\/wp-json\/wp\/v2\/media?parent=7636"}],"wp:term":[{"taxonomy":"category","embeddable":true,"href":"https:\/\/cafeprensa.com.ar\/index.php\/wp-json\/wp\/v2\/categories?post=7636"},{"taxonomy":"post_tag","embeddable":true,"href":"https:\/\/cafeprensa.com.ar\/index.php\/wp-json\/wp\/v2\/tags?post=7636"}],"curies":[{"name":"wp","href":"https:\/\/api.w.org\/{rel}","templated":true}]}}