{"id":7643,"date":"2025-04-24T13:12:20","date_gmt":"2025-04-24T11:12:20","guid":{"rendered":"https:\/\/cafeprensa.com.ar\/?p=7643"},"modified":"2025-04-24T13:12:38","modified_gmt":"2025-04-24T11:12:38","slug":"un-posible-caso-de-violencia-institucional","status":"publish","type":"post","link":"https:\/\/cafeprensa.com.ar\/index.php\/2025\/04\/24\/un-posible-caso-de-violencia-institucional\/","title":{"rendered":"\u00abUn posible caso de violencia institucional\u00bb"},"content":{"rendered":"<div class=\"post-content titinterna\">\n<p>Jos\u00e9 Cano exigi\u00f3 explicaciones por un operativo policial en Taf\u00ed Viejo.<\/p>\n<div class=\"entry-content\">El legislador solicit\u00f3 al ministro de Seguridad que aclare los fundamentos de un operativo policial denunciado por ingresar a una vivienda sin orden judicial y ejercer violencia sobre menores.<\/div>\n<\/div>\n<div class=\"entry-header\">\n<div class=\"entry-thumbnail ftoint\">\n<p><img loading=\"lazy\" decoding=\"async\" class=\" img-responsive \" title=\"\" src=\"https:\/\/www.eltucumano.com\/fotos\/cache\/notas\/2025\/04\/23\/818x460_250423111853_13474.jpg\" alt=\"\" width=\"818\" height=\"460\" \/><\/p>\n<p class=\"fotoepigrafe\">El legislador provincial <strong>Jos\u00e9 Cano<\/strong>\u00a0present\u00f3 un pedido formal de informe ante la Comisi\u00f3n de Seguridad y Justicia dirigida al ministro\u00a0<strong>Ag\u00fcero Gamboa<\/strong>\u00a0tras el accionar de efectivos de la Divisi\u00f3n Motorizada de la Polic\u00eda de\u00a0<strong>Tucum\u00e1n<\/strong>\u00a0durante un operativo llevado a cabo en la ciudad de\u00a0<strong>Taf\u00ed Viejo<\/strong>.<\/p>\n<\/div>\n<\/div>\n<div class=\"post-content contgral\">\n<div class=\"entry-content continterna\">\n<p>El hecho, denunciado p\u00fablicamente por j\u00f3venes tafice\u00f1os, se produjo durante la madrugada del s\u00e1bado cuando los agentes ingresaron sin orden judicial a una vivienda donde se desarrollaba una cena de agradecimiento tras una jornada solidaria. Uno de los j\u00f3venes, Santino Mena, sufri\u00f3 fracturas en el brazo y la rodilla tras ser arrojado al suelo y golpeado por los polic\u00edas. Tambi\u00e9n se registraron agresiones a familiares y vecinos que intentaron documentar lo sucedido.<\/p>\n<p>El padre del joven denunci\u00f3 que en la comisar\u00eda no les permitieron radicar la denuncia y que tambi\u00e9n fueron agredidos.<strong>\u00a0<\/strong><em><strong>\u201cNos golpearon nuevamente y se negaron a tomar la denuncia en la dependencia policial ni en la Unidad Regional Norte\u201d<\/strong><\/em>, explic\u00f3 Mario Mena. Toda la documentaci\u00f3n del caso ya fue presentada ante la Justicia.<\/p>\n<p>Ante esta situaci\u00f3n, Cano exigi\u00f3 conocer:<\/p>\n<p>&#8211;<strong> Si exist\u00eda orden judicial para ingresar al domicilio.<\/strong><\/p>\n<p><strong>\u00a0 \u00a0 \u00a0 &#8211;\u00a0 Bajo qu\u00e9 fundamentos se justific\u00f3 el uso de la fuerza.<\/strong><\/p>\n<p><strong>\u00a0 \u00a0 \u00a0 \u00a0&#8211; Qu\u00e9 protocolo rige el accionar de los llamados operativos \u201cTrencito\u201d.<\/strong><\/p>\n<p><strong>\u00a0 \u00a0 \u00a0 \u00a0 &#8211; Qu\u00e9 medidas fueron adoptadas respecto a la presencia de menores durante el procedimiento.<\/strong><\/p>\n<p><strong><em>\u201cEstamos ante un posible caso de violencia institucional, un hecho de gravedad. No se puede permitir que las fuerzas de seguridad act\u00faen fuera del marco legal y menos contra j\u00f3venes organizados que ven\u00edan de realizar tareas comunitarias. Exigimos explicaciones urgentes y sanciones si se comprueba el abuso\u201d<\/em>,<\/strong> se\u00f1al\u00f3 Cano.<\/p>\n<p>Desde la Municipalidad de Taf\u00ed Viejo, por indicaci\u00f3n de la intendenta Alejandra Rodr\u00edguez, se elev\u00f3 una nota formal ante la Secretar\u00eda de Derechos Humanos de la provincia alertando sobre <strong>\u201c<em>serias vulneraciones a derechos humanos fundamentales\u201d<\/em>.<\/strong> El caso ya fue tomado por la Unidad Fiscal de Decisi\u00f3n Temprana.<\/p>\n<\/div>\n<\/div>\n","protected":false},"excerpt":{"rendered":"<p>Jos\u00e9 Cano exigi\u00f3 explicaciones por un operativo policial en Taf\u00ed Viejo. El legislador solicit\u00f3 al ministro de Seguridad que aclare los fundamentos de un operativo policial denunciado por ingresar a una vivienda sin orden judicial y ejercer violencia sobre menores. El legislador provincial Jos\u00e9 Cano\u00a0present\u00f3 un pedido formal de informe ante la Comisi\u00f3n de Seguridad &hellip;<\/p>\n","protected":false},"author":2,"featured_media":7644,"comment_status":"open","ping_status":"open","sticky":false,"template":"","format":"standard","meta":{"footnotes":""},"categories":[1611,26],"tags":[264],"class_list":["post-7643","post","type-post","status-publish","format-standard","has-post-thumbnail","hentry","category-legislatura-de-tucuman","category-policiales","tag-jose-cano"],"_links":{"self":[{"href":"https:\/\/cafeprensa.com.ar\/index.php\/wp-json\/wp\/v2\/posts\/7643","targetHints":{"allow":["GET"]}}],"collection":[{"href":"https:\/\/cafeprensa.com.ar\/index.php\/wp-json\/wp\/v2\/posts"}],"about":[{"href":"https:\/\/cafeprensa.com.ar\/index.php\/wp-json\/wp\/v2\/types\/post"}],"author":[{"embeddable":true,"href":"https:\/\/cafeprensa.com.ar\/index.php\/wp-json\/wp\/v2\/users\/2"}],"replies":[{"embeddable":true,"href":"https:\/\/cafeprensa.com.ar\/index.php\/wp-json\/wp\/v2\/comments?post=7643"}],"version-history":[{"count":2,"href":"https:\/\/cafeprensa.com.ar\/index.php\/wp-json\/wp\/v2\/posts\/7643\/revisions"}],"predecessor-version":[{"id":7646,"href":"https:\/\/cafeprensa.com.ar\/index.php\/wp-json\/wp\/v2\/posts\/7643\/revisions\/7646"}],"wp:featuredmedia":[{"embeddable":true,"href":"https:\/\/cafeprensa.com.ar\/index.php\/wp-json\/wp\/v2\/media\/7644"}],"wp:attachment":[{"href":"https:\/\/cafeprensa.com.ar\/index.php\/wp-json\/wp\/v2\/media?parent=7643"}],"wp:term":[{"taxonomy":"category","embeddable":true,"href":"https:\/\/cafeprensa.com.ar\/index.php\/wp-json\/wp\/v2\/categories?post=7643"},{"taxonomy":"post_tag","embeddable":true,"href":"https:\/\/cafeprensa.com.ar\/index.php\/wp-json\/wp\/v2\/tags?post=7643"}],"curies":[{"name":"wp","href":"https:\/\/api.w.org\/{rel}","templated":true}]}}