{"id":7655,"date":"2025-04-24T13:58:32","date_gmt":"2025-04-24T11:58:32","guid":{"rendered":"https:\/\/cafeprensa.com.ar\/?p=7655"},"modified":"2025-04-24T14:02:37","modified_gmt":"2025-04-24T12:02:37","slug":"estatua-del-papa-francisco-mas-grande-del-mundo-en-la-ciudad-de-aguilares-tucuma","status":"publish","type":"post","link":"https:\/\/cafeprensa.com.ar\/index.php\/2025\/04\/24\/estatua-del-papa-francisco-mas-grande-del-mundo-en-la-ciudad-de-aguilares-tucuma\/","title":{"rendered":"La estatua del papa Francisco m\u00e1s grande del mundo esta en la ciudad de Aguilares Tucum\u00e1n"},"content":{"rendered":"<div class=\"pull-left col-md-6 fotos-containers\">Mide 7,5 metros de altura y est\u00e1 emplazada en la Plaza Francisco I.<br \/>\n<strong>Este mi\u00e9rcoles 23 de abril, dos d\u00edas despu\u00e9s de la muerte del Papa Francisco, se realiz\u00f3 en la ciudad de Aguilares la misa por el eterno descanso del pont\u00edfice argentino: el lugar elegido para la misma no pod\u00eda ser otro que a los pies de la estatua de 7,5 metros de altura en honor a Jorge Bergoglio, la m\u00e1s alta del mundo hasta la fecha.<\/strong>\u00a0\u00abLloramos al Evangelio, al Pastor misericordioso, al Profeta de la Paz\u00bb, afirmaron desde el Municipio.<\/div>\n<div><img loading=\"lazy\" decoding=\"async\" class=\"alignnone wp-image-7656 size-full\" src=\"https:\/\/cafeprensa.com.ar\/wp-content\/uploads\/2025\/04\/58176_90.webp\" alt=\"\" width=\"999\" height=\"543\" srcset=\"https:\/\/cafeprensa.com.ar\/wp-content\/uploads\/2025\/04\/58176_90.webp 999w, https:\/\/cafeprensa.com.ar\/wp-content\/uploads\/2025\/04\/58176_90-300x163.webp 300w, https:\/\/cafeprensa.com.ar\/wp-content\/uploads\/2025\/04\/58176_90-768x417.webp 768w\" sizes=\"auto, (max-width: 999px) 100vw, 999px\" \/><\/div>\n<div><\/div>\n<p>\u00abUnidos como comunidad est\u00e1 ma\u00f1ana se realiz\u00f3 la Santa Misa en la plaza que lleva el Nombre de \u201cPapa Francisco\u201d donde se encuentra la escultura del Santo Padre. Es algo \u00fanico en toda la Rep\u00fablica Argentina, un espacio f\u00edsico destinado a homenajear al Primer Papa Argentino Jorge Mario Bergoglio\u00bb, celebr\u00f3 la Municipalidad de Aguilares en las redes sociales.<\/p>\n<p><img decoding=\"async\" class=\"img-responsive\" src=\"https:\/\/scontent.ftuc1-2.fna.fbcdn.net\/v\/t39.30808-6\/492544798_1112844010886177_4617720328523306105_n.jpg?_nc_cat=103&amp;ccb=1-7&amp;_nc_sid=833d8c&amp;_nc_ohc=dVNoyfSKNV4Q7kNvwHXvogZ&amp;_nc_oc=Adka8fvgAewBKzQEWEWC_QaoredtgaLsKHh3BV-3ihq9IfwVlR-hQH1saEDFFb_1qIs&amp;_nc_zt=23&amp;_nc_ht=scontent.ftuc1-2.fna&amp;_nc_gid=_AB043JacWgClUrjf7mitw&amp;oh=00_AfEnnRnWHS7j65r7YQzyyLZiXwoa0u3j7iT66Vg5_e0Dsg&amp;oe=680F2135\" width=\"700\" \/><\/p>\n<p>&nbsp;<\/p>\n<p>Del oficio religioso participaron la intendenta Gimena Mansilla y la diputada nacional Elia Fern\u00e1ndez de Mansilla, acompa\u00f1adas por concejales, funcionarios municipales y vecinos de Aguilares. <strong>\u00abLa Santa Misa fue concelebrada por los Sacerdotes de nuestra ciudad, para rogar por el eterno descanso del Santo Padre Francisco; en el d\u00eda que dieron inicio sus exequias en la Santa Sede\u00bb,<\/strong> destacaron desde el Municipio de Aguilares.<\/p>\n<p>En junio del 2022 se instal\u00f3 la estatua del Papa Francisco de 7,5 metros de altura y cuyo peso alcanza los 8.000 kilos en la intersecci\u00f3n de la calle Alberdi y la Ruta 38, en Aguilares. La estatua es obra del escultor Rub\u00e9n Pereyra y super\u00f3 a la que anteriormente ostentaba el r\u00e9cord mundial, en Ciudad Ju\u00e1rez, M\u00e9xico, que mide 4,8 metros de altura.<\/p>\n<p><iframe loading=\"lazy\" src=\"https:\/\/www.facebook.com\/plugins\/post.php?href=https%3A%2F%2Fwww.facebook.com%2Fmunicipioaguilares%2Fposts%2Fpfbid02Qxp1AdH6jcU7SjvWAFpeW6Rpi4UaE7EuX7hq2EoMgsyrtGpNPaEJu2WYpZ9CP1Apl&amp;show_text=true&amp;width=500\" width=\"500\" height=\"748\" frameborder=\"0\" scrolling=\"no\" allowfullscreen=\"allowfullscreen\" data-mce-fragment=\"1\"><\/iframe><\/p>\n<p>&nbsp;<\/p>\n<p><i><b>La construcci\u00f3n termin\u00f3 en 2022<\/b><\/i><\/p>\n","protected":false},"excerpt":{"rendered":"<p>Mide 7,5 metros de altura y est\u00e1 emplazada en la Plaza Francisco I. Este mi\u00e9rcoles 23 de abril, dos d\u00edas despu\u00e9s de la muerte del Papa Francisco, se realiz\u00f3 en la ciudad de Aguilares la misa por el eterno descanso del pont\u00edfice argentino: el lugar elegido para la misma no pod\u00eda ser otro que a &hellip;<\/p>\n","protected":false},"author":2,"featured_media":7657,"comment_status":"open","ping_status":"open","sticky":false,"template":"","format":"standard","meta":{"footnotes":""},"categories":[54,34],"tags":[1674,518],"class_list":["post-7655","post","type-post","status-publish","format-standard","has-post-thumbnail","hentry","category-interes-ganeral","category-locales","tag-aguilares","tag-papa-francisco"],"_links":{"self":[{"href":"https:\/\/cafeprensa.com.ar\/index.php\/wp-json\/wp\/v2\/posts\/7655","targetHints":{"allow":["GET"]}}],"collection":[{"href":"https:\/\/cafeprensa.com.ar\/index.php\/wp-json\/wp\/v2\/posts"}],"about":[{"href":"https:\/\/cafeprensa.com.ar\/index.php\/wp-json\/wp\/v2\/types\/post"}],"author":[{"embeddable":true,"href":"https:\/\/cafeprensa.com.ar\/index.php\/wp-json\/wp\/v2\/users\/2"}],"replies":[{"embeddable":true,"href":"https:\/\/cafeprensa.com.ar\/index.php\/wp-json\/wp\/v2\/comments?post=7655"}],"version-history":[{"count":2,"href":"https:\/\/cafeprensa.com.ar\/index.php\/wp-json\/wp\/v2\/posts\/7655\/revisions"}],"predecessor-version":[{"id":7659,"href":"https:\/\/cafeprensa.com.ar\/index.php\/wp-json\/wp\/v2\/posts\/7655\/revisions\/7659"}],"wp:featuredmedia":[{"embeddable":true,"href":"https:\/\/cafeprensa.com.ar\/index.php\/wp-json\/wp\/v2\/media\/7657"}],"wp:attachment":[{"href":"https:\/\/cafeprensa.com.ar\/index.php\/wp-json\/wp\/v2\/media?parent=7655"}],"wp:term":[{"taxonomy":"category","embeddable":true,"href":"https:\/\/cafeprensa.com.ar\/index.php\/wp-json\/wp\/v2\/categories?post=7655"},{"taxonomy":"post_tag","embeddable":true,"href":"https:\/\/cafeprensa.com.ar\/index.php\/wp-json\/wp\/v2\/tags?post=7655"}],"curies":[{"name":"wp","href":"https:\/\/api.w.org\/{rel}","templated":true}]}}