{"id":7692,"date":"2025-04-25T12:32:35","date_gmt":"2025-04-25T10:32:35","guid":{"rendered":"https:\/\/cafeprensa.com.ar\/?p=7692"},"modified":"2025-04-25T12:32:35","modified_gmt":"2025-04-25T10:32:35","slug":"es-momento-de-decir-basta-a-los-acoples","status":"publish","type":"post","link":"https:\/\/cafeprensa.com.ar\/index.php\/2025\/04\/25\/es-momento-de-decir-basta-a-los-acoples\/","title":{"rendered":"\u201cEs momento de decir basta a los acoples\u201d"},"content":{"rendered":"<div class=\"the-post-header s-head-modern s-head-modern-a has-share-meta-right\">\n<div class=\"post-meta post-meta-a post-meta-left post-meta-single has-below\"><\/div>\n<\/div>\n<div class=\"the-post s-post-modern\">\n<article id=\"post-74703\" class=\"post-74703 post type-post status-publish format-standard has-post-thumbnail category-tucuman category-z4-destacada tag-acoples tag-boleta-unica-papel-2 tag-fundacion-federalismo-y-libertad-2 tag-regimen-electoral tag-sebastian-salazar-2\">\n<div class=\"post-content-wrap has-share-float\">\n<div class=\"post-content cf entry-content content-spacious\">\n<p>El ex intendente de Bella Vista Sebasti\u00e1n Salazar reclam\u00f3 el fin del sistema de acoples en la provincia. Lo hizo en el marco de su exposici\u00f3n en la charla organizada por la Fundaci\u00f3n Federalismo y Libertad y Transparencia Electoral.<strong> \u201cUno de los desaf\u00edos m\u00e1s urgentes de nuestro sistema democr\u00e1tico es la necesidad de una verdadera reforma pol\u00edtica y electoral\u201d<\/strong>, dijo.<\/p>\n<p><strong>\u201cDurante a\u00f1os hemos convivido con un sistema de acoples que distorsiona la representaci\u00f3n, confunde al elector y, sobre todo, termina beneficiando a quienes detentan el poder. Todos lo sabemos. Todos lo decimos en privado. Pero hace falta dar un paso m\u00e1s: animarse a eliminarlo por completo\u201d<\/strong>, afirm\u00f3.<\/p>\n<p><strong>\u201cLa \u00fanica manera seria, transparente y definitiva de hacerlo es a trav\u00e9s de una reforma constitucional. Cualquier intento parcial o cosm\u00e9tico solo prolonga el problema. S\u00e9 que hay obst\u00e1culos, s\u00e9 que los tiempos no siempre son favorables, pero si hay voluntad pol\u00edtica real, debe traducirse en acciones concretas. Quiz\u00e1 una salida r\u00e1pida pueda ser la limitaci\u00f3n de los acoples a la m\u00e1xima expresi\u00f3n, es decir, dos por cada frente pol\u00edtico\u201d<\/strong>, propuso.<\/p>\n<p><img loading=\"lazy\" decoding=\"async\" class=\"alignnone wp-image-7694 size-full\" src=\"https:\/\/cafeprensa.com.ar\/wp-content\/uploads\/2025\/04\/818x460_220103102832_74854.jpg\" alt=\"\" width=\"818\" height=\"460\" srcset=\"https:\/\/cafeprensa.com.ar\/wp-content\/uploads\/2025\/04\/818x460_220103102832_74854.jpg 818w, https:\/\/cafeprensa.com.ar\/wp-content\/uploads\/2025\/04\/818x460_220103102832_74854-300x169.jpg 300w, https:\/\/cafeprensa.com.ar\/wp-content\/uploads\/2025\/04\/818x460_220103102832_74854-768x432.jpg 768w, https:\/\/cafeprensa.com.ar\/wp-content\/uploads\/2025\/04\/818x460_220103102832_74854-390x220.jpg 390w\" sizes=\"auto, (max-width: 818px) 100vw, 818px\" \/><\/p>\n<p><strong>\u201cProponer la eliminaci\u00f3n total de los acoples no es ir contra nadie, es apostar por todos. Apostar por una democracia m\u00e1s justa, m\u00e1s clara y m\u00e1s respetuosa de la voluntad ciudadana. Es momento de asumir la responsabilidad y dejar de inclinar la cancha en favor de un solo espacio pol\u00edtico\u201d,<\/strong> agreg\u00f3.<\/p>\n<p>Adem\u00e1s, Salazar plante\u00f3 la incorporaci\u00f3n de la boleta \u00fanica en papel, para transparentar y agilizar los comicios provinciales.<\/p>\n<p><strong>\u201cEsta es una discusi\u00f3n que no se puede seguir postergando. Y estoy convencido de que si trabajamos con honestidad, generosidad y visi\u00f3n de futuro, podemos dar el paso que Tucum\u00e1n necesita\u201d<\/strong>, concluy\u00f3.<\/p>\n<p>El proyecto presentado por Salazar en el auditorio del hotel Catalinas Park fue confeccionado entre los t\u00e9cnicos de La Libertad Avanza y de la Municipalidad de Bella Vista.<\/p>\n<\/div>\n<\/div>\n<\/article>\n<\/div>\n","protected":false},"excerpt":{"rendered":"<p>El ex intendente de Bella Vista Sebasti\u00e1n Salazar reclam\u00f3 el fin del sistema de acoples en la provincia. Lo hizo en el marco de su exposici\u00f3n en la charla organizada por la Fundaci\u00f3n Federalismo y Libertad y Transparencia Electoral. \u201cUno de los desaf\u00edos m\u00e1s urgentes de nuestro sistema democr\u00e1tico es la necesidad de una verdadera &hellip;<\/p>\n","protected":false},"author":2,"featured_media":7693,"comment_status":"open","ping_status":"open","sticky":false,"template":"","format":"standard","meta":{"footnotes":""},"categories":[34,25],"tags":[241,110],"class_list":["post-7692","post","type-post","status-publish","format-standard","has-post-thumbnail","hentry","category-locales","category-politica","tag-sebastian-salazar","tag-ucr"],"_links":{"self":[{"href":"https:\/\/cafeprensa.com.ar\/index.php\/wp-json\/wp\/v2\/posts\/7692","targetHints":{"allow":["GET"]}}],"collection":[{"href":"https:\/\/cafeprensa.com.ar\/index.php\/wp-json\/wp\/v2\/posts"}],"about":[{"href":"https:\/\/cafeprensa.com.ar\/index.php\/wp-json\/wp\/v2\/types\/post"}],"author":[{"embeddable":true,"href":"https:\/\/cafeprensa.com.ar\/index.php\/wp-json\/wp\/v2\/users\/2"}],"replies":[{"embeddable":true,"href":"https:\/\/cafeprensa.com.ar\/index.php\/wp-json\/wp\/v2\/comments?post=7692"}],"version-history":[{"count":2,"href":"https:\/\/cafeprensa.com.ar\/index.php\/wp-json\/wp\/v2\/posts\/7692\/revisions"}],"predecessor-version":[{"id":7696,"href":"https:\/\/cafeprensa.com.ar\/index.php\/wp-json\/wp\/v2\/posts\/7692\/revisions\/7696"}],"wp:featuredmedia":[{"embeddable":true,"href":"https:\/\/cafeprensa.com.ar\/index.php\/wp-json\/wp\/v2\/media\/7693"}],"wp:attachment":[{"href":"https:\/\/cafeprensa.com.ar\/index.php\/wp-json\/wp\/v2\/media?parent=7692"}],"wp:term":[{"taxonomy":"category","embeddable":true,"href":"https:\/\/cafeprensa.com.ar\/index.php\/wp-json\/wp\/v2\/categories?post=7692"},{"taxonomy":"post_tag","embeddable":true,"href":"https:\/\/cafeprensa.com.ar\/index.php\/wp-json\/wp\/v2\/tags?post=7692"}],"curies":[{"name":"wp","href":"https:\/\/api.w.org\/{rel}","templated":true}]}}