{"id":7697,"date":"2025-04-25T13:49:34","date_gmt":"2025-04-25T11:49:34","guid":{"rendered":"https:\/\/cafeprensa.com.ar\/?p=7697"},"modified":"2025-04-25T13:53:34","modified_gmt":"2025-04-25T11:53:34","slug":"los-empresarios-del-transporte-tucumano-piden-aumento","status":"publish","type":"post","link":"https:\/\/cafeprensa.com.ar\/index.php\/2025\/04\/25\/los-empresarios-del-transporte-tucumano-piden-aumento\/","title":{"rendered":"Empresarios del transporte piden un aumento de la compensaci\u00f3n tarifaria al gobierno"},"content":{"rendered":"<header class=\"article-header\" data-tadevel-template=\"web\/article-header\">\n<p class=\"article-deck\">Lo confirm\u00f3 uno de los miembros de AETAT, Luis Garc\u00eda, quien afirm\u00f3 que no solicitar\u00e1n una suba en el precio del boleto. En el actual contexto de transici\u00f3n del sistema de pago en el transporte p\u00fablico de pasajeros en <strong>Tucum\u00e1n<\/strong>, se han suscitado diversas opiniones y an\u00e1lisis sobre la situaci\u00f3n que enfrentan los empresarios del sector. En este sentido,\u00a0<strong>Luis Garc\u00eda<\/strong>, un destacado representante de las empresas de transporte, ha compartido su perspectiva en un reciente<strong> di\u00e1logo con Radio LV7.\u00a0<\/strong><\/p>\n<p><img loading=\"lazy\" decoding=\"async\" class=\"alignnone wp-image-7702 size-full\" src=\"https:\/\/cafeprensa.com.ar\/wp-content\/uploads\/2025\/04\/viajar-colectivo-tucuman-medium-size.webp\" alt=\"\" width=\"960\" height=\"544\" srcset=\"https:\/\/cafeprensa.com.ar\/wp-content\/uploads\/2025\/04\/viajar-colectivo-tucuman-medium-size.webp 960w, https:\/\/cafeprensa.com.ar\/wp-content\/uploads\/2025\/04\/viajar-colectivo-tucuman-medium-size-300x170.webp 300w, https:\/\/cafeprensa.com.ar\/wp-content\/uploads\/2025\/04\/viajar-colectivo-tucuman-medium-size-768x435.webp 768w, https:\/\/cafeprensa.com.ar\/wp-content\/uploads\/2025\/04\/viajar-colectivo-tucuman-medium-size-390x220.webp 390w\" sizes=\"auto, (max-width: 960px) 100vw, 960px\" \/><\/p>\n<\/header>\n<div class=\"columns\" data-tadevel-template=\"web\/article-columns\">\n<div class=\"column-main\">\n<div class=\"article-body\" data-tadevel-template=\"web\/article-body\">\n<div class=\"article-body-content\">\n<p>Garc\u00eda ha subrayado que, a pesar de las presiones econ\u00f3micas que atraviesan las empresas,\u00a0<strong>no se est\u00e1 solicitando un aumento en el precio del boleto<\/strong>. Sin embargo, ha reconocido que\u00a0<strong>se est\u00e1n llevando a cabo negociaciones con el gobierno provincial en relaci\u00f3n a un posible incremento en las compensaciones tarifarias<\/strong>.<\/p>\n<p>Este aspecto es crucial, dado que las empresas se enfrentan a un incremento en sus costos operativos. \u00ab<strong>No estamos pidiendo un aumento de boleto, pero lo que s\u00ed estamos en gestiones con el Gobierno de la Provincia respecto de lograr un aumento de las compensaciones tarifarias dado los mayores costos que estamos teniendo<\/strong>\u00ab, afirm\u00f3 Garc\u00eda, enfatizando la necesidad de apoyo gubernamental en este escenario. Adem\u00e1s, el empresario hizo hincapi\u00e9 en la situaci\u00f3n laboral del sector, mencionando que el sindicato de trabajadores del transporte, <strong>UTA<\/strong>, ha solicitado la apertura de nuevas paritarias.<\/p>\n<p>Este hecho implica que las empresas deber\u00e1n afrontar un incremento en los gastos relacionados con los sueldos, lo que agrava a\u00fan m\u00e1s la situaci\u00f3n financiera de las mismas.<\/p>\n<p><img loading=\"lazy\" decoding=\"async\" class=\"alignnone wp-image-7698 size-full\" src=\"https:\/\/cafeprensa.com.ar\/wp-content\/uploads\/2025\/04\/830x465_240228114941_32092.jpg\" alt=\"\" width=\"830\" height=\"465\" srcset=\"https:\/\/cafeprensa.com.ar\/wp-content\/uploads\/2025\/04\/830x465_240228114941_32092.jpg 830w, https:\/\/cafeprensa.com.ar\/wp-content\/uploads\/2025\/04\/830x465_240228114941_32092-300x168.jpg 300w, https:\/\/cafeprensa.com.ar\/wp-content\/uploads\/2025\/04\/830x465_240228114941_32092-768x430.jpg 768w\" sizes=\"auto, (max-width: 830px) 100vw, 830px\" \/><\/p>\n<p>Por otro lado, Garc\u00eda tambi\u00e9n destac\u00f3 la disminuci\u00f3n en la cantidad de pasajeros que utilizan el servicio, un factor que contribuye a la complicada situaci\u00f3n econ\u00f3mica del transporte p\u00fablico. Este descenso en la demanda ha llevado a las empresas a replantearse la viabilidad de sus operaciones en el corto y mediano plazo.<\/p>\n<p><img loading=\"lazy\" decoding=\"async\" class=\"alignnone wp-image-7701 size-large\" src=\"https:\/\/cafeprensa.com.ar\/wp-content\/uploads\/2025\/04\/colectivo2-1024x580.jpg\" alt=\"\" width=\"1024\" height=\"580\" srcset=\"https:\/\/cafeprensa.com.ar\/wp-content\/uploads\/2025\/04\/colectivo2-1024x580.jpg 1024w, https:\/\/cafeprensa.com.ar\/wp-content\/uploads\/2025\/04\/colectivo2-300x170.jpg 300w, https:\/\/cafeprensa.com.ar\/wp-content\/uploads\/2025\/04\/colectivo2-768x435.jpg 768w, https:\/\/cafeprensa.com.ar\/wp-content\/uploads\/2025\/04\/colectivo2-390x220.jpg 390w, https:\/\/cafeprensa.com.ar\/wp-content\/uploads\/2025\/04\/colectivo2.jpg 1235w\" sizes=\"auto, (max-width: 1024px) 100vw, 1024px\" \/><\/p>\n<p><strong>En resumen, la postura de los empresarios del transporte, al no solicitar un aumento en el precio del boleto, parece reflejar un intento de equilibrar las necesidades econ\u00f3micas del sector con las expectativas de los usuarios. No obstante, la b\u00fasqueda de un aumento en las compensaciones tarifarias se presenta como una medida necesaria para hacer frente a los crecientes costos y mantener la operatividad del servicio.<\/strong><\/p>\n<\/div>\n<\/div>\n<\/div>\n<\/div>\n","protected":false},"excerpt":{"rendered":"<p>Lo confirm\u00f3 uno de los miembros de AETAT, Luis Garc\u00eda, quien afirm\u00f3 que no solicitar\u00e1n una suba en el precio del boleto. En el actual contexto de transici\u00f3n del sistema de pago en el transporte p\u00fablico de pasajeros en Tucum\u00e1n, se han suscitado diversas opiniones y an\u00e1lisis sobre la situaci\u00f3n que enfrentan los empresarios del &hellip;<\/p>\n","protected":false},"author":2,"featured_media":7700,"comment_status":"open","ping_status":"open","sticky":false,"template":"","format":"standard","meta":{"footnotes":""},"categories":[54,34],"tags":[97,98,57,99,1856,129,1756,158,600,127],"class_list":["post-7697","post","type-post","status-publish","format-standard","has-post-thumbnail","hentry","category-interes-ganeral","category-locales","tag-aetat","tag-berreta","tag-boleto","tag-colectivos","tag-garcia","tag-gonzalez","tag-linea-19","tag-tarifas","tag-tarjetas","tag-uta"],"_links":{"self":[{"href":"https:\/\/cafeprensa.com.ar\/index.php\/wp-json\/wp\/v2\/posts\/7697","targetHints":{"allow":["GET"]}}],"collection":[{"href":"https:\/\/cafeprensa.com.ar\/index.php\/wp-json\/wp\/v2\/posts"}],"about":[{"href":"https:\/\/cafeprensa.com.ar\/index.php\/wp-json\/wp\/v2\/types\/post"}],"author":[{"embeddable":true,"href":"https:\/\/cafeprensa.com.ar\/index.php\/wp-json\/wp\/v2\/users\/2"}],"replies":[{"embeddable":true,"href":"https:\/\/cafeprensa.com.ar\/index.php\/wp-json\/wp\/v2\/comments?post=7697"}],"version-history":[{"count":3,"href":"https:\/\/cafeprensa.com.ar\/index.php\/wp-json\/wp\/v2\/posts\/7697\/revisions"}],"predecessor-version":[{"id":7705,"href":"https:\/\/cafeprensa.com.ar\/index.php\/wp-json\/wp\/v2\/posts\/7697\/revisions\/7705"}],"wp:featuredmedia":[{"embeddable":true,"href":"https:\/\/cafeprensa.com.ar\/index.php\/wp-json\/wp\/v2\/media\/7700"}],"wp:attachment":[{"href":"https:\/\/cafeprensa.com.ar\/index.php\/wp-json\/wp\/v2\/media?parent=7697"}],"wp:term":[{"taxonomy":"category","embeddable":true,"href":"https:\/\/cafeprensa.com.ar\/index.php\/wp-json\/wp\/v2\/categories?post=7697"},{"taxonomy":"post_tag","embeddable":true,"href":"https:\/\/cafeprensa.com.ar\/index.php\/wp-json\/wp\/v2\/tags?post=7697"}],"curies":[{"name":"wp","href":"https:\/\/api.w.org\/{rel}","templated":true}]}}