{"id":7781,"date":"2025-04-28T16:38:15","date_gmt":"2025-04-28T14:38:15","guid":{"rendered":"https:\/\/cafeprensa.com.ar\/?p=7781"},"modified":"2025-04-28T16:38:15","modified_gmt":"2025-04-28T14:38:15","slug":"rio-chico-un-muerto-tras-un-multiple-choque-en-la-ruta-38","status":"publish","type":"post","link":"https:\/\/cafeprensa.com.ar\/index.php\/2025\/04\/28\/rio-chico-un-muerto-tras-un-multiple-choque-en-la-ruta-38\/","title":{"rendered":"R\u00edo Chico: un muerto tras un m\u00faltiple choque en la ruta 38"},"content":{"rendered":"<p>El siniestro vial, donde <strong>participaron dos motos y dos autos, sucedi\u00f3 este domingo alrededor de las 6:30 de la ma\u00f1ana a la altura de Los C\u00f3rdoba, al sur de R\u00edo Chico.<\/strong><\/p>\n<p style=\"font-weight: 400;\">El choque se inici\u00f3 entre dos motocicletas, que luego fueron embestidas por dos autom\u00f3viles que no lograron frenar a tiempo. E<strong>l primer veh\u00edculo en colisionar fue un Chevrolet Meriva, que impact\u00f3 contra una de las motos que hab\u00eda quedado a un costado de la banquina. A ra\u00edz de ese golpe, la motocicleta fue impulsada nuevamente hacia la calzada, donde otro veh\u00edculo (Chevrolet Corsa) la termin\u00f3 impactando.<\/strong><\/p>\n<p>En el Chevrolet Corsa viajaban dos personas que se dirig\u00edan a trabajar: <strong>Hugo Nieva, quien conduc\u00eda, y Julio Bustamante, que iba de acompa\u00f1ante. Ambos relataron que observaron c\u00f3mo el Meriva<\/strong> embisti\u00f3 primero a la motocicleta y que, debido al desplazamiento del veh\u00edculo menor, ellos no pudieron evitar el impacto posterior.<\/p>\n<p>Los motociclistas fueron identificados como <strong>Juan Sierra, de la localidad de Aguilares, y Bruno Pereyra, de 37 a\u00f1os, oriundo de Los C\u00f3rdoba.<\/strong> Ambos fueron asistidos en primera instancia en el Hospital de Aguilares, dada la gravedad de las lesiones sufridas.<\/p>\n<p>Posteriormente, los dos heridos fueron trasladados al <strong>Hospital Padilla de San Miguel de Tucum\u00e1n. Bruno Pereyra, el motociclista de Los C\u00f3rdoba,<\/strong> presentaba politraumatismos y cortes en su miembro inferior izquierdo. En tanto, Juan Brando Sierra sufri\u00f3 un traumatismo enc\u00e9falo craneano (TEC) con p\u00e9rdida de conocimiento. Debido a la gravedad de su estado, fue derivado primero al <strong>Hospital de Concepci\u00f3n<\/strong> para ser intubado, y luego continu\u00f3 su traslado hacia el Padilla donde lamentablemente falleci\u00f3.<\/p>\n<p><strong>En la emergencia actuaron las ambulancias Eco17 y Delta65, pertenecientes al Hospital de Aguilares. Adem\u00e1s, trabajaron en el lugar efectivos de la Polic\u00eda de Tucum\u00e1n y personal de Gendarmer\u00eda Nacional.<\/strong><\/p>\n","protected":false},"excerpt":{"rendered":"<p>El siniestro vial, donde participaron dos motos y dos autos, sucedi\u00f3 este domingo alrededor de las 6:30 de la ma\u00f1ana a la altura de Los C\u00f3rdoba, al sur de R\u00edo Chico. El choque se inici\u00f3 entre dos motocicletas, que luego fueron embestidas por dos autom\u00f3viles que no lograron frenar a tiempo. El primer veh\u00edculo en &hellip;<\/p>\n","protected":false},"author":2,"featured_media":7782,"comment_status":"open","ping_status":"open","sticky":false,"template":"","format":"standard","meta":{"footnotes":""},"categories":[34,26],"tags":[1745,1864,1618],"class_list":["post-7781","post","type-post","status-publish","format-standard","has-post-thumbnail","hentry","category-locales","category-policiales","tag-accidente","tag-agulares","tag-ruta-38"],"_links":{"self":[{"href":"https:\/\/cafeprensa.com.ar\/index.php\/wp-json\/wp\/v2\/posts\/7781","targetHints":{"allow":["GET"]}}],"collection":[{"href":"https:\/\/cafeprensa.com.ar\/index.php\/wp-json\/wp\/v2\/posts"}],"about":[{"href":"https:\/\/cafeprensa.com.ar\/index.php\/wp-json\/wp\/v2\/types\/post"}],"author":[{"embeddable":true,"href":"https:\/\/cafeprensa.com.ar\/index.php\/wp-json\/wp\/v2\/users\/2"}],"replies":[{"embeddable":true,"href":"https:\/\/cafeprensa.com.ar\/index.php\/wp-json\/wp\/v2\/comments?post=7781"}],"version-history":[{"count":2,"href":"https:\/\/cafeprensa.com.ar\/index.php\/wp-json\/wp\/v2\/posts\/7781\/revisions"}],"predecessor-version":[{"id":7784,"href":"https:\/\/cafeprensa.com.ar\/index.php\/wp-json\/wp\/v2\/posts\/7781\/revisions\/7784"}],"wp:featuredmedia":[{"embeddable":true,"href":"https:\/\/cafeprensa.com.ar\/index.php\/wp-json\/wp\/v2\/media\/7782"}],"wp:attachment":[{"href":"https:\/\/cafeprensa.com.ar\/index.php\/wp-json\/wp\/v2\/media?parent=7781"}],"wp:term":[{"taxonomy":"category","embeddable":true,"href":"https:\/\/cafeprensa.com.ar\/index.php\/wp-json\/wp\/v2\/categories?post=7781"},{"taxonomy":"post_tag","embeddable":true,"href":"https:\/\/cafeprensa.com.ar\/index.php\/wp-json\/wp\/v2\/tags?post=7781"}],"curies":[{"name":"wp","href":"https:\/\/api.w.org\/{rel}","templated":true}]}}