{"id":7830,"date":"2025-04-29T15:23:14","date_gmt":"2025-04-29T13:23:14","guid":{"rendered":"https:\/\/cafeprensa.com.ar\/?p=7830"},"modified":"2025-04-29T15:23:14","modified_gmt":"2025-04-29T13:23:14","slug":"la-intendente-chahla-participo-de-la-feria-internacional-del-libro-de-buenos-aires","status":"publish","type":"post","link":"https:\/\/cafeprensa.com.ar\/index.php\/2025\/04\/29\/la-intendente-chahla-participo-de-la-feria-internacional-del-libro-de-buenos-aires\/","title":{"rendered":"La intendente Chahla particip\u00f3 de la Feria Internacional del Libro de Buenos Aires"},"content":{"rendered":"<section class=\"principal\">\n<div class=\"fullpost__encabezado \">\n<p class=\"fullpost__titulo\">La jefa municipal particip\u00f3 del conversatorio \u201cCultura Urbana, Biodiversidad y Medio Ambiente\u201d, organizado por el Banco de Desarrollo de Am\u00e9rica Latina y el Caribe (CAF). La Municipalidad de San Miguel de Tucum\u00e1n estuvo presente en la 49\u00b0 Feria Internacional del Libro de Buenos Aires, donde la intendente <strong>Rossana Chahla<\/strong>\u00a0expuso sobre las pol\u00edticas que viene desplegando la actual gesti\u00f3n para el cuidado del medio ambiente y la promoci\u00f3n de las actividades vinculadas a la cultura urbana.<\/p>\n<\/div>\n<\/section>\n<section class=\"extra1\">\n<div class=\"fullpost__main   \">\n<div class=\"fullpost__cuerpo\">\n<p>La jefa municipal particip\u00f3 este domingo del conversatorio <strong>\u201cCultura Urbana, Biodiversidad y Medio Ambiente\u201d,<\/strong> organizado por el Banco de Desarrollo de Am\u00e9rica Latina y el Cariba (CAF) para debatir sobre c\u00f3mo, a trav\u00e9s de los principales emergentes de la cultura urbana, como el rock, el trap y el muralismo, entre otros, se puede impactar positivamente en las nuevas generaciones sobre el cuidado del medio ambiente, la biodiversidad y las ciudades.<\/p>\n<p><img loading=\"lazy\" decoding=\"async\" class=\"alignnone wp-image-7832 size-large\" src=\"https:\/\/cafeprensa.com.ar\/wp-content\/uploads\/2025\/04\/multimedia.grande.b89057032aecc948.Z3JhbmRlLndlYnA-1024x683.webp\" alt=\"\" width=\"1024\" height=\"683\" srcset=\"https:\/\/cafeprensa.com.ar\/wp-content\/uploads\/2025\/04\/multimedia.grande.b89057032aecc948.Z3JhbmRlLndlYnA-1024x683.webp 1024w, https:\/\/cafeprensa.com.ar\/wp-content\/uploads\/2025\/04\/multimedia.grande.b89057032aecc948.Z3JhbmRlLndlYnA-300x200.webp 300w, https:\/\/cafeprensa.com.ar\/wp-content\/uploads\/2025\/04\/multimedia.grande.b89057032aecc948.Z3JhbmRlLndlYnA-768x512.webp 768w, https:\/\/cafeprensa.com.ar\/wp-content\/uploads\/2025\/04\/multimedia.grande.b89057032aecc948.Z3JhbmRlLndlYnA-1536x1024.webp 1536w, https:\/\/cafeprensa.com.ar\/wp-content\/uploads\/2025\/04\/multimedia.grande.b89057032aecc948.Z3JhbmRlLndlYnA-2048x1366.webp 2048w\" sizes=\"auto, (max-width: 1024px) 100vw, 1024px\" \/><\/p>\n<p><strong>Chahla<\/strong> comparti\u00f3 el panel con sus pares de la ciudad de General Roca (R\u00edo Negro),\u00a0<strong>Mar\u00eda Emilia Soria<\/strong>, y de Tres de Febrero (Buenos Aires),<strong>\u00a0Diego Valenzuela<\/strong>, adem\u00e1s de reconocidos gestores y referentes culturales de todo el pa\u00eds y autoridades del CAF, encabezadas por su vicepresidente corporativo de Programaci\u00f3n Estrat\u00e9gica,\u00a0<strong>Christian Asinelli<\/strong>.<\/p>\n<p>En su exposici\u00f3n, la intendente de San Miguel de Tucum\u00e1n remarc\u00f3 que viene promoviendo un modelo de gesti\u00f3n que priorice al ciudadano como centro de todas las intervenciones, con el objetivo de mejorar la calidad de vida de la poblaci\u00f3n y alcanzar una ciudad sana.<\/p>\n<p>Agreg\u00f3 que para lograr esas premisas se elabor\u00f3 el Plan Rector 2023-2030, alineado con los Objetivos de Desarrollo Sostenible (ODS) de Naciones Unidas, y que tuvo como una de sus primeras acciones un diagn\u00f3stico detallado que permiti\u00f3 detectar 500 basurales urbanos distribuidos en distintos barrios, lo que luego propici\u00f3 el dise\u00f1o de pol\u00edticas p\u00fablicas espec\u00edficas. La intendente tambi\u00e9n mencion\u00f3 la organizaci\u00f3n de un Diagn\u00f3stico Participativo, con un relevamiento territorial para evaluar indicadores cr\u00edticos como problemas de cloacas, mal estado de calles y falencias de infraestructura en la ciudad.<\/p>\n<p>A continuaci\u00f3n, Chahla destac\u00f3 la puesta en marcha de programas puntuales como Transform\u00e1, cuya esencia radica en resignificar espacios degradados, convirtiendo antiguos basurales en lugares de valor simb\u00f3lico y comunitario. <strong>\u201cGracias a esta pol\u00edtica p\u00fablica innovadora, estamos logrando transformaciones hist\u00f3ricas en distintos barrios de la ciudad. Un ejemplo emblem\u00e1tico es el barrio Juan XXIII, donde recientemente inauguramos la primera cuadra del Plan de Transformaci\u00f3n Simb\u00f3lica de Basurales. Este basural cr\u00f3nico dio lugar a un entorno saludable con pavimento articulado, veredas nuevas, juegos infantiles, pista de salud, luminarias LED, \u00e1rboles nativos y murales hechos por vecinos y artistas locales\u201d<\/strong>, grafic\u00f3.<\/p>\n<p>La intendente sostuvo que este tipo de intervenciones no solo representa una mejora urbana, sino tambi\u00e9n un cambio cultural que impulsa la participaci\u00f3n ciudadana y el compromiso ambiental.<strong> \u201cEstos avances consolidan una nueva cultura del cuidado colectivo, fortalecen el tejido social y mejoran significativamente la calidad de vida de nuestras vecinas y vecinos\u201d,<\/strong> a\u00f1adi\u00f3.<\/p>\n<p>Tambi\u00e9n destac\u00f3 el lanzamiento de proyectos educativos, orientados a generar conciencia ambiental desde edades tempranas, como los programas EDUC\u00c1, SEPAR\u00c1, Ecocanje y Control\u00e1, que permitieron la capacitaci\u00f3n de m\u00e1s de 30.000 alumnos y 1.600 docentes para promover el cuidado del planeta.<\/p>\n<p>Chahla explic\u00f3 que se en la capital tucumana lleva adelante <strong>\u201cuna profunda revalorizaci\u00f3n de espacios verdes como el Parque 9 de Julio, el principal pulm\u00f3n verde de nuestra, con una campa\u00f1a permanente de forestaci\u00f3n, con m\u00e1s de 2.300 \u00e1rboles plantados, adem\u00e1s de avanzar en el primer censo arb\u00f3reo de la ciudad con m\u00e1s de 47.000 \u00e1rboles ya censados y Georreferenciados\u201d.<\/strong><\/p>\n<h2>La cultura urbana<\/h2>\n<p>Por otro lado, la jefa municipal sostuvo que la cultura urbana es clave en esta transformaci\u00f3n ambiental y social, actuando como catalizadora de identidad y participaci\u00f3n comunitaria. \u201cA trav\u00e9s del Laboratorio de Hip Hop \u00abEsquinas\u00bb, talleres gratuitos de freestyle, danza y rap convocamos a los j\u00f3venes para que, con su creatividad, fortalezcan su identidad barrial y su conciencia ambiental. Programas como <strong>\u00abPintamos la Ciudad que Queremos\u00bb permitieron la creaci\u00f3n de 100 murales que rescatan nuestra identidad y homenajean a figuras emblem\u00e1ticas como Mercedes Sosa o Lola Mora\u201d<\/strong>, repas\u00f3 Chahla.<\/p>\n<p>La intendente sostuvo que estas acciones culturales se integran a eventos masivos como \u00abPrimavera en la Ciudad\u00bb y la campa\u00f1a <strong>\u00abD\u00eda Mundial de la Limpieza\u00bb<\/strong>, que involucraron a miles de estudiantes en pr\u00e1cticas ambientales concretas, como reciclaje, huertas urbanas y compostaje. <strong>\u201cDe este modo, el compromiso ambiental se vuelve una experiencia colectiva y se fortalece la identidad urbana\u201d,<\/strong> resumi\u00f3.<\/p>\n<p>En el cierre de su exposici\u00f3n, Chahla dijo que trabaja con la convicci\u00f3n de que la cultura, el arte urbano y la participaci\u00f3n comunitaria son partes inseparables de una misma visi\u00f3n de ciudad. <strong>\u201cPorque cuidar el ambiente es tambi\u00e9n cuidar nuestro barrio, nuestra identidad y nuestro futuro com\u00fan. Sigamos abriendo libros, pero tambi\u00e9n murales, micr\u00f3fonos y corazones, porque el futuro es ahora y lo escribimos juntos\u201d,<\/strong> cerr\u00f3.<\/p>\n<\/div>\n<\/div>\n<\/section>\n","protected":false},"excerpt":{"rendered":"<p>La jefa municipal particip\u00f3 del conversatorio \u201cCultura Urbana, Biodiversidad y Medio Ambiente\u201d, organizado por el Banco de Desarrollo de Am\u00e9rica Latina y el Caribe (CAF). La Municipalidad de San Miguel de Tucum\u00e1n estuvo presente en la 49\u00b0 Feria Internacional del Libro de Buenos Aires, donde la intendente Rossana Chahla\u00a0expuso sobre las pol\u00edticas que viene desplegando &hellip;<\/p>\n","protected":false},"author":2,"featured_media":7831,"comment_status":"open","ping_status":"open","sticky":false,"template":"","format":"standard","meta":{"footnotes":""},"categories":[30,34],"tags":[1878],"class_list":["post-7830","post","type-post","status-publish","format-standard","has-post-thumbnail","hentry","category-cultura-y-espectaculos","category-locales","tag-cultura-urbana-exposicion-feria-internacional-del-libro-de-buenos-aires-medio-ambiente-municipalidad-de-san-miguel-de-tucuman-rossana-chahla"],"_links":{"self":[{"href":"https:\/\/cafeprensa.com.ar\/index.php\/wp-json\/wp\/v2\/posts\/7830","targetHints":{"allow":["GET"]}}],"collection":[{"href":"https:\/\/cafeprensa.com.ar\/index.php\/wp-json\/wp\/v2\/posts"}],"about":[{"href":"https:\/\/cafeprensa.com.ar\/index.php\/wp-json\/wp\/v2\/types\/post"}],"author":[{"embeddable":true,"href":"https:\/\/cafeprensa.com.ar\/index.php\/wp-json\/wp\/v2\/users\/2"}],"replies":[{"embeddable":true,"href":"https:\/\/cafeprensa.com.ar\/index.php\/wp-json\/wp\/v2\/comments?post=7830"}],"version-history":[{"count":1,"href":"https:\/\/cafeprensa.com.ar\/index.php\/wp-json\/wp\/v2\/posts\/7830\/revisions"}],"predecessor-version":[{"id":7833,"href":"https:\/\/cafeprensa.com.ar\/index.php\/wp-json\/wp\/v2\/posts\/7830\/revisions\/7833"}],"wp:featuredmedia":[{"embeddable":true,"href":"https:\/\/cafeprensa.com.ar\/index.php\/wp-json\/wp\/v2\/media\/7831"}],"wp:attachment":[{"href":"https:\/\/cafeprensa.com.ar\/index.php\/wp-json\/wp\/v2\/media?parent=7830"}],"wp:term":[{"taxonomy":"category","embeddable":true,"href":"https:\/\/cafeprensa.com.ar\/index.php\/wp-json\/wp\/v2\/categories?post=7830"},{"taxonomy":"post_tag","embeddable":true,"href":"https:\/\/cafeprensa.com.ar\/index.php\/wp-json\/wp\/v2\/tags?post=7830"}],"curies":[{"name":"wp","href":"https:\/\/api.w.org\/{rel}","templated":true}]}}