{"id":7843,"date":"2025-04-30T01:19:55","date_gmt":"2025-04-29T23:19:55","guid":{"rendered":"https:\/\/cafeprensa.com.ar\/?p=7843"},"modified":"2025-04-30T01:21:43","modified_gmt":"2025-04-29T23:21:43","slug":"inicio-a-la-zafra-en-el-ingenio-la-corona","status":"publish","type":"post","link":"https:\/\/cafeprensa.com.ar\/index.php\/2025\/04\/30\/inicio-a-la-zafra-en-el-ingenio-la-corona\/","title":{"rendered":"Inicio a la zafra en el Ingenio La Corona"},"content":{"rendered":"<h2 class=\"post-title title-lg\"><span style=\"font-size: 16px; font-weight: 400;\">El Primer Mandatario impuls\u00f3 un acuerdo con los industriales para garantizar una zafra 2025 exitosa.<\/span><\/h2>\n<div class=\"row ts-gutter-30 noticia\">\n<div class=\"col-lg-8 nota-left-section\">\n<div id=\"details-news-234237\" class=\"single-post\">\n<div class=\"post-content-area\">\n<div class=\"articleBody\">\n<p>En el <strong>Ingenio La Corona, en Concepci\u00f3n,<\/strong> el gobernador,\u00a0<strong>Osvaldo Jaldo,<\/strong>\u00a0particip\u00f3 de la misa y la bendici\u00f3n de frutos por el inicio de la zafra 2025.<\/p>\n<p><img decoding=\"async\" class=\"img-responsive\" src=\"https:\/\/www.comunicaciontucuman.gob.ar\/fotos\/notas\/2025\/04\/29\/250429122614_61947.jpeg\" \/><\/p>\n<p>Jaldo valor\u00f3 el esfuerzo de toda la cadena productiva, en especial el de los ca\u00f1eros: \u201cSu capital est\u00e1 a la intemperie, dependen del clima d\u00eda a d\u00eda. A ellos, muchas gracias por el trabajo constante\u201d. Tambi\u00e9n resalt\u00f3 el rol de los trabajadores del ingenio, fundamentales para transformar la ca\u00f1a en producto.<\/p>\n<blockquote><p>\u00abTenemos un mundo en guerra, cuyas consecuencias econ\u00f3micas llegan a la Argentina y tambi\u00e9n a Tucum\u00e1n\u00bb, dijo. Frente a esto, convoc\u00f3 a la unidad: \u201cHoy m\u00e1s que nunca tenemos que estar juntos\u00bb.<\/p><\/blockquote>\n<p><strong>Destac\u00f3 el acuerdo firmado entre los 14 ingenios de la regi\u00f3n, ca\u00f1eros y el gobierno provincial para diversificar la producci\u00f3n y fortalecer el precio del az\u00facar: \u201cLo importante no es si tenemos mucha o poca materia prima, sino qu\u00e9 destino le damos. Tenemos que cumplir con los cupos de exportaci\u00f3n, bioetanol y generaci\u00f3n de energ\u00eda\u201d.<\/strong><\/p>\n<p>En un fuerte mensaje de unidad, Jaldo remarc\u00f3: \u201cHoy m\u00e1s que nunca, los tucumanos tenemos que estar juntos, defender el az\u00facar, el alcohol, los c\u00edtricos, el ar\u00e1ndano, la frutilla y todas nuestras econom\u00edas regionales. Vivimos exclusivamente de ellas\u201d.<\/p>\n<p>En un llamado a la madurez pol\u00edtica, el Gobernador reivindic\u00f3 la colaboraci\u00f3n con distintos niveles de gobierno: <strong>\u201cCon el intendente firmamos convenios clave, pese a no compartir espacio pol\u00edtico. Primero est\u00e1 la gente y primero est\u00e1 Tucum\u00e1n\u201d<\/strong>.<\/p>\n<p><img decoding=\"async\" class=\"img-responsive\" src=\"https:\/\/www.comunicaciontucuman.gob.ar\/fotos\/notas\/2025\/04\/29\/250429122626_71215.jpeg\" \/><\/p>\n<p>Acompa\u00f1aron al Primer Mandatario\u00a0el intendente de Concepci\u00f3n,<strong>\u00a0Alejandro Molinuevo<\/strong>; el secretario de Producci\u00f3n,<strong>\u00a0Eduardo Castro;\u00a0<\/strong>el secretario de Gobierno y Relaciones Institucionales,\u00a0<strong>Ra\u00fal Albarrac\u00edn;\u00a0<\/strong>el titular del Ipla<strong>,\u00a0Dante Loza;<\/strong>\u00a0el legislador,<strong>\u00a0Carlos Funes;\u00a0<\/strong>el propietario de la compa\u00f1\u00eda<strong>, Roberto Arano;\u00a0<\/strong>el Vicario General de la Di\u00f3cesis de Concepci\u00f3n,<strong>\u00a0Fabi\u00e1n Brito;<\/strong>\u00a0concejales y trabajadores.<\/p>\n<p><img decoding=\"async\" class=\"img-responsive\" src=\"https:\/\/www.comunicaciontucuman.gob.ar\/fotos\/notas\/2025\/04\/29\/250429122712_36943.jpeg\" \/><\/p>\n<p>Por otro lado, el jefe municipal subray\u00f3 la necesidad de trabajar juntos por la industria tucumana y argentina, garantizando buenas condiciones laborales y mayor seguridad para los trabajadores.<\/p>\n<p><em><strong>\u00abNecesitamos del Gobierno Nacional, del Provincial y de los municipios para acompa\u00f1ar a este gran ingenio, que es parte de la historia y el coraz\u00f3n de Concepci\u00f3n\u00bb,<\/strong> enfatiz\u00f3.<\/em><\/p>\n<p>Molinuevo reafirm\u00f3 que \u201cTucum\u00e1n es az\u00facar\u201d, y que, a pesar de la diversidad productiva, el sector azucarero sigue siendo clave para el crecimiento de la provincia. Cerr\u00f3 su mensaje con un llamado a la unidad: \u201cCon esperanza, vamos a salir adelante. Este a\u00f1o va a ser mucho mejor que el anterior\u201d.<\/p>\n<p><img decoding=\"async\" class=\"img-responsive\" src=\"https:\/\/www.comunicaciontucuman.gob.ar\/fotos\/notas\/2025\/04\/29\/250429122726_71651.jpeg\" \/><\/p>\n<p>Por su parte,\u00a0Roberto\u00a0Arano, expres\u00f3 su gratitud hacia el gobierno provincial por su respaldo a la industria sucroalcoholera.<\/p>\n<blockquote><p>\u201cSabemos que las condiciones no son f\u00e1ciles, pero tenemos las herramientas para que nos vaya bien a todos\u201d, dijo y record\u00f3 la historia de la empresa, fundada en 1882, y el orgullo por pertenecer a un proyecto con casi 140 a\u00f1os de continuidad en Argentina.<\/p><\/blockquote>\n<p>Respecto al desarrollo industrial del ingenio, Arano mencion\u00f3: \u201cTenemos un plan de inversiones a cinco a\u00f1os y ya llevamos tres ejecutados. Lo previsto para el a\u00f1o pasado se cumpli\u00f3. Una de las obras m\u00e1s importantes fue la renovaci\u00f3n del trapiche, que ahora es el\u00e9ctrico, el \u00fanico en su tipo en Tucum\u00e1n. Fue una apuesta fuerte y acertada, ya que es mucho m\u00e1s f\u00e1cil de operar que uno convencional con turbinas\u201d.<\/p>\n<p>Finalmente, detall\u00f3 que \u201cel grueso de la inversi\u00f3n fue justamente el trapiche, que demand\u00f3 una inversi\u00f3n de un mill\u00f3n y medio de d\u00f3lares. En este rubro no se puede improvisar; todo debe hacerse con solidez financiera para evitar problemas mayores a futuro\u201d.<\/p>\n<p><img decoding=\"async\" class=\"img-responsive\" src=\"https:\/\/www.comunicaciontucuman.gob.ar\/fotos\/notas\/2025\/04\/29\/250429124726_85993.jpeg\" \/><\/p>\n<\/div>\n<\/div>\n<\/div>\n<\/div>\n<\/div>\n","protected":false},"excerpt":{"rendered":"<p>El Primer Mandatario impuls\u00f3 un acuerdo con los industriales para garantizar una zafra 2025 exitosa. En el Ingenio La Corona, en Concepci\u00f3n, el gobernador,\u00a0Osvaldo Jaldo,\u00a0particip\u00f3 de la misa y la bendici\u00f3n de frutos por el inicio de la zafra 2025. Jaldo valor\u00f3 el esfuerzo de toda la cadena productiva, en especial el de los ca\u00f1eros: &hellip;<\/p>\n","protected":false},"author":2,"featured_media":7844,"comment_status":"open","ping_status":"open","sticky":false,"template":"","format":"standard","meta":{"footnotes":""},"categories":[28,34],"tags":[682],"class_list":["post-7843","post","type-post","status-publish","format-standard","has-post-thumbnail","hentry","category-economia","category-locales","tag-ingenio-corona"],"_links":{"self":[{"href":"https:\/\/cafeprensa.com.ar\/index.php\/wp-json\/wp\/v2\/posts\/7843","targetHints":{"allow":["GET"]}}],"collection":[{"href":"https:\/\/cafeprensa.com.ar\/index.php\/wp-json\/wp\/v2\/posts"}],"about":[{"href":"https:\/\/cafeprensa.com.ar\/index.php\/wp-json\/wp\/v2\/types\/post"}],"author":[{"embeddable":true,"href":"https:\/\/cafeprensa.com.ar\/index.php\/wp-json\/wp\/v2\/users\/2"}],"replies":[{"embeddable":true,"href":"https:\/\/cafeprensa.com.ar\/index.php\/wp-json\/wp\/v2\/comments?post=7843"}],"version-history":[{"count":3,"href":"https:\/\/cafeprensa.com.ar\/index.php\/wp-json\/wp\/v2\/posts\/7843\/revisions"}],"predecessor-version":[{"id":7847,"href":"https:\/\/cafeprensa.com.ar\/index.php\/wp-json\/wp\/v2\/posts\/7843\/revisions\/7847"}],"wp:featuredmedia":[{"embeddable":true,"href":"https:\/\/cafeprensa.com.ar\/index.php\/wp-json\/wp\/v2\/media\/7844"}],"wp:attachment":[{"href":"https:\/\/cafeprensa.com.ar\/index.php\/wp-json\/wp\/v2\/media?parent=7843"}],"wp:term":[{"taxonomy":"category","embeddable":true,"href":"https:\/\/cafeprensa.com.ar\/index.php\/wp-json\/wp\/v2\/categories?post=7843"},{"taxonomy":"post_tag","embeddable":true,"href":"https:\/\/cafeprensa.com.ar\/index.php\/wp-json\/wp\/v2\/tags?post=7843"}],"curies":[{"name":"wp","href":"https:\/\/api.w.org\/{rel}","templated":true}]}}