{"id":7855,"date":"2025-04-30T12:35:48","date_gmt":"2025-04-30T10:35:48","guid":{"rendered":"https:\/\/cafeprensa.com.ar\/?p=7855"},"modified":"2025-04-30T12:35:48","modified_gmt":"2025-04-30T10:35:48","slug":"jaldo-participo-de-la-misa-en-memoria-del-papa-francisco","status":"publish","type":"post","link":"https:\/\/cafeprensa.com.ar\/index.php\/2025\/04\/30\/jaldo-participo-de-la-misa-en-memoria-del-papa-francisco\/","title":{"rendered":"Jaldo particip\u00f3 de la misa en memoria del Papa Francisco"},"content":{"rendered":"<div class=\"row ts-gutter-30 noticia\">\n<div class=\"col-lg-8 nota-left-section\">\n<div id=\"details-news-234257\" class=\"single-post\">\n<div class=\"post-content-area\">\n<div class=\"articleBody\">\n<p>El gobernador,\u00a0<strong>Osvaldo Jaldo<\/strong>, asisti\u00f3 este martes a la misa en la Iglesia Catedral por el eterno descanso de su santidad el Papa Francisco. La ceremonia fue presidida por Monse\u00f1or\u00a0<strong>Carlos S\u00e1nchez<\/strong>; junto al obispo auxiliar\u00a0<strong>Roberto Ferrari;<\/strong>\u00a0el Cardenal<strong>\u00a0Luis Villalba\u00a0<\/strong>y todo el clero.<\/p>\n<p>Acompa\u00f1aron al mandatario su esposa,\u00a0<strong>Ana Mar\u00eda Grillo;\u00a0<\/strong>el vicegobernador,\u00a0<strong>Miguel Acevedo;<\/strong>\u00a0la intendente<strong>\u00a0Rossana Chahla<\/strong>\u00a0y su esposo\u00a0<strong>Marcelo San Pedro; el vicepresidente primero de la Legislatura Aldo Salom\u00f3n;\u00a0<\/strong>los ministros\u00a0<strong>Regino Amado<\/strong>\u00a0de Gobierno y Justicia,<strong>\u00a0Eugenio Ag\u00fcero Gamboa<\/strong>\u00a0de Seguridad,\u00a0<strong>Daniel Abad d<\/strong>e Econom\u00eda,\u00a0<strong>Luis Medina Ruiz<\/strong>\u00a0de Salud, la fiscal de Estado,\u00a0<strong>Gilda Pedicone de Valls<\/strong>, el subsecretario de la gobernaci\u00f3n,\u00a0<strong>Mart\u00edn Alves;<\/strong>\u00a0el secretario de Gobierno y Relaciones Institucionales,\u00a0<strong>Ra\u00fal Albarracin<\/strong>; la secretaria de Culto<strong>, Roxana D\u00edaz<\/strong>; el presidente de la Corte Suprema de Justicia,\u00a0<strong>Daniel Leiva<\/strong>; los vocales<strong>\u00a0Antonio Estofan, Eleonora Rodr\u00edguez Campos<\/strong>; el juez federal\u00a0<strong>Fernando Povi\u00f1a<\/strong>; los legisladores\u00a0<strong>Rolando Alfaro, Walter Berarducci, Adriana Najar, Marcelo Herrera, Leopoldo Rodr\u00edguez, Alejandro Figueroa; la intendenta de Alderetes, Graciela Guti\u00e9rrez y Claudio Vi\u00f1a;\u00a0<\/strong>el titular del IPLA,<strong>\u00a0Dante Loza.<\/strong><\/p>\n<p><img loading=\"lazy\" decoding=\"async\" class=\"alignnone wp-image-7857 size-large\" src=\"https:\/\/cafeprensa.com.ar\/wp-content\/uploads\/2025\/04\/250429225232_25648-1024x682.jpeg\" alt=\"\" width=\"1024\" height=\"682\" srcset=\"https:\/\/cafeprensa.com.ar\/wp-content\/uploads\/2025\/04\/250429225232_25648-1024x682.jpeg 1024w, https:\/\/cafeprensa.com.ar\/wp-content\/uploads\/2025\/04\/250429225232_25648-300x200.jpeg 300w, https:\/\/cafeprensa.com.ar\/wp-content\/uploads\/2025\/04\/250429225232_25648-768x512.jpeg 768w, https:\/\/cafeprensa.com.ar\/wp-content\/uploads\/2025\/04\/250429225232_25648.jpeg 1280w\" sizes=\"auto, (max-width: 1024px) 100vw, 1024px\" \/><\/p>\n<p>Durante el oficio religioso, se honr\u00f3 la memoria del Sumo Pont\u00edfice y su legado de humildad, misericordia y compromiso con la justicia social. <strong>\u00abHoy hemos venido a participar de esta misa en honor al descanso en paz del Papa Francisco. Como gobierno de la provincia, representamos a la gran comunidad de Tucum\u00e1n, que tiene una profunda fe cristiana y cat\u00f3lica. Pedimos que el Papa descanse como se lo merece y que, desde el lugar donde est\u00e9, contin\u00fae derramando bendiciones sobre el mundo, especialmente sobre Argentina y nuestra querida provincia de Tucum\u00e1n\u00bb<\/strong>, afirm\u00f3 el Gobernador.<\/p>\n<p><img decoding=\"async\" class=\"img-responsive\" src=\"https:\/\/www.comunicaciontucuman.gob.ar\/fotos\/notas\/2025\/04\/29\/250429231015_35244.jpg\" \/><\/p>\n<p>El mandatario tambi\u00e9n expres\u00f3 su anhelo de que, durante los 12 a\u00f1os de su papado, el Papa Francisco hubiera podido visitar su tierra natal y a su gente. <strong>\u00abNos quedamos con las ganas de recibir su abrazo y sus bendiciones desde Argentina\u00bb<\/strong>, agreg\u00f3.<\/p>\n<p>En respuesta a preguntas sobre posibles homenajes al Papa en la provincia, el Gobernador indic\u00f3 que a\u00fan no se ha planteado nada formalmente. <strong>\u00abQueremos coordinar cualquier homenaje con la iglesia cat\u00f3lica y con otras religiones. El Papa Francisco fue mucho m\u00e1s all\u00e1 de la iglesia cat\u00f3lica, y creemos que es importante consensuar con todas las religiones que lo aman y ruegan por su eterno descansoPor su parte, Acevedo dijo que \u00abhoy, junto al Gobernador, hemos participado de una emotiva ceremonia en la Iglesia Catedral, donde nos reunimos para rezar por el eterno descanso del Papa Francisco. Este Papa nos dej\u00f3 un legado invaluable a trav\u00e9s de su trayectoria, ense\u00f1\u00e1ndonos con su Palabra, su Accionar y su Ejemplo\u00bb.<\/strong><\/p>\n<p>Agreg\u00f3 que \u00abes fundamental rogar por su eterno descanso y pedir que nos ilumine para que las ense\u00f1anzas que \u00e9l transmiti\u00f3 a lo largo de su papado se hagan carne en muchos argentinos, en nuestra querida Argentina y aqu\u00ed en Tucum\u00e1n. Debemos aprender de \u00e9l y, con mucha fe y amor, expresar esa solidaridad y unidad que siempre propuso. Creo que este es el momento de llevar a cabo su mensaje\u00bb , explic\u00f3.<\/p>\n<blockquote><p>\u00abSe nos destruye el coraz\u00f3n por el testimonio de Francisco, su vida, su ministerio, su servicio y su entrega total a su pueblo, siempre con una humildad impresionante\u00bb, expres\u00f3 S\u00e1nchez<\/p><\/blockquote>\n<p>Enfatiz\u00f3 la importancia de seguir el legado del Papa, que promovi\u00f3 una iglesia misionera, en salida y cercana a los pobres. <strong>\u00abFrancisco nos ha dejado un mensaje claro: el Evangelio debe ser vivido con gestos y actitudes concretas\u00bb,<\/strong> afirm\u00f3, agradeciendo a Dios por el don de su vida y ministerio. Asimismo, hizo un llamado a la comunidad cat\u00f3lica a rezar por el futuro l\u00edder de la iglesia, confiando en que el Se\u00f1or proveer\u00e1 a quien deba guiar a la Iglesia de Jesucristo. <strong>\u00abEstamos seguros de que el Se\u00f1or elegir\u00e1 a Pedro, quien edificar\u00e1 su iglesia a trav\u00e9s del ministerio de los sacerdotes y obispos\u00bb<\/strong>, concluy\u00f3.<\/p>\n<p><img decoding=\"async\" class=\"img-responsive\" src=\"https:\/\/www.comunicaciontucuman.gob.ar\/fotos\/notas\/2025\/04\/29\/250429225232_25648.jpeg\" \/><\/p>\n<p>&nbsp;<\/p>\n<\/div>\n<\/div>\n<\/div>\n<\/div>\n<\/div>\n","protected":false},"excerpt":{"rendered":"<p>El gobernador,\u00a0Osvaldo Jaldo, asisti\u00f3 este martes a la misa en la Iglesia Catedral por el eterno descanso de su santidad el Papa Francisco. La ceremonia fue presidida por Monse\u00f1or\u00a0Carlos S\u00e1nchez; junto al obispo auxiliar\u00a0Roberto Ferrari;\u00a0el Cardenal\u00a0Luis Villalba\u00a0y todo el clero. Acompa\u00f1aron al mandatario su esposa,\u00a0Ana Mar\u00eda Grillo;\u00a0el vicegobernador,\u00a0Miguel Acevedo;\u00a0la intendente\u00a0Rossana Chahla\u00a0y su esposo\u00a0Marcelo San Pedro; &hellip;<\/p>\n","protected":false},"author":2,"featured_media":7856,"comment_status":"open","ping_status":"open","sticky":false,"template":"","format":"standard","meta":{"footnotes":""},"categories":[54,34],"tags":[1581,1080,94],"class_list":["post-7855","post","type-post","status-publish","format-standard","has-post-thumbnail","hentry","category-interes-ganeral","category-locales","tag-acevedo","tag-chahla","tag-jaldo"],"_links":{"self":[{"href":"https:\/\/cafeprensa.com.ar\/index.php\/wp-json\/wp\/v2\/posts\/7855","targetHints":{"allow":["GET"]}}],"collection":[{"href":"https:\/\/cafeprensa.com.ar\/index.php\/wp-json\/wp\/v2\/posts"}],"about":[{"href":"https:\/\/cafeprensa.com.ar\/index.php\/wp-json\/wp\/v2\/types\/post"}],"author":[{"embeddable":true,"href":"https:\/\/cafeprensa.com.ar\/index.php\/wp-json\/wp\/v2\/users\/2"}],"replies":[{"embeddable":true,"href":"https:\/\/cafeprensa.com.ar\/index.php\/wp-json\/wp\/v2\/comments?post=7855"}],"version-history":[{"count":1,"href":"https:\/\/cafeprensa.com.ar\/index.php\/wp-json\/wp\/v2\/posts\/7855\/revisions"}],"predecessor-version":[{"id":7858,"href":"https:\/\/cafeprensa.com.ar\/index.php\/wp-json\/wp\/v2\/posts\/7855\/revisions\/7858"}],"wp:featuredmedia":[{"embeddable":true,"href":"https:\/\/cafeprensa.com.ar\/index.php\/wp-json\/wp\/v2\/media\/7856"}],"wp:attachment":[{"href":"https:\/\/cafeprensa.com.ar\/index.php\/wp-json\/wp\/v2\/media?parent=7855"}],"wp:term":[{"taxonomy":"category","embeddable":true,"href":"https:\/\/cafeprensa.com.ar\/index.php\/wp-json\/wp\/v2\/categories?post=7855"},{"taxonomy":"post_tag","embeddable":true,"href":"https:\/\/cafeprensa.com.ar\/index.php\/wp-json\/wp\/v2\/tags?post=7855"}],"curies":[{"name":"wp","href":"https:\/\/api.w.org\/{rel}","templated":true}]}}