{"id":7932,"date":"2025-05-05T16:18:43","date_gmt":"2025-05-05T14:18:43","guid":{"rendered":"https:\/\/cafeprensa.com.ar\/?p=7932"},"modified":"2025-05-05T16:18:43","modified_gmt":"2025-05-05T14:18:43","slug":"proponen-elevar-las-penas-a-quienes-maltraten-animales","status":"publish","type":"post","link":"https:\/\/cafeprensa.com.ar\/index.php\/2025\/05\/05\/proponen-elevar-las-penas-a-quienes-maltraten-animales\/","title":{"rendered":"Proponen elevar las penas a quienes maltraten animales"},"content":{"rendered":"<div class=\"post-content\">\n<p>La iniciativa es de la diputada oficialista Marcela Pagano quien promueve reconocer a los animales como seres sintientes y establecer una pena de 3 meses a 4 a\u00f1os m\u00e1s multas el que infligiere malos tratos o hiciere v\u00edctima de actos de crueldad a los animales. En el marco de la celebraci\u00f3n del D\u00eda del animal, la diputada oficialista <strong>Marcela Pagano<\/strong>\u00a0present\u00f3 un proyecto de ley para elevar las penas a aquellas personas que maltraten o hagan v\u00edctimas de actos de crueldad a los animales.<\/p>\n<\/div>\n<div class=\"contenido-post\">\n<p>As\u00ed, establece reconocer a los animales como seres sintientes, titulares de derechos. En tanto, propone que <strong>\u201cser\u00e1 reprimido con prisi\u00f3n de tres (3) meses a cuatro (4) a\u00f1os m\u00e1s multas a mil (1.000) Salarios M\u00ednimo, Vital y M\u00f3vil, el que infligiere malos tratos o hiciere v\u00edctima de actos de crueldad a los animales\u201d<\/strong>. Al respecto, precisa que ser\u00e1 considerado tambi\u00e9n como mal trato: <strong>\u201cNo alimentar en cantidad y calidad suficiente a los animales dom\u00e9sticos o cautivos, mantenerlos con lesiones o dolores sin los tratamientos y cuidados necesarios, trato indigno o lugar inadecuado que provoque incomodidades f\u00edsicas o t\u00e9rmicas\u201d.<\/strong><\/p>\n<p>\u201cMantener fauna silvestre en cautiverio sin fines de rehabilitaci\u00f3n, reinserci\u00f3n o reintegro y\/o utilizarlos para espect\u00e1culos o exhibici\u00f3n. Mantener fauna silvestre en cautiverio sin fines de rehabilitaci\u00f3n, reinserci\u00f3n o para espect\u00e1culos o exhibici\u00f3n\u201d, agrega.<\/p>\n<div class=\"twitter-tweet twitter-tweet-rendered\"><iframe id=\"twitter-widget-0\" class=\"\" title=\"X Post\" src=\"https:\/\/platform.twitter.com\/embed\/Tweet.html?creatorScreenName=elparlamentario&amp;dnt=true&amp;embedId=twitter-widget-0&amp;features=eyJ0ZndfdGltZWxpbmVfbGlzdCI6eyJidWNrZXQiOltdLCJ2ZXJzaW9uIjpudWxsfSwidGZ3X2ZvbGxvd2VyX2NvdW50X3N1bnNldCI6eyJidWNrZXQiOnRydWUsInZlcnNpb24iOm51bGx9LCJ0ZndfdHdlZXRfZWRpdF9iYWNrZW5kIjp7ImJ1Y2tldCI6Im9uIiwidmVyc2lvbiI6bnVsbH0sInRmd19yZWZzcmNfc2Vzc2lvbiI6eyJidWNrZXQiOiJvbiIsInZlcnNpb24iOm51bGx9LCJ0ZndfZm9zbnJfc29mdF9pbnRlcnZlbnRpb25zX2VuYWJsZWQiOnsiYnVja2V0Ijoib24iLCJ2ZXJzaW9uIjpudWxsfSwidGZ3X21peGVkX21lZGlhXzE1ODk3Ijp7ImJ1Y2tldCI6InRyZWF0bWVudCIsInZlcnNpb24iOm51bGx9LCJ0ZndfZXhwZXJpbWVudHNfY29va2llX2V4cGlyYXRpb24iOnsiYnVja2V0IjoxMjA5NjAwLCJ2ZXJzaW9uIjpudWxsfSwidGZ3X3Nob3dfYmlyZHdhdGNoX3Bpdm90c19lbmFibGVkIjp7ImJ1Y2tldCI6Im9uIiwidmVyc2lvbiI6bnVsbH0sInRmd19kdXBsaWNhdGVfc2NyaWJlc190b19zZXR0aW5ncyI6eyJidWNrZXQiOiJvbiIsInZlcnNpb24iOm51bGx9LCJ0ZndfdXNlX3Byb2ZpbGVfaW1hZ2Vfc2hhcGVfZW5hYmxlZCI6eyJidWNrZXQiOiJvbiIsInZlcnNpb24iOm51bGx9LCJ0ZndfdmlkZW9faGxzX2R5bmFtaWNfbWFuaWZlc3RzXzE1MDgyIjp7ImJ1Y2tldCI6InRydWVfYml0cmF0ZSIsInZlcnNpb24iOm51bGx9LCJ0ZndfbGVnYWN5X3RpbWVsaW5lX3N1bnNldCI6eyJidWNrZXQiOnRydWUsInZlcnNpb24iOm51bGx9LCJ0ZndfdHdlZXRfZWRpdF9mcm9udGVuZCI6eyJidWNrZXQiOiJvbiIsInZlcnNpb24iOm51bGx9fQ%3D%3D&amp;frame=false&amp;hideCard=false&amp;hideThread=false&amp;id=1917562798034543002&amp;lang=es&amp;origin=https%3A%2F%2Fwww.parlamentario.com%2F2025%2F04%2F30%2Fproponen-elevar-las-penas-a-quienes-maltraten-o-hagan-victimas-de-actos-de-crueldad-a-los-animales%2F&amp;sessionId=13c77480a6d6b7e6b07983aacb3071cb878585a1&amp;theme=light&amp;widgetsVersion=2615f7e52b7e0%3A1702314776716&amp;width=500px\" frameborder=\"0\" scrolling=\"no\" allowfullscreen=\"allowfullscreen\" data-tweet-id=\"1917562798034543002\" data-mce-fragment=\"1\"><\/iframe><\/div>\n<p>Tambi\u00e9n el \u201cengorde de animales en jaulas o espacios que imposibiliten su movilidad o les ocasionen dolor o sufrimiento\u201d;<strong> \u201cmantener en jaulas a aves con fines de cautiverio y a peces en espacios inadecuados que no cuenten con las condiciones necesarias para garantizar su bienestar, incluyendo la calidad del agua, oxigenaci\u00f3n, temperatura, espacio suficiente para su desarrollo y dem\u00e1s requerimientos propios de cada especie\u201d<\/strong>; \u201cabusar sexualmente de un animal mediante acceso carnal o empalamiento\u201d.<\/p>\n<p>Adem\u00e1s, propone sancionar <strong>con multas equivalentes a veinte (20) Salarios M\u00ednimo, Vital y M\u00f3vil<\/strong> quien difunda, organice o incentive, por cualquier medio, actos de crueldad o maltrato animal, caza ilegal o la exhibici\u00f3n de trofeos de caza.<strong> \u201cLa misma penalizaci\u00f3n se aplicar\u00e1 a quienes promocionen la comercializaci\u00f3n de productos elaborados con especies protegidas, as\u00ed como a aquellos que fomenten espect\u00e1culos con fauna silvestre\u201d,<\/strong> a\u00f1ade.<\/p>\n<p>En la iniciativa, tambi\u00e9n propone de tres meses a cuatro a\u00f1os de prisi\u00f3n y una multa equivalente a 100 a 1000 salarios m\u00ednimo, vital y m\u00f3vil a quienes organicen, promuevan, faciliten o realicen una carrera de perros de cualquier raza. <strong>\u201cEl que cazare animales de fauna silvestre en campo ajeno sin autorizaci\u00f3n ser\u00e1n reprimidos con prisi\u00f3n de seis meses a un a\u00f1o y con inhabilitaci\u00f3n especial permanente. Prisi\u00f3n de 6 meses a 3 a\u00f1os a quien cazare animales de fauna silvestre cuya captura o comercializaci\u00f3n est\u00e9n prohibidas o vedadas por la autoridad jurisdiccional\u201d<\/strong>, precisa.<\/p>\n<p>El proyecto tambi\u00e9n plantea una pena doble cuando el hecho se cometiere de modo organizado o con el concurso de tres (3) \u00f3 m\u00e1s personas o con armas, artes o medios prohibidos por la autoridad jurisdiccional de aplicaci\u00f3n. <strong>\u201cSer\u00e1 reprimido con prisi\u00f3n de dos (2) meses a dos (2) a\u00f1os y con inhabilitaci\u00f3n permanente el que cazare animales de la fauna silvestre utilizando armas, artes o medios prohibidos por la autoridad jurisdiccional de aplicaci\u00f3n\u201d,<\/strong> suma.<\/p>\n<p>Cabe recordar que en julio del 2024 comenz\u00f3 a tratarse en Diputados el proyecto de ley Conan de modificaci\u00f3n de la Ley 14.346 de maltrato animal respaldada por el presidente de la Naci\u00f3n, pero que solo tuvo una sola reuni\u00f3n y el tratamiento qued\u00f3 encajonado.<\/p>\n<\/div>\n","protected":false},"excerpt":{"rendered":"<p>La iniciativa es de la diputada oficialista Marcela Pagano quien promueve reconocer a los animales como seres sintientes y establecer una pena de 3 meses a 4 a\u00f1os m\u00e1s multas el que infligiere malos tratos o hiciere v\u00edctima de actos de crueldad a los animales. En el marco de la celebraci\u00f3n del D\u00eda del animal, &hellip;<\/p>\n","protected":false},"author":2,"featured_media":7933,"comment_status":"open","ping_status":"open","sticky":false,"template":"","format":"standard","meta":{"footnotes":""},"categories":[54,33],"tags":[1897,1225],"class_list":["post-7932","post","type-post","status-publish","format-standard","has-post-thumbnail","hentry","category-interes-ganeral","category-nacionales","tag-gatos","tag-perros"],"_links":{"self":[{"href":"https:\/\/cafeprensa.com.ar\/index.php\/wp-json\/wp\/v2\/posts\/7932","targetHints":{"allow":["GET"]}}],"collection":[{"href":"https:\/\/cafeprensa.com.ar\/index.php\/wp-json\/wp\/v2\/posts"}],"about":[{"href":"https:\/\/cafeprensa.com.ar\/index.php\/wp-json\/wp\/v2\/types\/post"}],"author":[{"embeddable":true,"href":"https:\/\/cafeprensa.com.ar\/index.php\/wp-json\/wp\/v2\/users\/2"}],"replies":[{"embeddable":true,"href":"https:\/\/cafeprensa.com.ar\/index.php\/wp-json\/wp\/v2\/comments?post=7932"}],"version-history":[{"count":1,"href":"https:\/\/cafeprensa.com.ar\/index.php\/wp-json\/wp\/v2\/posts\/7932\/revisions"}],"predecessor-version":[{"id":7934,"href":"https:\/\/cafeprensa.com.ar\/index.php\/wp-json\/wp\/v2\/posts\/7932\/revisions\/7934"}],"wp:featuredmedia":[{"embeddable":true,"href":"https:\/\/cafeprensa.com.ar\/index.php\/wp-json\/wp\/v2\/media\/7933"}],"wp:attachment":[{"href":"https:\/\/cafeprensa.com.ar\/index.php\/wp-json\/wp\/v2\/media?parent=7932"}],"wp:term":[{"taxonomy":"category","embeddable":true,"href":"https:\/\/cafeprensa.com.ar\/index.php\/wp-json\/wp\/v2\/categories?post=7932"},{"taxonomy":"post_tag","embeddable":true,"href":"https:\/\/cafeprensa.com.ar\/index.php\/wp-json\/wp\/v2\/tags?post=7932"}],"curies":[{"name":"wp","href":"https:\/\/api.w.org\/{rel}","templated":true}]}}