{"id":8003,"date":"2025-05-07T13:17:48","date_gmt":"2025-05-07T11:17:48","guid":{"rendered":"https:\/\/cafeprensa.com.ar\/?p=8003"},"modified":"2025-05-07T13:17:48","modified_gmt":"2025-05-07T11:17:48","slug":"jose-cano-exigio-explicaciones-tras-la-muerte-de-un-detenido-en-los-pocitos","status":"publish","type":"post","link":"https:\/\/cafeprensa.com.ar\/index.php\/2025\/05\/07\/jose-cano-exigio-explicaciones-tras-la-muerte-de-un-detenido-en-los-pocitos\/","title":{"rendered":"Jos\u00e9 Cano exigi\u00f3 explicaciones tras la muerte de un detenido en Los Pocitos"},"content":{"rendered":"<div class=\"pull-left col-md-6 fotos-containers\">El legislador radical denunci\u00f3 el colapso del sistema carcelario en comisar\u00edas.<\/div>\n<p><b>El legislador radical Jos\u00e9 Cano solicit\u00f3 al Ministerio de Seguridad un detallado informe sobre las circunstancias que rodearon el fallecimiento de V\u00edctor Hugo Herrera, el joven que muri\u00f3 bajo custodia policial. Advirti\u00f3 que las comisar\u00edas no est\u00e1n preparadas ni f\u00edsica ni operativamente para albergar personas privadas de su libertad.<\/b><\/p>\n<p><img loading=\"lazy\" decoding=\"async\" class=\"alignnone wp-image-8005 size-full\" src=\"https:\/\/cafeprensa.com.ar\/wp-content\/uploads\/2025\/05\/494643274_1024605843100091_5185202122321777819_n.jpg\" alt=\"\" width=\"999\" height=\"513\" srcset=\"https:\/\/cafeprensa.com.ar\/wp-content\/uploads\/2025\/05\/494643274_1024605843100091_5185202122321777819_n.jpg 999w, https:\/\/cafeprensa.com.ar\/wp-content\/uploads\/2025\/05\/494643274_1024605843100091_5185202122321777819_n-300x154.jpg 300w, https:\/\/cafeprensa.com.ar\/wp-content\/uploads\/2025\/05\/494643274_1024605843100091_5185202122321777819_n-768x394.jpg 768w\" sizes=\"auto, (max-width: 999px) 100vw, 999px\" \/><br \/>\nLe pidi\u00f3 a <strong>Eugenio Ag\u00fcero Gamboa<\/strong> conocer las condiciones de detenci\u00f3n, la actuaci\u00f3n del personal policial involucrado y los protocolos aplicados en situaciones de emergencia m\u00e9dica o agresi\u00f3n entre internos.<br \/>\n<strong>\u201cEl Estado no puede mirar hacia otro lado ante una muerte ocurrida bajo su custodia. Pedimos saber qui\u00e9nes estaban a cargo, qu\u00e9 controles se realizaron y qu\u00e9 medidas judiciales se dispusieron hasta ahora\u201d<\/strong>, expres\u00f3 Cano. En el mismo sentido, reclam\u00f3 copia de los registros del libro de actas y consult\u00f3 si existieron episodios previos de violencia relacionados con este detenido y qu\u00e9 medidas se adoptaron.<\/p>\n<p>En su presentaci\u00f3n, el legislador enumer\u00f3 los siguientes pedidos concretos:<br \/>\n<em><strong>1) Si en las comisar\u00edas de la provincia -y especialmente en la de Los Pocitos- exist\u00eda personal suficiente para custodiar a los detenidos, y si sus funciones inclu\u00edan requisas y control del estado de salud.<\/strong><\/em><br \/>\n<em><strong>2) La n\u00f3mina del personal que estuvo a cargo de los detenidos entre el 31 de abril y el 2 de mayo de 2025<\/strong><\/em><br \/>\n<em><strong>3) Cu\u00e1l es el protocolo vigente cuando un interno sufre una agresi\u00f3n o presenta problemas de salud.<\/strong><\/em><br \/>\n<em><strong>4) Si los familiares fueron informados de manera inmediata ante la situaci\u00f3n de Herrera.<\/strong><\/em><br \/>\n<em><strong>5) Si las autoridades judiciales -y en particular, jueces del Colegio de Jueces- hab\u00edan visitado recientemente esa dependencia.<\/strong><\/em><br \/>\n<em><strong>6) La causa oficial del fallecimiento y las medidas probatorias realizadas hasta la fecha.<\/strong><\/em><br \/>\n<em><strong>7) Informaci\u00f3n sobre cu\u00e1ntos detenidos hab\u00eda en la comisar\u00eda al momento del hecho.<\/strong><\/em><br \/>\n<em><strong>8) El n\u00famero de efectivos afectados al funcionamiento de la dependencia.<\/strong><\/em><br \/>\n<em><strong>9) El estado edilicio de la comisar\u00eda.<\/strong><\/em><br \/>\n<em><strong>10) Las \u00faltimas visitas realizadas por funcionarios del Poder Judicial.<\/strong><\/em><br \/>\n<em><strong>11) Copia de los libros de actas de los d\u00edas previos y posteriores al fallecimiento<\/strong><\/em>.<\/p>\n<p>Finalmente, Cano cuestion\u00f3 el uso de las comisar\u00edas como centros de detenci\u00f3n permanente: \u201cLas comisar\u00edas no est\u00e1n preparadas ni tienen el personal capacitado para alojar detenidos. No hay condiciones edilicias, no hay recursos humanos formados ni protocolos adecuados. La responsabilidad del alojamiento de personas privadas de libertad es del Servicio Penitenciario, no de la polic\u00eda\u201d, concluy\u00f3.<\/p>\n","protected":false},"excerpt":{"rendered":"<p>El legislador radical denunci\u00f3 el colapso del sistema carcelario en comisar\u00edas. El legislador radical Jos\u00e9 Cano solicit\u00f3 al Ministerio de Seguridad un detallado informe sobre las circunstancias que rodearon el fallecimiento de V\u00edctor Hugo Herrera, el joven que muri\u00f3 bajo custodia policial. Advirti\u00f3 que las comisar\u00edas no est\u00e1n preparadas ni f\u00edsica ni operativamente para albergar &hellip;<\/p>\n","protected":false},"author":2,"featured_media":8004,"comment_status":"open","ping_status":"open","sticky":false,"template":"","format":"standard","meta":{"footnotes":""},"categories":[1611,34],"tags":[1908,264,1909],"class_list":["post-8003","post","type-post","status-publish","format-standard","has-post-thumbnail","hentry","category-legislatura-de-tucuman","category-locales","tag-eugenio-aguero-gamboa","tag-jose-cano","tag-victor-hugo-herrera"],"_links":{"self":[{"href":"https:\/\/cafeprensa.com.ar\/index.php\/wp-json\/wp\/v2\/posts\/8003","targetHints":{"allow":["GET"]}}],"collection":[{"href":"https:\/\/cafeprensa.com.ar\/index.php\/wp-json\/wp\/v2\/posts"}],"about":[{"href":"https:\/\/cafeprensa.com.ar\/index.php\/wp-json\/wp\/v2\/types\/post"}],"author":[{"embeddable":true,"href":"https:\/\/cafeprensa.com.ar\/index.php\/wp-json\/wp\/v2\/users\/2"}],"replies":[{"embeddable":true,"href":"https:\/\/cafeprensa.com.ar\/index.php\/wp-json\/wp\/v2\/comments?post=8003"}],"version-history":[{"count":1,"href":"https:\/\/cafeprensa.com.ar\/index.php\/wp-json\/wp\/v2\/posts\/8003\/revisions"}],"predecessor-version":[{"id":8006,"href":"https:\/\/cafeprensa.com.ar\/index.php\/wp-json\/wp\/v2\/posts\/8003\/revisions\/8006"}],"wp:featuredmedia":[{"embeddable":true,"href":"https:\/\/cafeprensa.com.ar\/index.php\/wp-json\/wp\/v2\/media\/8004"}],"wp:attachment":[{"href":"https:\/\/cafeprensa.com.ar\/index.php\/wp-json\/wp\/v2\/media?parent=8003"}],"wp:term":[{"taxonomy":"category","embeddable":true,"href":"https:\/\/cafeprensa.com.ar\/index.php\/wp-json\/wp\/v2\/categories?post=8003"},{"taxonomy":"post_tag","embeddable":true,"href":"https:\/\/cafeprensa.com.ar\/index.php\/wp-json\/wp\/v2\/tags?post=8003"}],"curies":[{"name":"wp","href":"https:\/\/api.w.org\/{rel}","templated":true}]}}