{"id":8065,"date":"2025-05-09T12:51:31","date_gmt":"2025-05-09T10:51:31","guid":{"rendered":"https:\/\/cafeprensa.com.ar\/?p=8065"},"modified":"2025-05-09T12:52:12","modified_gmt":"2025-05-09T10:52:12","slug":"la-corte-suprema-confirmo-la-condena-de-milagro-sala-a-15-anos-de-prision","status":"publish","type":"post","link":"https:\/\/cafeprensa.com.ar\/index.php\/2025\/05\/09\/la-corte-suprema-confirmo-la-condena-de-milagro-sala-a-15-anos-de-prision\/","title":{"rendered":"La Corte Suprema confirm\u00f3 la condena de Milagro Sala a 15 a\u00f1os de prisi\u00f3n"},"content":{"rendered":"<div class=\"content-article-title\">\n<div class=\"wrapper-layout center-content center_story max-width\">\n<div class=\"col-content\">\n<p class=\"article__title font__display\"><span style=\"font-size: 12pt;\">La l\u00edder de la Tupac Amaru fue condenada por amenazas, asociaci\u00f3n il\u00edcita, fraude contra la administraci\u00f3n p\u00fablica y extorsi\u00f3n. <\/span>La Corte Suprema dej\u00f3 firme la sentencia contra <b>Milagro Sala\u00a0<\/b>a 15 a\u00f1os de prisi\u00f3n por dos condenas por los delitos de\u00a0<b>amenazas, asociaci\u00f3n il\u00edcita, fraude contra la administraci\u00f3n p\u00fablica y extorsi\u00f3n. <\/b>Los jueces<b>\u00a0Horacio Rosatti, Carlos Rosenkrantz y Ricardo Lorenzetti<\/b>\u00a0consideraron que era \u201cinadmisible\u201d el recurso extraordinario presentado por la defensa de la l\u00edder de la agrupaci\u00f3n<b>\u00a0Tupac Amaru<\/b>.<\/p>\n<\/div>\n<\/div>\n<\/div>\n<div class=\"common-layout wrapper-layout center-content center_story max-width story article\">\n<div class=\"col-content\">\n<div class=\"default-article-color article__body article__article\">\n<p><img loading=\"lazy\" decoding=\"async\" class=\"alignnone wp-image-8066 size-large\" src=\"https:\/\/cafeprensa.com.ar\/wp-content\/uploads\/2025\/05\/h-nCm5R9p_2000x1500__1-1024x768.jpg\" alt=\"\" width=\"1024\" height=\"768\" srcset=\"https:\/\/cafeprensa.com.ar\/wp-content\/uploads\/2025\/05\/h-nCm5R9p_2000x1500__1-1024x768.jpg 1024w, https:\/\/cafeprensa.com.ar\/wp-content\/uploads\/2025\/05\/h-nCm5R9p_2000x1500__1-300x225.jpg 300w, https:\/\/cafeprensa.com.ar\/wp-content\/uploads\/2025\/05\/h-nCm5R9p_2000x1500__1-768x576.jpg 768w, https:\/\/cafeprensa.com.ar\/wp-content\/uploads\/2025\/05\/h-nCm5R9p_2000x1500__1-1536x1152.jpg 1536w, https:\/\/cafeprensa.com.ar\/wp-content\/uploads\/2025\/05\/h-nCm5R9p_2000x1500__1.jpg 2000w\" sizes=\"auto, (max-width: 1024px) 100vw, 1024px\" \/><\/p>\n<p class=\"paragraph font__body-regular\">La primera de las causas se inici\u00f3 el 13 de octubre de 2014, y fue confirmada por la Corte en 2021, cuando se la investig\u00f3 por dos llamadas telef\u00f3nicas de contenido amenazante. Al oficial que lo atendi\u00f3 le dijo que restituyera unas prendas de vestir secuestradas a una persona cercana a la dirigente. Cuando le respondieron con una negativa, la entonces diputada provincial le advirti\u00f3 al polic\u00eda: \u201c<b>son una manga de maricones, van a tener noticias porque voy a poner una bomba y voy a hacer volar a todos<\/b>\u201d.<\/p>\n<p class=\"paragraph font__body-regular\">El segundo llamado fue recibido directamente por el comisario en su celular. \u201cSon una manga de incompetentes, cuando le ponga yo una bomba me van a conocer a m\u00ed.\u00a0<b>Los voy a hacer mierda, ya me van a conocer\u201d<\/b>.<\/p>\n<p class=\"paragraph font__body-regular\"><strong>La segunda de las causas corresponde al expediente en donde Sala fue acusada de ser jefa de una asociaci\u00f3n il\u00edcita que funcion\u00f3 entre 2013 y 2015.<\/strong> A trav\u00e9s de las actividades de la organizaci\u00f3n barrial Tupac Amaru, se habr\u00eda perjudicado al Estado Nacional, a trav\u00e9s del desv\u00edo de fondos p\u00fablicos destinado a la construcci\u00f3n de viviendas sociales.<\/p>\n<p class=\"paragraph font__body-regular\">En 2019, el Tribunal en lo Criminal 3 de Jujuy la conden\u00f3 a la pena de 13 a\u00f1os de prisi\u00f3n efectiva e inhabilitaci\u00f3n absoluta por el mismo t\u00e9rmino.\u00a0<a title=\"https:\/\/tn.com.ar\/politica\/2022\/12\/15\/la-corte-suprema-confirmo-una-condena-a-13-anos-de-carcel-a-milagro-sala\/\" href=\"https:\/\/tn.com.ar\/politica\/2022\/12\/15\/la-corte-suprema-confirmo-una-condena-a-13-anos-de-carcel-a-milagro-sala\/\" target=\"_self\" rel=\"\">El fallo qued\u00f3 firme el 15 de diciembre de 2022<\/a>\u00a0cuando la Corte Suprema de Justicia declar\u00f3 inadmisible el planteo de la defensa.<\/p>\n<p class=\"paragraph font__body-regular\"><strong>\u201cRespecto del agravio por el que se aduce la vulneraci\u00f3n del principio de publicidad del juicio, y por medio del que se propugna su nulidad, ha de concluirse que tal planteo solo refleja disconformidad con el modo en que se resolvi\u00f3 regular lo relativo a la asistencia y difusi\u00f3n del juicio, sin que se haya demostrado arbitrariedad o afectaci\u00f3n a garant\u00eda constitucional alguna\u201d,<\/strong> sostuvo la Corte en dicho fallo.<\/p>\n<p class=\"paragraph font__body-regular\">Actualmente, Sala se encuentra con prisi\u00f3n domiciliaria hace 9 a\u00f1os.<\/p>\n<p class=\"font--primary font__display\"><strong>La causa pendiente<\/strong><\/p>\n<p class=\"paragraph font__body-regular\">Sala, adem\u00e1s, espera la resoluci\u00f3n del expediente conocido como\u00a0<b>\u201cla megacausa\u201d<\/b>, donde la Corte orden\u00f3 que la C\u00e1mara Federal de Casaci\u00f3n Penal vuelva a pronunciarse sobre si otro de los expedientes contra Sala\u00a0<b>debe tramitar en la justicia de Jujuy o Comodoro Py<\/b>, como reclaman cuatro acusados.<\/p>\n<p class=\"paragraph font__body-regular\">En esta causa se investiga a Sala, al exgobernador\u00a0<b>Eduardo Fellner<\/b>\u00a0y al ex secretario de Obras P\u00fablicas\u00a0<b>Jos\u00e9 L\u00f3pez<\/b>, por el desv\u00edo millonario de fondos destinados a la construcci\u00f3n de viviendas sociales.<\/p>\n<figure class=\"\" data-testid=\"figure-testid\">\n<div class=\"aspect_ratio__container\"><picture class=\"responsive-image\"><source srcset=\"https:\/\/tn.com.ar\/resizer\/v2\/fellner-estuvo-detenido-en-el-servicio-penitenciario-n7-de-alto-comedero-GPILOUB5NRDLVOU4VMC7RK3PKE.jpg?auth=1648068019eb7ad4738ad1aaab52accf1fddf717c5e33807a0a9bc31b6f86109&amp;width=767\" type=\"image\/jpg\" media=\"(max-width: 728px)\" \/><source srcset=\"https:\/\/tn.com.ar\/resizer\/v2\/fellner-estuvo-detenido-en-el-servicio-penitenciario-n7-de-alto-comedero-GPILOUB5NRDLVOU4VMC7RK3PKE.jpg?auth=1648068019eb7ad4738ad1aaab52accf1fddf717c5e33807a0a9bc31b6f86109&amp;width=1023\" type=\"image\/jpg\" media=\"(max-width: 1023px)\" \/><source srcset=\"https:\/\/tn.com.ar\/resizer\/v2\/fellner-estuvo-detenido-en-el-servicio-penitenciario-n7-de-alto-comedero-GPILOUB5NRDLVOU4VMC7RK3PKE.jpg?auth=1648068019eb7ad4738ad1aaab52accf1fddf717c5e33807a0a9bc31b6f86109&amp;width=1440\" type=\"image\/jpg\" \/><img loading=\"lazy\" decoding=\"async\" class=\"image content-image image_placeholder\" src=\"https:\/\/tn.com.ar\/resizer\/v2\/fellner-estuvo-detenido-en-el-servicio-penitenciario-n7-de-alto-comedero-GPILOUB5NRDLVOU4VMC7RK3PKE.jpg?auth=1648068019eb7ad4738ad1aaab52accf1fddf717c5e33807a0a9bc31b6f86109&amp;width=767\" alt=\"Fellner estuvo detenido en el Servicio Penitenciario N\u00b07 de Alto Comedero.\" width=\"767\" height=\"432\" data-testid=\"loading-testid\" \/><\/picture><\/div><figcaption class=\"caption_image\" data-testid=\"figcaption-testid\">\n<div class=\"image_caption \">Fellner estuvo detenido en el Servicio Penitenciario N\u00b07 de Alto Comedero.<\/div>\n<\/figcaption><\/figure>\n<p class=\"paragraph font__body-regular\">Seg\u00fan la fiscal\u00eda juje\u00f1a, para lograr realizar el millonario fraude, Sala cont\u00f3 con la anuencia y activa colaboraci\u00f3n del entonces gobernador, quien a trav\u00e9s del dise\u00f1o de una estructura estatal destinada\u00a0<b>a descontrolar los fondos que ingresaban a la Provincia desde Naci\u00f3n<\/b>, posibilit\u00f3 que se llevara a cabo el fraude.<\/p>\n<p class=\"paragraph font__body-regular\">El caso se instruy\u00f3 en los tribunales juje\u00f1os, pero desde el inicio del expediente los <strong>ex intendentes Julio Carlos Mois\u00e9s, Gabriel Nilson Ortega, Alberto Faustino Ortiz y la escribana Claudia Alicia Trenque<\/strong>, imputados en la causa, reclamaron la inhibitoria del fuero provincial y que el caso pasara a la \u00f3rbita de la justicia federal.<\/p>\n<p class=\"paragraph font__body-regular\">El caso fue enviado por sorteo al juez federal\u00a0<b>Juli\u00e1n Ercolini<\/b>, quien no acept\u00f3 la competencia, motivo por el cual la Corte orden\u00f3 el dictado de una nueva sentencia.<\/p>\n<\/div>\n<p>&nbsp;<\/p>\n<\/div>\n<\/div>\n","protected":false},"excerpt":{"rendered":"<p>La l\u00edder de la Tupac Amaru fue condenada por amenazas, asociaci\u00f3n il\u00edcita, fraude contra la administraci\u00f3n p\u00fablica y extorsi\u00f3n. La Corte Suprema dej\u00f3 firme la sentencia contra Milagro Sala\u00a0a 15 a\u00f1os de prisi\u00f3n por dos condenas por los delitos de\u00a0amenazas, asociaci\u00f3n il\u00edcita, fraude contra la administraci\u00f3n p\u00fablica y extorsi\u00f3n. Los jueces\u00a0Horacio Rosatti, Carlos Rosenkrantz y &hellip;<\/p>\n","protected":false},"author":2,"featured_media":8067,"comment_status":"open","ping_status":"open","sticky":false,"template":"","format":"standard","meta":{"footnotes":""},"categories":[47,33],"tags":[117,1924],"class_list":["post-8065","post","type-post","status-publish","format-standard","has-post-thumbnail","hentry","category-justicia","category-nacionales","tag-jujuy","tag-milagros-salas"],"_links":{"self":[{"href":"https:\/\/cafeprensa.com.ar\/index.php\/wp-json\/wp\/v2\/posts\/8065","targetHints":{"allow":["GET"]}}],"collection":[{"href":"https:\/\/cafeprensa.com.ar\/index.php\/wp-json\/wp\/v2\/posts"}],"about":[{"href":"https:\/\/cafeprensa.com.ar\/index.php\/wp-json\/wp\/v2\/types\/post"}],"author":[{"embeddable":true,"href":"https:\/\/cafeprensa.com.ar\/index.php\/wp-json\/wp\/v2\/users\/2"}],"replies":[{"embeddable":true,"href":"https:\/\/cafeprensa.com.ar\/index.php\/wp-json\/wp\/v2\/comments?post=8065"}],"version-history":[{"count":2,"href":"https:\/\/cafeprensa.com.ar\/index.php\/wp-json\/wp\/v2\/posts\/8065\/revisions"}],"predecessor-version":[{"id":8069,"href":"https:\/\/cafeprensa.com.ar\/index.php\/wp-json\/wp\/v2\/posts\/8065\/revisions\/8069"}],"wp:featuredmedia":[{"embeddable":true,"href":"https:\/\/cafeprensa.com.ar\/index.php\/wp-json\/wp\/v2\/media\/8067"}],"wp:attachment":[{"href":"https:\/\/cafeprensa.com.ar\/index.php\/wp-json\/wp\/v2\/media?parent=8065"}],"wp:term":[{"taxonomy":"category","embeddable":true,"href":"https:\/\/cafeprensa.com.ar\/index.php\/wp-json\/wp\/v2\/categories?post=8065"},{"taxonomy":"post_tag","embeddable":true,"href":"https:\/\/cafeprensa.com.ar\/index.php\/wp-json\/wp\/v2\/tags?post=8065"}],"curies":[{"name":"wp","href":"https:\/\/api.w.org\/{rel}","templated":true}]}}