{"id":8099,"date":"2025-05-10T18:13:34","date_gmt":"2025-05-10T16:13:34","guid":{"rendered":"https:\/\/cafeprensa.com.ar\/?p=8099"},"modified":"2025-05-10T18:19:06","modified_gmt":"2025-05-10T16:19:06","slug":"orellana-hace-tiempo-que-no-lo-veo-a-jaldo-pero-de-no-haber-unidad-estoy-junto-a-juan-manzur","status":"publish","type":"post","link":"https:\/\/cafeprensa.com.ar\/index.php\/2025\/05\/10\/orellana-hace-tiempo-que-no-lo-veo-a-jaldo-pero-de-no-haber-unidad-estoy-junto-a-juan-manzur\/","title":{"rendered":"Orellana: \u00abHace tiempo que no lo veo a Jaldo, pero de no haber unidad estoy junto a Juan Manzur\u00bb"},"content":{"rendered":"<p>El legislador <strong>Jos\u00e9 Orellana<\/strong> en di\u00e1logo con Caf\u00e9 Prensa se refiri\u00f3 a su trayectoria como a la interna del peronismo. El funcionario legislativo adelant\u00f3 que acompa\u00f1ar\u00e1 con el voto al espacio manzurista y a la candidatura de Javier Noguera.<\/p>\n<p>\u00abTengo 11 mandatos y vi un cari\u00f1o de la gente que, si no nos quisiera no nos votar\u00eda, nos sostienen porque saben que aqu\u00ed tienen un amigo m\u00e1s que un pol\u00edtico, somos un igual. Donde vamos, la gente nos reconoce, y se saca foto mostr\u00e1ndonos un aprecio. Siento que hay esa qu\u00edmica\u00bb, se\u00f1al\u00f3 respecto a la recepci\u00f3n de su figura en la sociedad. Adem\u00e1s, destac\u00f3 que su hermano, el actual intendente de Famaill\u00e1, Enrique Orellana \u00abes un gran armador y tiene una capacidad t\u00e1ctica que es un enorme aporte para la pol\u00edtica\u00bb.<\/p>\n<h3>Interna pol\u00edtica del peronismo<\/h3>\n<p>Orellana analiz\u00f3 respecto a la presencia de Manzur en la pol\u00edtica que \u00abanda, as\u00ed sea en las sombras y la reaparici\u00f3n asusta, agarra paletilla\u00bb.<strong> \u00abNecesitamos buenas relaciones, v\u00ednculos, no un tel\u00e9fono descompuesto y que desde la unidad podemos sacar hasta 3 diputados, pero en este sentido saldr\u00e1n 1 para cada sector\u00bb,<\/strong> continu\u00f3 su an\u00e1lisis respecto a c\u00f3mo podr\u00edan darse las elecciones en Tucum\u00e1n. Adem\u00e1s, destac\u00f3 al vicegobernador Miguel Acevedo \u00abes un hombre que tiene una virtud alguien, que estuvo en medio de los dos, y supo acompa\u00f1ar la gesti\u00f3n. Es un medio adecuado para entablar di\u00e1logo entre las partes.<\/p>\n<p><strong>\u00abHace un tiempo que no lo veo a Jaldo, de no haber unidad estoy junto a Juan Manzur. \u00c9l tom\u00f3 su decisi\u00f3n pol\u00edtica de acompa\u00f1ar a Javier Noguera, un dirigente bien preparado. Estamos centrados en esa direcci\u00f3n, la posibilidad de la unidad est\u00e1, pero tambi\u00e9n que Javier sea candidato y lo acompa\u00f1emos\u00bb,<\/strong> analiz\u00f3 respecto a su posici\u00f3n de cara a octubre.<\/p>\n<p>Orellana tambi\u00e9n analiz\u00f3 que \u00abs\u00ed hoy ten\u00e9s que ir a una interna, los oficialismos son habilidosos en ganar, con estructura, pero en las generales, los aparatos y m\u00e1s con esto de la boleta \u00fanica, juega la persona con su coraz\u00f3n\u00bb. \u00abQuien le dice que los compa\u00f1eros que no ven funcionarios peronistas, ya que el espacio viene pasando un proceso de subestimaci\u00f3n, porque para acompa\u00f1ar somos todos compa\u00f1eros, pero para gobernar no somos todos\u00bb, continu\u00f3 respecto al estado del espacio en la provincia.<\/p>\n<p>\u00abHoy, las encuestas no vienen acertando, y una cosa es ser buen gobernador y otra tener buena imagen. Pero, las intermedias no dejan de ser un sacud\u00f3n una se\u00f1al de esto va a ser CABA, donde tienen un piso importante para pelear con el PRO\u00bb, analiz\u00f3 Orellana respecto a la situaci\u00f3n de LLA en los comicios del 18 de mayo. <strong>\u00abEste gobierno que dec\u00eda que ven\u00eda a combatir la casta terminaron siendo ellos la casta. No s\u00e9 de d\u00f3nde saca la gente que est\u00e1 mejor, cada uno ver\u00e1 en su bolsillo, cada uno se compra su propia realidad. Si bien en CABA no se siente tanto la pobreza, pero se va a sentir que no van a tener su caudal de votos\u00bb, c<\/strong>oncluy\u00f3.<\/p>\n<h3>PING PONG<\/h3>\n<p>Orellana respondi\u00f3 que est\u00e1 de acuerdo \u00abcon el proyecto de Ficha Limpia, pero lo deber\u00edan haber pulido\u00bb. Tambi\u00e9n calific\u00f3 la administraci\u00f3n de Jaldo como que \u00abno es mala, pero es buena gesti\u00f3n\u00bb. Sin embargo, se\u00f1al\u00f3 que \u00abelegir\u00eda a Alberto Fern\u00e1ndez para tomar un caf\u00e9 y pedirle explicaciones\u00bb. Finalmente, el legislador se\u00f1al\u00f3 en cuanto a la respuesta de s\u00ed la senadora nacional Sandra Mendoza ser\u00eda la siguiente intendente de Famaill\u00e1, que su figura \u00abes pol\u00edtica y viene de una escuela de mucha experiencia, no somos especuladores, pero tampoco nos gusta perder\u00bb.<\/p>\n<p>&nbsp;<\/p>\n","protected":false},"excerpt":{"rendered":"<p>El legislador Jos\u00e9 Orellana en di\u00e1logo con Caf\u00e9 Prensa se refiri\u00f3 a su trayectoria como a la interna del peronismo. El funcionario legislativo adelant\u00f3 que acompa\u00f1ar\u00e1 con el voto al espacio manzurista y a la candidatura de Javier Noguera. \u00abTengo 11 mandatos y vi un cari\u00f1o de la gente que, si no nos quisiera no &hellip;<\/p>\n","protected":false},"author":2,"featured_media":8105,"comment_status":"open","ping_status":"open","sticky":false,"template":"","format":"standard","meta":{"footnotes":""},"categories":[34],"tags":[232,1932,1098,89,342,236,265,770,160],"class_list":["post-8099","post","type-post","status-publish","format-standard","has-post-thumbnail","hentry","category-locales","tag-famailla","tag-interna-peronista","tag-javier-noguera","tag-jose-orellana","tag-juan-manzur","tag-legislatura","tag-osvaldo-jaldo","tag-peronismo","tag-tucuman"],"_links":{"self":[{"href":"https:\/\/cafeprensa.com.ar\/index.php\/wp-json\/wp\/v2\/posts\/8099","targetHints":{"allow":["GET"]}}],"collection":[{"href":"https:\/\/cafeprensa.com.ar\/index.php\/wp-json\/wp\/v2\/posts"}],"about":[{"href":"https:\/\/cafeprensa.com.ar\/index.php\/wp-json\/wp\/v2\/types\/post"}],"author":[{"embeddable":true,"href":"https:\/\/cafeprensa.com.ar\/index.php\/wp-json\/wp\/v2\/users\/2"}],"replies":[{"embeddable":true,"href":"https:\/\/cafeprensa.com.ar\/index.php\/wp-json\/wp\/v2\/comments?post=8099"}],"version-history":[{"count":7,"href":"https:\/\/cafeprensa.com.ar\/index.php\/wp-json\/wp\/v2\/posts\/8099\/revisions"}],"predecessor-version":[{"id":8113,"href":"https:\/\/cafeprensa.com.ar\/index.php\/wp-json\/wp\/v2\/posts\/8099\/revisions\/8113"}],"wp:featuredmedia":[{"embeddable":true,"href":"https:\/\/cafeprensa.com.ar\/index.php\/wp-json\/wp\/v2\/media\/8105"}],"wp:attachment":[{"href":"https:\/\/cafeprensa.com.ar\/index.php\/wp-json\/wp\/v2\/media?parent=8099"}],"wp:term":[{"taxonomy":"category","embeddable":true,"href":"https:\/\/cafeprensa.com.ar\/index.php\/wp-json\/wp\/v2\/categories?post=8099"},{"taxonomy":"post_tag","embeddable":true,"href":"https:\/\/cafeprensa.com.ar\/index.php\/wp-json\/wp\/v2\/tags?post=8099"}],"curies":[{"name":"wp","href":"https:\/\/api.w.org\/{rel}","templated":true}]}}