{"id":8140,"date":"2025-05-12T14:25:25","date_gmt":"2025-05-12T12:25:25","guid":{"rendered":"https:\/\/cafeprensa.com.ar\/?p=8140"},"modified":"2025-05-12T14:25:54","modified_gmt":"2025-05-12T12:25:54","slug":"quienes-fueron-los-ganadores-y-perdedores-de-las-elecciones-en-salta-jujuy-chaco-y-san-luis","status":"publish","type":"post","link":"https:\/\/cafeprensa.com.ar\/index.php\/2025\/05\/12\/quienes-fueron-los-ganadores-y-perdedores-de-las-elecciones-en-salta-jujuy-chaco-y-san-luis\/","title":{"rendered":"Qui\u00e9nes fueron los ganadores y perdedores de las elecciones en Salta, Jujuy, Chaco y San Luis"},"content":{"rendered":"<div class=\"content-article-title\">\n<div class=\"wrapper-layout center-content center_story max-width\">\n<div class=\"col-content\">\n<p class=\"article__title font__display\"><span style=\"font-size: 12pt;\">Los comicios en Salta, Jujuy, San Luis y Chaco tuvieron como denominador com\u00fan la escasa participaci\u00f3n del electorado. El mile\u00edsmo gan\u00f3 terreno y el peronismo sufri\u00f3 duras derrotas. Los desaf\u00edos que afrontar\u00e1n Macri y Cristina Kirchner. <\/span><b>Mauricio Macri<\/b>\u00a0y\u00a0<b>Cristina Kirchner<\/b> est\u00e1n obligados a renovar sus liderazgos. Los resultados de las cuatro elecciones provinciales realizadas ayer dejaron en evidencia que sus espacios podr\u00edan quedar reducidos a meras expresiones locales.<\/p>\n<p class=\"article__title font__display\">Los cuatro gobernadores revalidaron sus liderazgos provinciales y, adem\u00e1s, <b>ganaron suficientes bancas para mantener el peso sobre sus legislaturas<\/b>. En\u00a0<b>comicios que no despertaron gran inter\u00e9s<\/b>, con una participaci\u00f3n que nunca super\u00f3 el 65 por ciento, La Libertad Avanza creci\u00f3:\u00a0<a title=\"https:\/\/tn.com.ar\/politica\/2025\/05\/11\/cerro-la-votacion-en-chaco-el-primer-gran-test-electoral-de-la-alianza-de-lla-con-un-gobernador\/\" href=\"https:\/\/tn.com.ar\/politica\/2025\/05\/11\/cerro-la-votacion-en-chaco-el-primer-gran-test-electoral-de-la-alianza-de-lla-con-un-gobernador\/\" target=\"_self\" rel=\"\">se colg\u00f3 al \u00e9xito del gobernador de Chaco<\/a>,\u00a0<a title=\"https:\/\/tn.com.ar\/politica\/2025\/05\/11\/elecciones-en-salta-saenz-apuesta-a-imponerse-sobre-la-lista-de-la-libertad-avanza\/\" href=\"https:\/\/tn.com.ar\/politica\/2025\/05\/11\/elecciones-en-salta-saenz-apuesta-a-imponerse-sobre-la-lista-de-la-libertad-avanza\/\" target=\"_self\" rel=\"\">obtuvo un inesperado impacto electoral en la capital de Salta<\/a>\u00a0y\u00a0<a title=\"https:\/\/tn.com.ar\/politica\/2025\/05\/11\/jujuy-tras-el-cierre-de-la-votacion-hay-expectativa-por-los-resultados\/\" href=\"https:\/\/tn.com.ar\/politica\/2025\/05\/11\/jujuy-tras-el-cierre-de-la-votacion-hay-expectativa-por-los-resultados\/\" target=\"_self\" rel=\"\">un destacable segundo lugar en Jujuy<\/a>. Ese partido, ahora, pasa a ser la principal fuerza opositora en las provincias.<\/p>\n<\/div>\n<\/div>\n<\/div>\n<div class=\"common-layout wrapper-layout center-content center_story max-width story article\">\n<div class=\"col-content\">\n<div class=\"default-article-color article__body article__article\">\n<p class=\"paragraph font__body-regular\">Lo que tambi\u00e9n qued\u00f3 en claro es que\u00a0<b>el kirchnerismo y el PRO perdieron terreno nacional y podr\u00edan quedar minimizados a dos expresiones meramente locales. <\/b>Cristina Kirchner hab\u00eda dispuesto la intervenci\u00f3n de los justicialismos de Salta y Jujuy, pero no pudo articular una oferta \u00fanica, que se present\u00f3 fracturada.\u00a0<b>Las listas de Alberto Rodr\u00edguez Sa\u00e1 y Jorge Capitanich quedaron muy lejos de la punta<\/b>, 18 y 13 puntos respectivamente.<\/p>\n<p class=\"paragraph font__body-regular\">Cristina Kirchner, hoy, es una referente de un kirchnerismo reducido a una expresi\u00f3n provincial, discutida por Axel Kicillof y buena parte de los intendentes. Es una l\u00edder reducida al \u00e1mbito provincial obligada a reconquistar su electorado. Habr\u00e1 que ver en qu\u00e9 medida puede aprovechar un eventual buen resultado de Leandro Santoro en las elecciones del pr\u00f3ximo domingo.<\/p>\n<p class=\"paragraph font__body-regular\">Por el lado de Macri, estos mismos comicios son un trance muy complejo. El PRO qued\u00f3 desdibujado en los resultados de ayer, donde no obtuvo \u00e9xitos destacados. Y el distrito que gobierna, CABA, est\u00e1 tironeado por el gobierno nacional y por el filokirchneirsmo de Santoro. Una encuesta que maneja el macrismo, realizada entre 1900 personas,\u00a0<a title=\"https:\/\/tn.com.ar\/politica\/2025\/05\/10\/las-traiciones-que-tumbaron-ficha-limpia-incertidumbre-por-las-encuestas-y-la-neo-dolarizacion-del-gobierno\/\" href=\"https:\/\/tn.com.ar\/politica\/2025\/05\/10\/las-traiciones-que-tumbaron-ficha-limpia-incertidumbre-por-las-encuestas-y-la-neo-dolarizacion-del-gobierno\/\" target=\"_self\" rel=\"\">muestra que el 67 por ciento deseaba que se aprobara Ficha Limpia<\/a>. Ese esc\u00e1ndalo le dio visibilidad a Lospennato, la autora del proyecto que lo impuls\u00f3 durante 10 a\u00f1os y que dijo sentirse enga\u00f1ada por Milei. Tiene una semana para convertir su indignaci\u00f3n en votos.<\/p>\n<p><span style=\"font-size: 8pt;\"><strong>FUENTE: https:\/\/tn.com.ar\/politica\/2025\/05\/12\/quienes-fueron-los-ganadores-y-perdedores-de-las-elecciones-en-salta-jujuy-chaco-y-san-luis\/<\/strong><\/span><\/p>\n<\/div>\n<p>&nbsp;<\/p>\n<\/div>\n<\/div>\n","protected":false},"excerpt":{"rendered":"<p>Los comicios en Salta, Jujuy, San Luis y Chaco tuvieron como denominador com\u00fan la escasa participaci\u00f3n del electorado. El mile\u00edsmo gan\u00f3 terreno y el peronismo sufri\u00f3 duras derrotas. Los desaf\u00edos que afrontar\u00e1n Macri y Cristina Kirchner. Mauricio Macri\u00a0y\u00a0Cristina Kirchner est\u00e1n obligados a renovar sus liderazgos. Los resultados de las cuatro elecciones provinciales realizadas ayer dejaron &hellip;<\/p>\n","protected":false},"author":2,"featured_media":8141,"comment_status":"open","ping_status":"open","sticky":false,"template":"","format":"standard","meta":{"footnotes":""},"categories":[33,25],"tags":[1934,117,1936,96,1935],"class_list":["post-8140","post","type-post","status-publish","format-standard","has-post-thumbnail","hentry","category-nacionales","category-politica","tag-alberto-rodriguez-saa-y-jorge-capitanich","tag-jujuy","tag-mauricio-macri-y-cristina-kirchner","tag-salta","tag-san-luis-y-chaco"],"_links":{"self":[{"href":"https:\/\/cafeprensa.com.ar\/index.php\/wp-json\/wp\/v2\/posts\/8140","targetHints":{"allow":["GET"]}}],"collection":[{"href":"https:\/\/cafeprensa.com.ar\/index.php\/wp-json\/wp\/v2\/posts"}],"about":[{"href":"https:\/\/cafeprensa.com.ar\/index.php\/wp-json\/wp\/v2\/types\/post"}],"author":[{"embeddable":true,"href":"https:\/\/cafeprensa.com.ar\/index.php\/wp-json\/wp\/v2\/users\/2"}],"replies":[{"embeddable":true,"href":"https:\/\/cafeprensa.com.ar\/index.php\/wp-json\/wp\/v2\/comments?post=8140"}],"version-history":[{"count":2,"href":"https:\/\/cafeprensa.com.ar\/index.php\/wp-json\/wp\/v2\/posts\/8140\/revisions"}],"predecessor-version":[{"id":8143,"href":"https:\/\/cafeprensa.com.ar\/index.php\/wp-json\/wp\/v2\/posts\/8140\/revisions\/8143"}],"wp:featuredmedia":[{"embeddable":true,"href":"https:\/\/cafeprensa.com.ar\/index.php\/wp-json\/wp\/v2\/media\/8141"}],"wp:attachment":[{"href":"https:\/\/cafeprensa.com.ar\/index.php\/wp-json\/wp\/v2\/media?parent=8140"}],"wp:term":[{"taxonomy":"category","embeddable":true,"href":"https:\/\/cafeprensa.com.ar\/index.php\/wp-json\/wp\/v2\/categories?post=8140"},{"taxonomy":"post_tag","embeddable":true,"href":"https:\/\/cafeprensa.com.ar\/index.php\/wp-json\/wp\/v2\/tags?post=8140"}],"curies":[{"name":"wp","href":"https:\/\/api.w.org\/{rel}","templated":true}]}}