{"id":8165,"date":"2025-05-13T13:10:33","date_gmt":"2025-05-13T11:10:33","guid":{"rendered":"https:\/\/cafeprensa.com.ar\/?p=8165"},"modified":"2025-05-13T13:19:14","modified_gmt":"2025-05-13T11:19:14","slug":"mas-de-1-300-ninos-tucumanos-disfrutaron-gratis-del-circo-rodas","status":"publish","type":"post","link":"https:\/\/cafeprensa.com.ar\/index.php\/2025\/05\/13\/mas-de-1-300-ninos-tucumanos-disfrutaron-gratis-del-circo-rodas\/","title":{"rendered":"M\u00e1s de 1.300 ni\u00f1os tucumanos disfrutaron gratis del Circo Rodas"},"content":{"rendered":"<div class=\"post-content titinterna\">\n<div class=\"catagory cat-actualidad interna \">La Legislatura reconoci\u00f3 el compromiso con la inclusi\u00f3n social de la familia circense.<strong> \u00abSi tuvi\u00e9ramos que hacer cuatro o cinco funciones m\u00e1s, lo har\u00edamos con gusto\u00bb, afirm\u00f3 el Payaso Gatito.<\/strong><\/div>\n<div><img loading=\"lazy\" decoding=\"async\" class=\"alignnone wp-image-8175 size-large\" src=\"https:\/\/cafeprensa.com.ar\/wp-content\/uploads\/2025\/05\/GqZCeSRXIAEvyqZ-1024x683.jpeg\" alt=\"\" width=\"1024\" height=\"683\" srcset=\"https:\/\/cafeprensa.com.ar\/wp-content\/uploads\/2025\/05\/GqZCeSRXIAEvyqZ-1024x683.jpeg 1024w, https:\/\/cafeprensa.com.ar\/wp-content\/uploads\/2025\/05\/GqZCeSRXIAEvyqZ-300x200.jpeg 300w, https:\/\/cafeprensa.com.ar\/wp-content\/uploads\/2025\/05\/GqZCeSRXIAEvyqZ-768x512.jpeg 768w, https:\/\/cafeprensa.com.ar\/wp-content\/uploads\/2025\/05\/GqZCeSRXIAEvyqZ-1536x1025.jpeg 1536w, https:\/\/cafeprensa.com.ar\/wp-content\/uploads\/2025\/05\/GqZCeSRXIAEvyqZ.jpeg 2048w\" sizes=\"auto, (max-width: 1024px) 100vw, 1024px\" \/><\/div>\n<\/div>\n<div class=\"post-content contgral\">\n<div class=\"entry-content continterna\">\n<p>Este lunes, el vicegobernador de Tucum\u00e1n,\u00a0<strong>Miguel Acevedo<\/strong>, encabez\u00f3 un encuentro con\u00a0<strong>Marcelo D\u00edaz<\/strong>, director del\u00a0<strong>Circo Rodas<\/strong>, y parte del staff del espect\u00e1culo. El c\u00f3nclave tuvo por objetivo realizar un reconocimiento institucional a la familia circense por su colaboraci\u00f3n con la Legislatura en el desarrollo de funciones culturales para ni\u00f1as y ni\u00f1os de toda la provincia. \u201c<strong><em>Lo hacemos con amor<\/em><\/strong>\u201d, dicen desde el circo.<\/p>\n<p><img loading=\"lazy\" decoding=\"async\" class=\"alignnone wp-image-8167 size-large\" src=\"https:\/\/cafeprensa.com.ar\/wp-content\/uploads\/2025\/05\/legislatura-circo_rodas_large-1024x576.jpeg\" alt=\"\" width=\"1024\" height=\"576\" srcset=\"https:\/\/cafeprensa.com.ar\/wp-content\/uploads\/2025\/05\/legislatura-circo_rodas_large-1024x576.jpeg 1024w, https:\/\/cafeprensa.com.ar\/wp-content\/uploads\/2025\/05\/legislatura-circo_rodas_large-300x169.jpeg 300w, https:\/\/cafeprensa.com.ar\/wp-content\/uploads\/2025\/05\/legislatura-circo_rodas_large-768x432.jpeg 768w, https:\/\/cafeprensa.com.ar\/wp-content\/uploads\/2025\/05\/legislatura-circo_rodas_large-390x220.jpeg 390w, https:\/\/cafeprensa.com.ar\/wp-content\/uploads\/2025\/05\/legislatura-circo_rodas_large.jpeg 1280w\" sizes=\"auto, (max-width: 1024px) 100vw, 1024px\" \/><\/p>\n<p>Desde la Legislatura de Tucum\u00e1n resaltaron que\u00a0<strong>m\u00e1s de 1.300 ni\u00f1as y ni\u00f1os del interior y la capital\u00a0<\/strong>\u2014provenientes de escuelas, talleres comunitarios y espacios de contenci\u00f3n\u2014 ya disfrutaron de funciones gratuitas, en una propuesta que busca garantizar el acceso igualitario a la cultura.<\/p>\n<p><strong>\u201c<em>Esto me llena el coraz\u00f3n. Gracias a la solidaridad de los empresarios del circo pudimos concretar un programa que permiti\u00f3 acercar a muchos chicos al arte. El circo no es solo entretenimiento, es cultura, es trabajo en equipo, es valor social<\/em>\u201d,<\/strong> destac\u00f3 Acevedo.<\/p>\n<p><img loading=\"lazy\" decoding=\"async\" class=\"alignnone wp-image-8172 size-full\" src=\"https:\/\/cafeprensa.com.ar\/wp-content\/uploads\/2025\/05\/SDFSDFS.jpeg\" alt=\"\" width=\"275\" height=\"183\" \/><\/p>\n<p>Del encuentro participaron el secretario de la C\u00e1mara,\u00a0<strong>Claudio P\u00e9rez<\/strong>; los legisladores\u00a0<strong>Hugo Ledesma<\/strong>,\u00a0<strong>Nancy Bulacio<\/strong>,\u00a0<strong>Walter Berarducci<\/strong>\u00a0y Agust\u00edn\u00a0<strong>Romano Norri<\/strong>; y el director del Teatro Mercedes Sosa,\u00a0<strong>Ra\u00fal Armisen<\/strong>.<\/p>\n<p>Marcelo D\u00edaz expres\u00f3: <strong>\u201c<em>Ha superado todo tipo de expectativas. \u00cdbamos a estar dos semanas y ya vamos por la cuarta, con una semana m\u00e1s por delante. La demanda fue enorme. Este trabajo se hizo con mucha seriedad: se lleg\u00f3 a quienes realmente lo necesitaban y eso se not\u00f3 en la calidad humana del p\u00fablico que asisti\u00f3<\/em>\u201d<\/strong>.<\/p>\n<p><img loading=\"lazy\" decoding=\"async\" class=\"alignnone wp-image-8168 size-full\" src=\"https:\/\/cafeprensa.com.ar\/wp-content\/uploads\/2025\/05\/RTYRTYRYTRYTRYTRYRYTR.jpeg\" alt=\"\" width=\"275\" height=\"183\" \/><\/p>\n<p>Asimismo, D\u00edaz remarc\u00f3 la vocaci\u00f3n social del circo: <strong>\u201c<em>Tenemos 43 a\u00f1os de trayectoria y siempre mantuvimos el legado de combinar lo comercial con lo social. Los chicos que vinieron no son nuestro p\u00fablico habitual, no podr\u00edan acceder al espect\u00e1culo de otra forma. Es gratificante saber que estamos aportando desde nuestro lugar a una sociedad m\u00e1s equitativa<\/em>\u201d.<\/strong><\/p>\n<p><strong>\u201c<em>El circo es el \u00fanico espacio que no est\u00e1 dividido por clases sociales. Ac\u00e1 se sienta igual una familia que lleg\u00f3 en colectivo y alguien que vino en auto de alta gama. Eso no se ve en ning\u00fan otro lado<\/em>\u201d<\/strong>, enfatiz\u00f3.<\/p>\n<p>Finalmente, Acevedo reafirm\u00f3 el compromiso legislativo con la cultura: \u201c<em>As\u00ed como acompa\u00f1amos al Circo Rodas, podr\u00edamos extender esta experiencia a artistas tucumanos. Existen obras y propuestas de gran calidad que merecen ser vistas. La cultura, el deporte y el arte son pilares que esta Legislatura seguir\u00e1 respaldando activamente<\/em>\u201d.<\/p>\n<p>Uno de los artistas principales del espect\u00e1culo, conocido como el\u00a0<strong>Payaso Gatito<\/strong>, tambi\u00e9n destac\u00f3 la respuesta del p\u00fablico tucumano y la emoci\u00f3n que genera el contacto con las infancias: \u201c<strong><em>Tucum\u00e1n es una provincia muy \u2018cirquera\u2019. El p\u00fablico responde de forma masiva, y especialmente los ni\u00f1os, que disfrutan del show, nos piden fotos, nos abrazan y agradecen con la mirada. Eso nos llena el alma. Estas funciones especiales para chicos con pocos recursos tienen un valor enorme, lo hacemos con amor, sin inter\u00e9s mezquino. Si tuvi\u00e9ramos que hacer cuatro o cinco funciones m\u00e1s, lo har\u00edamos con gusto<\/em><\/strong>\u201d.<\/p>\n<p>Ni\u00f1os y ni\u00f1as de Tucum\u00e1n en el Circo Rodas:<\/p>\n<div class=\"twitter-tweet twitter-tweet-rendered\"><iframe id=\"twitter-widget-0\" class=\"\" title=\"X Post\" src=\"https:\/\/platform.twitter.com\/embed\/Tweet.html?creatorScreenName=eltucumano&amp;dnt=false&amp;embedId=twitter-widget-0&amp;features=eyJ0ZndfdGltZWxpbmVfbGlzdCI6eyJidWNrZXQiOltdLCJ2ZXJzaW9uIjpudWxsfSwidGZ3X2ZvbGxvd2VyX2NvdW50X3N1bnNldCI6eyJidWNrZXQiOnRydWUsInZlcnNpb24iOm51bGx9LCJ0ZndfdHdlZXRfZWRpdF9iYWNrZW5kIjp7ImJ1Y2tldCI6Im9uIiwidmVyc2lvbiI6bnVsbH0sInRmd19yZWZzcmNfc2Vzc2lvbiI6eyJidWNrZXQiOiJvbiIsInZlcnNpb24iOm51bGx9LCJ0ZndfZm9zbnJfc29mdF9pbnRlcnZlbnRpb25zX2VuYWJsZWQiOnsiYnVja2V0Ijoib24iLCJ2ZXJzaW9uIjpudWxsfSwidGZ3X21peGVkX21lZGlhXzE1ODk3Ijp7ImJ1Y2tldCI6InRyZWF0bWVudCIsInZlcnNpb24iOm51bGx9LCJ0ZndfZXhwZXJpbWVudHNfY29va2llX2V4cGlyYXRpb24iOnsiYnVja2V0IjoxMjA5NjAwLCJ2ZXJzaW9uIjpudWxsfSwidGZ3X3Nob3dfYmlyZHdhdGNoX3Bpdm90c19lbmFibGVkIjp7ImJ1Y2tldCI6Im9uIiwidmVyc2lvbiI6bnVsbH0sInRmd19kdXBsaWNhdGVfc2NyaWJlc190b19zZXR0aW5ncyI6eyJidWNrZXQiOiJvbiIsInZlcnNpb24iOm51bGx9LCJ0ZndfdXNlX3Byb2ZpbGVfaW1hZ2Vfc2hhcGVfZW5hYmxlZCI6eyJidWNrZXQiOiJvbiIsInZlcnNpb24iOm51bGx9LCJ0ZndfdmlkZW9faGxzX2R5bmFtaWNfbWFuaWZlc3RzXzE1MDgyIjp7ImJ1Y2tldCI6InRydWVfYml0cmF0ZSIsInZlcnNpb24iOm51bGx9LCJ0ZndfbGVnYWN5X3RpbWVsaW5lX3N1bnNldCI6eyJidWNrZXQiOnRydWUsInZlcnNpb24iOm51bGx9LCJ0ZndfdHdlZXRfZWRpdF9mcm9udGVuZCI6eyJidWNrZXQiOiJvbiIsInZlcnNpb24iOm51bGx9fQ%3D%3D&amp;frame=false&amp;hideCard=false&amp;hideThread=false&amp;id=1920956381349183717&amp;lang=es&amp;origin=https%3A%2F%2Fwww.eltucumano.com%2Fnoticia%2Factualidad%2F308930%2Flo-hacemos-con-amor-mas-de-1300-ninos-tucumanos-disfrutaron-gratis-del-circo-rodas&amp;sessionId=59be1f1a94c527286e07941b98c27b37ded9fc86&amp;siteScreenName=eltucumano&amp;siteUserId=791380268338806784&amp;theme=light&amp;widgetsVersion=2615f7e52b7e0%3A1702314776716&amp;width=550px\" frameborder=\"0\" scrolling=\"no\" allowfullscreen=\"allowfullscreen\" data-tweet-id=\"1920956381349183717\" data-mce-fragment=\"1\"><\/iframe><\/div>\n<div class=\"twitter-tweet twitter-tweet-rendered\"><iframe id=\"twitter-widget-1\" class=\"\" title=\"X Post\" src=\"https:\/\/platform.twitter.com\/embed\/Tweet.html?creatorScreenName=eltucumano&amp;dnt=false&amp;embedId=twitter-widget-1&amp;features=eyJ0ZndfdGltZWxpbmVfbGlzdCI6eyJidWNrZXQiOltdLCJ2ZXJzaW9uIjpudWxsfSwidGZ3X2ZvbGxvd2VyX2NvdW50X3N1bnNldCI6eyJidWNrZXQiOnRydWUsInZlcnNpb24iOm51bGx9LCJ0ZndfdHdlZXRfZWRpdF9iYWNrZW5kIjp7ImJ1Y2tldCI6Im9uIiwidmVyc2lvbiI6bnVsbH0sInRmd19yZWZzcmNfc2Vzc2lvbiI6eyJidWNrZXQiOiJvbiIsInZlcnNpb24iOm51bGx9LCJ0ZndfZm9zbnJfc29mdF9pbnRlcnZlbnRpb25zX2VuYWJsZWQiOnsiYnVja2V0Ijoib24iLCJ2ZXJzaW9uIjpudWxsfSwidGZ3X21peGVkX21lZGlhXzE1ODk3Ijp7ImJ1Y2tldCI6InRyZWF0bWVudCIsInZlcnNpb24iOm51bGx9LCJ0ZndfZXhwZXJpbWVudHNfY29va2llX2V4cGlyYXRpb24iOnsiYnVja2V0IjoxMjA5NjAwLCJ2ZXJzaW9uIjpudWxsfSwidGZ3X3Nob3dfYmlyZHdhdGNoX3Bpdm90c19lbmFibGVkIjp7ImJ1Y2tldCI6Im9uIiwidmVyc2lvbiI6bnVsbH0sInRmd19kdXBsaWNhdGVfc2NyaWJlc190b19zZXR0aW5ncyI6eyJidWNrZXQiOiJvbiIsInZlcnNpb24iOm51bGx9LCJ0ZndfdXNlX3Byb2ZpbGVfaW1hZ2Vfc2hhcGVfZW5hYmxlZCI6eyJidWNrZXQiOiJvbiIsInZlcnNpb24iOm51bGx9LCJ0ZndfdmlkZW9faGxzX2R5bmFtaWNfbWFuaWZlc3RzXzE1MDgyIjp7ImJ1Y2tldCI6InRydWVfYml0cmF0ZSIsInZlcnNpb24iOm51bGx9LCJ0ZndfbGVnYWN5X3RpbWVsaW5lX3N1bnNldCI6eyJidWNrZXQiOnRydWUsInZlcnNpb24iOm51bGx9LCJ0ZndfdHdlZXRfZWRpdF9mcm9udGVuZCI6eyJidWNrZXQiOiJvbiIsInZlcnNpb24iOm51bGx9fQ%3D%3D&amp;frame=false&amp;hideCard=false&amp;hideThread=false&amp;id=1920844279934509121&amp;lang=es&amp;origin=https%3A%2F%2Fwww.eltucumano.com%2Fnoticia%2Factualidad%2F308930%2Flo-hacemos-con-amor-mas-de-1300-ninos-tucumanos-disfrutaron-gratis-del-circo-rodas&amp;sessionId=59be1f1a94c527286e07941b98c27b37ded9fc86&amp;siteScreenName=eltucumano&amp;siteUserId=791380268338806784&amp;theme=light&amp;widgetsVersion=2615f7e52b7e0%3A1702314776716&amp;width=550px\" frameborder=\"0\" scrolling=\"no\" allowfullscreen=\"allowfullscreen\" data-tweet-id=\"1920844279934509121\" data-mce-fragment=\"1\"><\/iframe><\/div>\n<div class=\"twitter-tweet twitter-tweet-rendered\"><iframe id=\"twitter-widget-2\" class=\"\" title=\"X Post\" src=\"https:\/\/platform.twitter.com\/embed\/Tweet.html?creatorScreenName=eltucumano&amp;dnt=false&amp;embedId=twitter-widget-2&amp;features=eyJ0ZndfdGltZWxpbmVfbGlzdCI6eyJidWNrZXQiOltdLCJ2ZXJzaW9uIjpudWxsfSwidGZ3X2ZvbGxvd2VyX2NvdW50X3N1bnNldCI6eyJidWNrZXQiOnRydWUsInZlcnNpb24iOm51bGx9LCJ0ZndfdHdlZXRfZWRpdF9iYWNrZW5kIjp7ImJ1Y2tldCI6Im9uIiwidmVyc2lvbiI6bnVsbH0sInRmd19yZWZzcmNfc2Vzc2lvbiI6eyJidWNrZXQiOiJvbiIsInZlcnNpb24iOm51bGx9LCJ0ZndfZm9zbnJfc29mdF9pbnRlcnZlbnRpb25zX2VuYWJsZWQiOnsiYnVja2V0Ijoib24iLCJ2ZXJzaW9uIjpudWxsfSwidGZ3X21peGVkX21lZGlhXzE1ODk3Ijp7ImJ1Y2tldCI6InRyZWF0bWVudCIsInZlcnNpb24iOm51bGx9LCJ0ZndfZXhwZXJpbWVudHNfY29va2llX2V4cGlyYXRpb24iOnsiYnVja2V0IjoxMjA5NjAwLCJ2ZXJzaW9uIjpudWxsfSwidGZ3X3Nob3dfYmlyZHdhdGNoX3Bpdm90c19lbmFibGVkIjp7ImJ1Y2tldCI6Im9uIiwidmVyc2lvbiI6bnVsbH0sInRmd19kdXBsaWNhdGVfc2NyaWJlc190b19zZXR0aW5ncyI6eyJidWNrZXQiOiJvbiIsInZlcnNpb24iOm51bGx9LCJ0ZndfdXNlX3Byb2ZpbGVfaW1hZ2Vfc2hhcGVfZW5hYmxlZCI6eyJidWNrZXQiOiJvbiIsInZlcnNpb24iOm51bGx9LCJ0ZndfdmlkZW9faGxzX2R5bmFtaWNfbWFuaWZlc3RzXzE1MDgyIjp7ImJ1Y2tldCI6InRydWVfYml0cmF0ZSIsInZlcnNpb24iOm51bGx9LCJ0ZndfbGVnYWN5X3RpbWVsaW5lX3N1bnNldCI6eyJidWNrZXQiOnRydWUsInZlcnNpb24iOm51bGx9LCJ0ZndfdHdlZXRfZWRpdF9mcm9udGVuZCI6eyJidWNrZXQiOiJvbiIsInZlcnNpb24iOm51bGx9fQ%3D%3D&amp;frame=false&amp;hideCard=false&amp;hideThread=false&amp;id=1920295394308673877&amp;lang=es&amp;origin=https%3A%2F%2Fwww.eltucumano.com%2Fnoticia%2Factualidad%2F308930%2Flo-hacemos-con-amor-mas-de-1300-ninos-tucumanos-disfrutaron-gratis-del-circo-rodas&amp;sessionId=59be1f1a94c527286e07941b98c27b37ded9fc86&amp;siteScreenName=eltucumano&amp;siteUserId=791380268338806784&amp;theme=light&amp;widgetsVersion=2615f7e52b7e0%3A1702314776716&amp;width=550px\" frameborder=\"0\" scrolling=\"no\" allowfullscreen=\"allowfullscreen\" data-tweet-id=\"1920295394308673877\" data-mce-fragment=\"1\"><\/iframe><\/div>\n<p>&nbsp;<\/p>\n<\/div>\n<\/div>\n","protected":false},"excerpt":{"rendered":"<p>La Legislatura reconoci\u00f3 el compromiso con la inclusi\u00f3n social de la familia circense. \u00abSi tuvi\u00e9ramos que hacer cuatro o cinco funciones m\u00e1s, lo har\u00edamos con gusto\u00bb, afirm\u00f3 el Payaso Gatito. Este lunes, el vicegobernador de Tucum\u00e1n,\u00a0Miguel Acevedo, encabez\u00f3 un encuentro con\u00a0Marcelo D\u00edaz, director del\u00a0Circo Rodas, y parte del staff del espect\u00e1culo. El c\u00f3nclave tuvo por &hellip;<\/p>\n","protected":false},"author":2,"featured_media":8170,"comment_status":"open","ping_status":"open","sticky":false,"template":"","format":"standard","meta":{"footnotes":""},"categories":[1611,34],"tags":[1581,272,1839,1940],"class_list":["post-8165","post","type-post","status-publish","format-standard","has-post-thumbnail","hentry","category-legislatura-de-tucuman","category-locales","tag-acevedo","tag-hugo-ledesma","tag-nancy-bulacio","tag-walter-berarducci-y-agustin-romano-norri"],"_links":{"self":[{"href":"https:\/\/cafeprensa.com.ar\/index.php\/wp-json\/wp\/v2\/posts\/8165","targetHints":{"allow":["GET"]}}],"collection":[{"href":"https:\/\/cafeprensa.com.ar\/index.php\/wp-json\/wp\/v2\/posts"}],"about":[{"href":"https:\/\/cafeprensa.com.ar\/index.php\/wp-json\/wp\/v2\/types\/post"}],"author":[{"embeddable":true,"href":"https:\/\/cafeprensa.com.ar\/index.php\/wp-json\/wp\/v2\/users\/2"}],"replies":[{"embeddable":true,"href":"https:\/\/cafeprensa.com.ar\/index.php\/wp-json\/wp\/v2\/comments?post=8165"}],"version-history":[{"count":4,"href":"https:\/\/cafeprensa.com.ar\/index.php\/wp-json\/wp\/v2\/posts\/8165\/revisions"}],"predecessor-version":[{"id":8176,"href":"https:\/\/cafeprensa.com.ar\/index.php\/wp-json\/wp\/v2\/posts\/8165\/revisions\/8176"}],"wp:featuredmedia":[{"embeddable":true,"href":"https:\/\/cafeprensa.com.ar\/index.php\/wp-json\/wp\/v2\/media\/8170"}],"wp:attachment":[{"href":"https:\/\/cafeprensa.com.ar\/index.php\/wp-json\/wp\/v2\/media?parent=8165"}],"wp:term":[{"taxonomy":"category","embeddable":true,"href":"https:\/\/cafeprensa.com.ar\/index.php\/wp-json\/wp\/v2\/categories?post=8165"},{"taxonomy":"post_tag","embeddable":true,"href":"https:\/\/cafeprensa.com.ar\/index.php\/wp-json\/wp\/v2\/tags?post=8165"}],"curies":[{"name":"wp","href":"https:\/\/api.w.org\/{rel}","templated":true}]}}