{"id":8190,"date":"2025-05-13T14:49:11","date_gmt":"2025-05-13T12:49:11","guid":{"rendered":"https:\/\/cafeprensa.com.ar\/?p=8190"},"modified":"2025-05-13T14:51:55","modified_gmt":"2025-05-13T12:51:55","slug":"a-5-dias-de-las-elecciones-en-caba-la-mayoria-quiere-usar-su-voto-para-ponerle-un-freno-a-milei-y-jorge-macri","status":"publish","type":"post","link":"https:\/\/cafeprensa.com.ar\/index.php\/2025\/05\/13\/a-5-dias-de-las-elecciones-en-caba-la-mayoria-quiere-usar-su-voto-para-ponerle-un-freno-a-milei-y-jorge-macri\/","title":{"rendered":"A 5 d\u00edas de las elecciones en CABA, la mayor\u00eda quiere usar su voto para ponerle un freno a Milei y Jorge Macri"},"content":{"rendered":"<div class=\"article__header max-width-md\">\n<p class=\"article__title\">Encuesta:\u00a0 Leandro Santoro lidera como candidato por el peronismo porte\u00f1o. Silvia Lospennato, del PRO, y Manuel Adorni, de La Libertad Avanza, pelean por el segundo puesto.<\/p>\n<\/div>\n<div class=\"col-fluid col-fluid-max col-fluid--clip\">\n<div class=\"article__main max-width-md\">\n<div class=\"article__wrapper\">\n<div id=\"article-content\" class=\"article__content standard\">\n<p>La consultora Proyecci\u00f3n revel\u00f3 este martes\u00a0<a href=\"https:\/\/www.perfil.com\/noticias\/politica\/encuesta-en-caba-leandro-santoro-sigue-primero-y-lospennato-supera-a-adorni-en-el-final-de-la-campana.phtml\" target=\"_blank\" rel=\"noopener\">una encuesta<\/a>\u00a0de opini\u00f3n p\u00fablica\u00a0<strong>a tan s\u00f3lo seis d\u00edas de\u00a0<a href=\"https:\/\/www.perfil.com\/noticias\/politica\/quienes-son-los-candidatos-que-encabezan-las-listas-para-las-elecciones-portenas.phtml\" target=\"_blank\" rel=\"noopener\">las elecciones legislativas porte\u00f1as<\/a><\/strong>. Frente a la consulta de qu\u00e9 opci\u00f3n ser\u00eda m\u00e1s importante en los comicios porte\u00f1os,\u00a0<strong>el 52,5% de los encuestados respondi\u00f3 que es m\u00e1s importante \u00abvotar a un candidato opositor al gobierno de Milei para ponerle l\u00edmites\u00bb.<\/strong><\/p>\n<p>Mientras tanto, un 47,5% opt\u00f3 por la opci\u00f3n contraria, \u00abvotar\u00a0<strong>a un candidato que apoye a Milei para que pueda avanzar con sus reformas<\/strong>\u00ab. Un dato que no parece desde\u00f1able para\u00a0<strong>Manuel Adorni<\/strong>, al ser el postulante oficial de LLA, promovido activamente por el Presidente. El relevamiento, realizado del 30 de abril al 5 de mayo, con 1143 encuestados y un margen de error de +\/- 2,90%,\u00a0<strong>posee un nivel de confianza del 95%.<\/strong><\/p>\n<div class=\"subscription\">\n<div class=\"subscription__footer\">\n<div class=\"subscription__logo\"><img decoding=\"async\" src=\"https:\/\/fotos.perfil.com\/\/2025\/05\/13\/900\/0\/proyeccion-caba-mayo-2025-2021680.jpg?webp\" alt=\"PROYECCION - CABA - Mayo 2025\" \/><\/div>\n<\/div>\n<\/div>\n<p>En cuanto a la gesti\u00f3n del PRO en CABA,\u00a0<strong>el 55% admiti\u00f3 que es m\u00e1s importante \u00abvotar a un candidato opositor al gobierno de Jorge Macri para ponerle l\u00edmites\u00bb<\/strong>, mientras que el 44,1% eligi\u00f3 \u00abvotar un candidato que apoyer al gobierno de Jorge Macri\u00bb.<\/p>\n<picture><source srcset=\"https:\/\/fotos.perfil.com\/\/2025\/05\/13\/440\/0\/proyeccion-caba-mayo-2025-2021681.jpg?webp\" media=\"(max-width: 440px)\" \/><source srcset=\"https:\/\/fotos.perfil.com\/\/2025\/05\/13\/712\/0\/proyeccion-caba-mayo-2025-2021681.jpg?webp\" media=\"(max-width: 1019px)\" \/><img decoding=\"async\" src=\"https:\/\/fotos.perfil.com\/\/2025\/05\/13\/900\/0\/proyeccion-caba-mayo-2025-2021681.jpg?webp\" alt=\"PROYECCION - CABA - Mayo 2025\" \/><\/picture>\n<p>Siempre teniendo en cuenta las elecciones legislativas porte\u00f1as, la consultora relev\u00f3 la intenci\u00f3n de voto de cada espacio pol\u00edtico.\u00a0<strong>La Libertad Avanza (LLA) encabeza con un 27,6%<\/strong>, muy cerca de Uni\u00f3n por la Patria (UxP), que obtuvo un 25,9%.<\/p>\n<picture><source srcset=\"https:\/\/fotos.perfil.com\/\/2025\/05\/13\/440\/0\/proyeccion-caba-mayo-2025-2021682.jpg?webp\" media=\"(max-width: 440px)\" \/><source srcset=\"https:\/\/fotos.perfil.com\/\/2025\/05\/13\/712\/0\/proyeccion-caba-mayo-2025-2021682.jpg?webp\" media=\"(max-width: 1019px)\" \/><img decoding=\"async\" src=\"https:\/\/fotos.perfil.com\/\/2025\/05\/13\/900\/0\/proyeccion-caba-mayo-2025-2021682.jpg?webp\" alt=\"PROYECCION - CABA - Mayo 2025\" \/><\/picture>\n<p><strong>El PRO, en tanto, aparece en tercer lugar con un 23,5%<\/strong>, seguidos del Frente de Izquierda (4,0%) y la UCR (3,6%).<\/p>\n<p>El panorama cambia en la medici\u00f3n de los candidatos aislados.<strong>\u00a0Cuando se consulta \u00absi las elecciones fueran hoy\u00bb, a qui\u00e9n votar\u00eda, lidera Leandro Santoro, con un 24,6%<\/strong>, seguido de Manuel Adorni (22,8%).<\/p>\n<picture><source srcset=\"https:\/\/fotos.perfil.com\/\/2025\/05\/13\/440\/0\/proyeccion-caba-mayo-2025-2021683.jpg?webp\" media=\"(max-width: 440px)\" \/><source srcset=\"https:\/\/fotos.perfil.com\/\/2025\/05\/13\/712\/0\/proyeccion-caba-mayo-2025-2021683.jpg?webp\" media=\"(max-width: 1019px)\" \/><img decoding=\"async\" src=\"https:\/\/fotos.perfil.com\/\/2025\/05\/13\/900\/0\/proyeccion-caba-mayo-2025-2021683.jpg?webp\" alt=\"PROYECCION - CABA - Mayo 2025\" \/><\/picture>\n<p>En el campo del PRO,\u00a0<strong>Silvia Lospennato aparece tercera con un 19,7%<\/strong>, con una importante merma de 6,1% obtenidos por Horacio Rodr\u00edguez Larreta.<\/p>\n<p>Lejos atr\u00e1s,\u00a0<strong>y sin superar el 5% aparecen el resto de candidatos<\/strong>, encabezados por Ramiro Marra, que juega por la UCeDe (4,1%), Vanina Biasi del Frente de Izquierda (2,4%), Paula Oliveto de la Coalici\u00f3n C\u00edvica (2,3%) y Lula Levy del radicalismo (2,0%).<\/p>\n<p>Otro dato que se desprende del informe es que\u00a0<strong>el 52% de los encuestados eligi\u00f3 la opci\u00f3n \u00abcambiar\u00eda mi voto para que pierda el kirchnerismo\u00bb<\/strong>, mientras que el 48% opt\u00f3 por la no cambiar el voto.<\/p>\n<picture><source srcset=\"https:\/\/fotos.perfil.com\/\/2025\/05\/13\/440\/0\/proyeccion-caba-mayo-2025-2021684.jpg?webp\" media=\"(max-width: 440px)\" \/><source srcset=\"https:\/\/fotos.perfil.com\/\/2025\/05\/13\/712\/0\/proyeccion-caba-mayo-2025-2021684.jpg?webp\" media=\"(max-width: 1019px)\" \/><img decoding=\"async\" src=\"https:\/\/fotos.perfil.com\/\/2025\/05\/13\/900\/0\/proyeccion-caba-mayo-2025-2021684.jpg?webp\" alt=\"PROYECCION - CABA - Mayo 2025\" \/><\/picture>\n<p>M\u00e1s metido en la interna PRO-LLA,<strong>\u00a0la encuesta revel\u00f3 que el 47,8% de los encuestados eligi\u00f3 a Manuel Adorni \u00abpara que no gane el kirchnerismo\u00bb<\/strong>, mientras s\u00f3lo el 40,6% eligi\u00f3 a Lospennato, del PRO.<\/p>\n<picture><source srcset=\"https:\/\/fotos.perfil.com\/\/2025\/05\/13\/440\/0\/proyeccion-caba-mayo-2025-2021685.jpg?webp\" media=\"(max-width: 440px)\" \/><source srcset=\"https:\/\/fotos.perfil.com\/\/2025\/05\/13\/712\/0\/proyeccion-caba-mayo-2025-2021685.jpg?webp\" media=\"(max-width: 1019px)\" \/><img decoding=\"async\" src=\"https:\/\/fotos.perfil.com\/\/2025\/05\/13\/900\/0\/proyeccion-caba-mayo-2025-2021685.jpg?webp\" alt=\"PROYECCION - CABA - Mayo 2025\" \/><\/picture>\n<\/div>\n<\/div>\n<\/div>\n<\/div>\n","protected":false},"excerpt":{"rendered":"<p>Encuesta:\u00a0 Leandro Santoro lidera como candidato por el peronismo porte\u00f1o. Silvia Lospennato, del PRO, y Manuel Adorni, de La Libertad Avanza, pelean por el segundo puesto. La consultora Proyecci\u00f3n revel\u00f3 este martes\u00a0una encuesta\u00a0de opini\u00f3n p\u00fablica\u00a0a tan s\u00f3lo seis d\u00edas de\u00a0las elecciones legislativas porte\u00f1as. Frente a la consulta de qu\u00e9 opci\u00f3n ser\u00eda m\u00e1s importante en los &hellip;<\/p>\n","protected":false},"author":2,"featured_media":8191,"comment_status":"open","ping_status":"open","sticky":false,"template":"","format":"standard","meta":{"footnotes":""},"categories":[33,25],"tags":[1944,1649,1945],"class_list":["post-8190","post","type-post","status-publish","format-standard","has-post-thumbnail","hentry","category-nacionales","category-politica","tag-leandro-santoro","tag-manuel-adorni","tag-silvia-lospennato"],"_links":{"self":[{"href":"https:\/\/cafeprensa.com.ar\/index.php\/wp-json\/wp\/v2\/posts\/8190","targetHints":{"allow":["GET"]}}],"collection":[{"href":"https:\/\/cafeprensa.com.ar\/index.php\/wp-json\/wp\/v2\/posts"}],"about":[{"href":"https:\/\/cafeprensa.com.ar\/index.php\/wp-json\/wp\/v2\/types\/post"}],"author":[{"embeddable":true,"href":"https:\/\/cafeprensa.com.ar\/index.php\/wp-json\/wp\/v2\/users\/2"}],"replies":[{"embeddable":true,"href":"https:\/\/cafeprensa.com.ar\/index.php\/wp-json\/wp\/v2\/comments?post=8190"}],"version-history":[{"count":1,"href":"https:\/\/cafeprensa.com.ar\/index.php\/wp-json\/wp\/v2\/posts\/8190\/revisions"}],"predecessor-version":[{"id":8192,"href":"https:\/\/cafeprensa.com.ar\/index.php\/wp-json\/wp\/v2\/posts\/8190\/revisions\/8192"}],"wp:featuredmedia":[{"embeddable":true,"href":"https:\/\/cafeprensa.com.ar\/index.php\/wp-json\/wp\/v2\/media\/8191"}],"wp:attachment":[{"href":"https:\/\/cafeprensa.com.ar\/index.php\/wp-json\/wp\/v2\/media?parent=8190"}],"wp:term":[{"taxonomy":"category","embeddable":true,"href":"https:\/\/cafeprensa.com.ar\/index.php\/wp-json\/wp\/v2\/categories?post=8190"},{"taxonomy":"post_tag","embeddable":true,"href":"https:\/\/cafeprensa.com.ar\/index.php\/wp-json\/wp\/v2\/tags?post=8190"}],"curies":[{"name":"wp","href":"https:\/\/api.w.org\/{rel}","templated":true}]}}