{"id":8194,"date":"2025-05-13T15:36:29","date_gmt":"2025-05-13T13:36:29","guid":{"rendered":"https:\/\/cafeprensa.com.ar\/?p=8194"},"modified":"2025-05-13T15:36:29","modified_gmt":"2025-05-13T13:36:29","slug":"una-periodista-continua-su-lucha-judicial-para-preservar-a-su-hija","status":"publish","type":"post","link":"https:\/\/cafeprensa.com.ar\/index.php\/2025\/05\/13\/una-periodista-continua-su-lucha-judicial-para-preservar-a-su-hija\/","title":{"rendered":"Una periodista contin\u00faa su lucha judicial para preservar a su hija"},"content":{"rendered":"<p>Silvia Pe\u00f1a Critto, tuvo que hacer p\u00fablico su caso para intentar <strong>lograr que su ex marido Carlos Fern\u00e1ndez Velasco y sus padres, los abogados Noem\u00ed Velasco Imbaud y Carlos Alberto Fern\u00e1ndez<\/strong>, cesen con las persecuciones y amenazas que padece de manera permanente.<br \/>\nSilvia puso fin a su matrimonio debido a las golpizas a las que era sometida. De este matrimonio tuvo una hija, de la cual obtuvo el cuidado personal en abril de 2023.<strong> \u201cLa Justicia me est\u00e1 ayudando, pero ellos no cumplen con lo establecido y tengo miedo por mi vida y la de mi familia\u201d<\/strong>, asegur\u00f3.<br \/>\nLa mujer, debi\u00f3 denunciar nuevamente a su ex marido y los padres de este por hostigamientos y perturbaci\u00f3n hacia ella y los m\u00e1s cercanos desde que le otorgaron la tenencia hace m\u00e1s de 2 a\u00f1os.<strong> \u201cDesde el 19 de abril me dieron la tenencia definitiva de mi hija y desde ese momento lo \u00fanico que recibo son amenazas y hostigamiento por parte del padre de mi hija Carlos Fern\u00e1ndez Velasco y sus padres, los abogados Noem\u00ed Velasco Imbaud y Carlos Alberto Fern\u00e1ndez\u00bb,<\/strong> expuso.<br \/>\nPor otro lado, Silvia coment\u00f3 que <strong>\u201clos abuelos paternos son abogados y hostigan a mi entorno y a mi hija, no nos dejan en paz, molestan y denuncian a toda persona que est\u00e1 en mi n\u00facleo y que nos ayuda. Quieren hacer lo que es su voluntad, sin importar el da\u00f1o psicol\u00f3gico que le hacen a mi hija. Inventan falsas denuncias, a m\u00ed, a mi pareja, a la maestra del colegio, a la directora y al due\u00f1o del establecimiento donde va la ni\u00f1a. Tambi\u00e9n, a un transportista y a su ex psic\u00f3loga, con el \u00fanico fin de sacarme a mi hija\u201d.<\/strong><br \/>\nEl 6 de mayo la ni\u00f1a fue a la casa de su pap\u00e1 para cumplir el r\u00e9gimen comunicacional, ya que hace mucho tiempo que no iba.<\/p>\n<p>Sin embargo ah\u00ed se present\u00f3 una letrada Dra. Carolina Reartes, en la hogar paterno presionando con documentaci\u00f3n e insistieron a la ni\u00f1a en que deb\u00eda cambiar de abogados <strong>(el actual Abogado del Ni\u00f1o hace cumplir sus derechos y no permite el mal trato de su progenitor demandando cada vez que la ni\u00f1a la pasa mal)<\/strong> y la hostigaron, enga\u00f1ando por la que por temor a su pap\u00e1 y a sus abuelos firm\u00f3 el papel que le dio esa abogada.<br \/>\n<strong>\u00abMi hija constantemente est\u00e1 haciendo amenazada por estas personas, en varias oportunidades indic\u00f3 que quer\u00eda seguir viviendo con su mam\u00e1 y no estar con su pap\u00e1 porque no le gusta el trato que tiene con ella y sin embargo a escondidas de mala fe llevaron una abogada en donde le hicieron firmar un escrito en el que dec\u00eda que no quer\u00eda tener abogado y que desist\u00eda al proceso judicial queriendo vivir 15 d\u00edas con su pap\u00e1 y 15 d\u00edas con su mam\u00e1 lo cual es falso\u00bb<\/strong>, indic\u00f3 Pe\u00f1a Critto.<br \/>\nSeg\u00fan lo que indica la periodista esto hicieron porque la ni\u00f1a se pone firme en sus decisiones de no querer ir a la casa del pap\u00e1, no se siente c\u00f3moda ah\u00ed y cada vez quiere asistir menos al hogar paterno por lo que la llevaron una letrada al domicilio particular y aprovech\u00e1ndose de la ni\u00f1a le hicieron firmar una documentaci\u00f3n, no le explicaron lo que estaba firmando para perjudicarla a ella y a la madre.<br \/>\n<strong>\u00abNo me sorprende que haga esto porque constantemente hacen cosas para perjudicar a la ni\u00f1a no ven el da\u00f1o psicol\u00f3gico que le hacen a ella tanto es as\u00ed que a la noche cuando volvi\u00f3 me coment\u00f3 la situaci\u00f3n y entendi\u00f3 lo que hizo su pap\u00e1 y su abuela tuvo una crisis de nervios por lo cual tuve que llamar a su psic\u00f3loga y una m\u00e9dica de la familia para que me ayude a calmarla, luego se habl\u00f3 a su actual abogado (quien est\u00e1 en el proceso desde noviembre 2024) indicando que es lo que hab\u00eda pasado y pidi\u00e9ndole que \u00e9l siga siendo su abogado del ni\u00f1o\u00bb<\/strong> agreg\u00f3.<br \/>\nAsimismo Pe\u00f1a dijo que la menor fue enga\u00f1ada, ya que tiene una dificultad de aprendizaje. Por lo cual le cuesta un poco entender algunos conceptos y por miedo por temor a la familia paterna firm\u00f3 esta documentaci\u00f3n pero luego se calm\u00f3 cuando pudo hablar con su abogado y con su psic\u00f3loga para rever todo esto y se han realizado las denuncias pertinentes tanto al ministerio p\u00fablico fiscal ya que el pap\u00e1 de la ni\u00f1a trabaja en el Ministerio P\u00fablico, a la Corte Suprema de Justicia denunciando a la doctora Velasco que es mediadora judicial y se hizo la denuncia penal adem\u00e1s informando el colegio de abogados sobre esta letrada que se prendi\u00f3 al accionar de estas personas.<br \/>\n<strong>\u00abEs grav\u00edsimo lo que hicieron y se tomar\u00e1n las medidas legales que correspondan al caso. Porque hicieron todo esto para sacar a la ni\u00f1a del hogar materno en donde est\u00e1 muy bien cuidada y protegida\u00bb.<\/strong><\/p>\n<div class=\"yj6qo\"><\/div>\n","protected":false},"excerpt":{"rendered":"<p>Silvia Pe\u00f1a Critto, tuvo que hacer p\u00fablico su caso para intentar lograr que su ex marido Carlos Fern\u00e1ndez Velasco y sus padres, los abogados Noem\u00ed Velasco Imbaud y Carlos Alberto Fern\u00e1ndez, cesen con las persecuciones y amenazas que padece de manera permanente. Silvia puso fin a su matrimonio debido a las golpizas a las que &hellip;<\/p>\n","protected":false},"author":2,"featured_media":8195,"comment_status":"open","ping_status":"open","sticky":false,"template":"","format":"standard","meta":{"footnotes":""},"categories":[47,34],"tags":[1946,1918,160],"class_list":["post-8194","post","type-post","status-publish","format-standard","has-post-thumbnail","hentry","category-justicia","category-locales","tag-silvia-pena-critto","tag-tribunales","tag-tucuman"],"_links":{"self":[{"href":"https:\/\/cafeprensa.com.ar\/index.php\/wp-json\/wp\/v2\/posts\/8194","targetHints":{"allow":["GET"]}}],"collection":[{"href":"https:\/\/cafeprensa.com.ar\/index.php\/wp-json\/wp\/v2\/posts"}],"about":[{"href":"https:\/\/cafeprensa.com.ar\/index.php\/wp-json\/wp\/v2\/types\/post"}],"author":[{"embeddable":true,"href":"https:\/\/cafeprensa.com.ar\/index.php\/wp-json\/wp\/v2\/users\/2"}],"replies":[{"embeddable":true,"href":"https:\/\/cafeprensa.com.ar\/index.php\/wp-json\/wp\/v2\/comments?post=8194"}],"version-history":[{"count":1,"href":"https:\/\/cafeprensa.com.ar\/index.php\/wp-json\/wp\/v2\/posts\/8194\/revisions"}],"predecessor-version":[{"id":8196,"href":"https:\/\/cafeprensa.com.ar\/index.php\/wp-json\/wp\/v2\/posts\/8194\/revisions\/8196"}],"wp:featuredmedia":[{"embeddable":true,"href":"https:\/\/cafeprensa.com.ar\/index.php\/wp-json\/wp\/v2\/media\/8195"}],"wp:attachment":[{"href":"https:\/\/cafeprensa.com.ar\/index.php\/wp-json\/wp\/v2\/media?parent=8194"}],"wp:term":[{"taxonomy":"category","embeddable":true,"href":"https:\/\/cafeprensa.com.ar\/index.php\/wp-json\/wp\/v2\/categories?post=8194"},{"taxonomy":"post_tag","embeddable":true,"href":"https:\/\/cafeprensa.com.ar\/index.php\/wp-json\/wp\/v2\/tags?post=8194"}],"curies":[{"name":"wp","href":"https:\/\/api.w.org\/{rel}","templated":true}]}}